{"id":1031,"date":"2014-01-21T14:20:59","date_gmt":"2014-01-21T14:20:59","guid":{"rendered":"http:\/\/nfunb.org\/en\/?p=1031"},"modified":"2014-01-21T14:20:59","modified_gmt":"2014-01-21T14:20:59","slug":"nfu-proposes-new-vision-for-canadian-seed-ownership-jan-20","status":"publish","type":"post","link":"https:\/\/www.nfunb.org\/fr\/nfu-proposes-new-vision-for-canadian-seed-ownership-jan-20\/","title":{"rendered":"NFU Proposes New Vision for Canadian Seed Ownership, Jan 20"},"content":{"rendered":"<p style=\"text-align: -webkit-auto;\"><b>(Saskatoon, SK):<\/b>\u00a0 Bill C-18, the\u00a0<i>Agricultural Growth Act,\u00a0<\/i>favours further consolidation of the seed industry into a few corporate hands, which will end up costing farmers more for seeds of all types.<\/p>\n<p>\u201cThe government is selling the ag omnibus legislation as \u2018the only way\u2019 to provide the new plant varieties that farmers need to maintain their competitive advantage,\u201d says Terry Boehm, Chair of the NFU\u2019s Seed and Trade Committee. \u201cWe \u2013 and many other farmers and progressive thinkers in the world \u2013 know that there are other ways to ensure that farmers have access to new seed varieties in ways that do not compromise either our national sovereignty or our control over seeds and, therefore, over our food.\u201d<\/p>\n<p>The NFU has put forward\u00a0<i>\u201cFundamental Principles for a Farmers\u2019 Seed Act\u201d<\/i>\u00a0(attached) which recognizes the inherent rights of farmers to save, reuse, select, exchange and sell seeds, while protecting public domains related to plant seeds. The principles build on Canada\u2019s 2002 signing of the\u00a0<b><i>International Treaty on Plant Genetic Resources for Food and Agriculture,\u00a0<\/i><\/b>by which farmers would retain their \u201ccustomary\u201d use of seed.<\/p>\n<p>Boehm asserts one reason only for agribusiness\u2019s pursuit of these legislative changes, especially implementation of UPOV \u201991, a much more restrictive intellectual property rights protection regime than what is now in place. \u201cUPOV \u201991 is a way to transfer enormous amounts of money from farmers\u2019 pockets into corporate coffers,\u201d he argued.<\/p>\n<p>Boehm outlined the NFU\u2019s Farmers\u2019 Seed Act (see attached backgrounder), which assures the right to exchange and sell, as well as clean, treat and store seed. \u201cFarmers \u2013 in fact Canadians \u2013 cannot allow giant corporations to take control of our seed resources,\u201d said Boehm. \u201cThose who control seed control food, and as a sovereign nation we must ensure that control of seed and food is protected in the public interest. The NFU Farmers Seed Act will make a major contribution to that goal.\u201d<\/p>\n<p>The Act\u2019s principles address the full spectrum of activities involved in ensuring Canada\u2019s sovereignty in the area of seeds \u2013 from reproduction, saving, storing and re-using to cleaning and treating; from variety registration to third-party dispute settlement mechanisms; as well as restrictions on royalty claims, among others. \u201cCanadians have lost a lot over the last two years,\u201d notes Boehm. \u201cResearch budgets have been gutted. Canada\u2019s world-recognized research programs have been torn apart. Agencies with the specific role of balancing power relationships among farmers and giant international agri-businesses have been weakened or dismantled, while corporations have been given carte blanche over the seed industry and thus our food system.\u201d<\/p>\n<p>\u201cThis \u201cFarmers\u2019 Seed Act\u201d, which is based on principles that serve public rather than private interests, is a rallying point for farmer and eater alike,\u201d emphasized Boehm. \u201cAll Canadians can stand behind its principles. By calling for our elected officials to act on these principles, we give a strong message about the kind of Canada we want \u2013 a Canada that is sovereign in regard to seed and food,\u201d he concluded.<\/p>\n","protected":false},"excerpt":{"rendered":"<p>(Saskatoon, SK):\u00a0 Bill C-18, the\u00a0Agricultural Growth Act,\u00a0favours further consolidation of the seed industry into a few corporate hands, which will end up costing farmers more for seeds of all types. [&hellip;]<\/p>\n","protected":false},"author":1,"featured_media":0,"comment_status":"closed","ping_status":"open","sticky":false,"template":"","format":"standard","meta":{"footnotes":""},"categories":[17],"tags":[],"class_list":["post-1031","post","type-post","status-publish","format-standard","hentry","category-news"],"yoast_head":"<!-- This site is optimized with the Yoast SEO plugin v26.7 - https:\/\/yoast.com\/wordpress\/plugins\/seo\/ -->\n<title>NFU Proposes New Vision for Canadian Seed Ownership, Jan 20 - National Farmers Union in New Brunswick<\/title>\n<meta name=\"robots\" content=\"index, follow, max-snippet:-1, max-image-preview:large, max-video-preview:-1\" \/>\n<link rel=\"canonical\" href=\"https:\/\/www.nfunb.org\/fr\/nfu-proposes-new-vision-for-canadian-seed-ownership-jan-20\/\" \/>\n<meta property=\"og:locale\" content=\"fr_FR\" \/>\n<meta property=\"og:type\" content=\"article\" \/>\n<meta property=\"og:title\" content=\"NFU Proposes New Vision for Canadian Seed Ownership, Jan 20 - National Farmers Union in New Brunswick\" \/>\n<meta property=\"og:description\" content=\"(Saskatoon, SK):\u00a0 Bill C-18, the\u00a0Agricultural Growth Act,\u00a0favours further consolidation of the seed industry into a few corporate hands, which will end up costing farmers more for seeds of all types. [&hellip;]\" \/>\n<meta property=\"og:url\" content=\"https:\/\/www.nfunb.org\/fr\/nfu-proposes-new-vision-for-canadian-seed-ownership-jan-20\/\" \/>\n<meta property=\"og:site_name\" content=\"National Farmers Union in New Brunswick\" \/>\n<meta property=\"article:publisher\" content=\"https:\/\/www.facebook.com\/NFUinNB\" \/>\n<meta property=\"article:published_time\" content=\"2014-01-21T14:20:59+00:00\" \/>\n<meta name=\"author\" content=\"admin\" \/>\n<meta name=\"twitter:card\" content=\"summary_large_image\" \/>\n<meta name=\"twitter:label1\" content=\"\u00c9crit par\" \/>\n\t<meta name=\"twitter:data1\" content=\"admin\" \/>\n\t<meta name=\"twitter:label2\" content=\"Dur\u00e9e de lecture estim\u00e9e\" \/>\n\t<meta name=\"twitter:data2\" content=\"2 minutes\" \/>\n<script type=\"application\/ld+json\" class=\"yoast-schema-graph\">{\"@context\":\"https:\/\/schema.org\",\"@graph\":[{\"@type\":\"Article\",\"@id\":\"https:\/\/www.nfunb.org\/fr\/nfu-proposes-new-vision-for-canadian-seed-ownership-jan-20\/#article\",\"isPartOf\":{\"@id\":\"https:\/\/www.nfunb.org\/fr\/nfu-proposes-new-vision-for-canadian-seed-ownership-jan-20\/\"},\"author\":{\"name\":\"admin\",\"@id\":\"https:\/\/www.nfunb.org\/fr\/#\/schema\/person\/1350c3bd5aa20e59953cf65dc542243a\"},\"headline\":\"NFU Proposes New Vision for Canadian Seed Ownership, Jan 20\",\"datePublished\":\"2014-01-21T14:20:59+00:00\",\"mainEntityOfPage\":{\"@id\":\"https:\/\/www.nfunb.org\/fr\/nfu-proposes-new-vision-for-canadian-seed-ownership-jan-20\/\"},\"wordCount\":504,\"publisher\":{\"@id\":\"https:\/\/www.nfunb.org\/fr\/#organization\"},\"articleSection\":[\"News\"],\"inLanguage\":\"fr-FR\"},{\"@type\":\"WebPage\",\"@id\":\"https:\/\/www.nfunb.org\/fr\/nfu-proposes-new-vision-for-canadian-seed-ownership-jan-20\/\",\"url\":\"https:\/\/www.nfunb.org\/fr\/nfu-proposes-new-vision-for-canadian-seed-ownership-jan-20\/\",\"name\":\"NFU Proposes New Vision for Canadian Seed Ownership, Jan 20 - National Farmers Union in New Brunswick\",\"isPartOf\":{\"@id\":\"https:\/\/www.nfunb.org\/fr\/#website\"},\"datePublished\":\"2014-01-21T14:20:59+00:00\",\"breadcrumb\":{\"@id\":\"https:\/\/www.nfunb.org\/fr\/nfu-proposes-new-vision-for-canadian-seed-ownership-jan-20\/#breadcrumb\"},\"inLanguage\":\"fr-FR\",\"potentialAction\":[{\"@type\":\"ReadAction\",\"target\":[\"https:\/\/www.nfunb.org\/fr\/nfu-proposes-new-vision-for-canadian-seed-ownership-jan-20\/\"]}]},{\"@type\":\"BreadcrumbList\",\"@id\":\"https:\/\/www.nfunb.org\/fr\/nfu-proposes-new-vision-for-canadian-seed-ownership-jan-20\/#breadcrumb\",\"itemListElement\":[{\"@type\":\"ListItem\",\"position\":1,\"name\":\"Home\",\"item\":\"https:\/\/www.nfunb.org\/fr\/home\/\"},{\"@type\":\"ListItem\",\"position\":2,\"name\":\"NFU Proposes New Vision for Canadian Seed Ownership, Jan 20\"}]},{\"@type\":\"WebSite\",\"@id\":\"https:\/\/www.nfunb.org\/fr\/#website\",\"url\":\"https:\/\/www.nfunb.org\/fr\/\",\"name\":\"National Farmers Union in New Brunswick\",\"description\":\"Strong Communities. Sound Policies. Sustainable Farms\",\"publisher\":{\"@id\":\"https:\/\/www.nfunb.org\/fr\/#organization\"},\"potentialAction\":[{\"@type\":\"SearchAction\",\"target\":{\"@type\":\"EntryPoint\",\"urlTemplate\":\"https:\/\/www.nfunb.org\/fr\/?s={search_term_string}\"},\"query-input\":{\"@type\":\"PropertyValueSpecification\",\"valueRequired\":true,\"valueName\":\"search_term_string\"}}],\"inLanguage\":\"fr-FR\"},{\"@type\":\"Organization\",\"@id\":\"https:\/\/www.nfunb.org\/fr\/#organization\",\"name\":\"National Farmers Union in New Brunswick\",\"url\":\"https:\/\/www.nfunb.org\/fr\/\",\"logo\":{\"@type\":\"ImageObject\",\"inLanguage\":\"fr-FR\",\"@id\":\"https:\/\/www.nfunb.org\/fr\/#\/schema\/logo\/image\/\",\"url\":\"https:\/\/www.nfunb.org\/wp-content\/uploads\/2022\/01\/NFU_logo_CircleNB.png\",\"contentUrl\":\"https:\/\/www.nfunb.org\/wp-content\/uploads\/2022\/01\/NFU_logo_CircleNB.png\",\"width\":480,\"height\":480,\"caption\":\"National Farmers Union in New Brunswick\"},\"image\":{\"@id\":\"https:\/\/www.nfunb.org\/fr\/#\/schema\/logo\/image\/\"},\"sameAs\":[\"https:\/\/www.facebook.com\/NFUinNB\",\"https:\/\/www.instagram.com\/nfu.unf.nb\/\"]},{\"@type\":\"Person\",\"@id\":\"https:\/\/www.nfunb.org\/fr\/#\/schema\/person\/1350c3bd5aa20e59953cf65dc542243a\",\"name\":\"admin\",\"image\":{\"@type\":\"ImageObject\",\"inLanguage\":\"fr-FR\",\"@id\":\"https:\/\/www.nfunb.org\/fr\/#\/schema\/person\/image\/\",\"url\":\"https:\/\/secure.gravatar.com\/avatar\/26808d8fbe6a93b27a5be6fcee340112d06dadfad75e4e9c8533678c2951edde?s=96&d=mm&r=g\",\"contentUrl\":\"https:\/\/secure.gravatar.com\/avatar\/26808d8fbe6a93b27a5be6fcee340112d06dadfad75e4e9c8533678c2951edde?s=96&d=mm&r=g\",\"caption\":\"admin\"},\"sameAs\":[\"https:\/\/nfunb.org\/wordpress\/\"],\"url\":\"https:\/\/www.nfunb.org\/fr\/author\/admin\/\"}]}<\/script>\n<!-- \/ Yoast SEO plugin. -->","yoast_head_json":{"title":"NFU Proposes New Vision for Canadian Seed Ownership, Jan 20 - National Farmers Union in New Brunswick","robots":{"index":"index","follow":"follow","max-snippet":"max-snippet:-1","max-image-preview":"max-image-preview:large","max-video-preview":"max-video-preview:-1"},"canonical":"https:\/\/www.nfunb.org\/fr\/nfu-proposes-new-vision-for-canadian-seed-ownership-jan-20\/","og_locale":"fr_FR","og_type":"article","og_title":"NFU Proposes New Vision for Canadian Seed Ownership, Jan 20 - National Farmers Union in New Brunswick","og_description":"(Saskatoon, SK):\u00a0 Bill C-18, the\u00a0Agricultural Growth Act,\u00a0favours further consolidation of the seed industry into a few corporate hands, which will end up costing farmers more for seeds of all types. [&hellip;]","og_url":"https:\/\/www.nfunb.org\/fr\/nfu-proposes-new-vision-for-canadian-seed-ownership-jan-20\/","og_site_name":"National Farmers Union in New Brunswick","article_publisher":"https:\/\/www.facebook.com\/NFUinNB","article_published_time":"2014-01-21T14:20:59+00:00","author":"admin","twitter_card":"summary_large_image","twitter_misc":{"\u00c9crit par":"admin","Dur\u00e9e de lecture estim\u00e9e":"2 minutes"},"schema":{"@context":"https:\/\/schema.org","@graph":[{"@type":"Article","@id":"https:\/\/www.nfunb.org\/fr\/nfu-proposes-new-vision-for-canadian-seed-ownership-jan-20\/#article","isPartOf":{"@id":"https:\/\/www.nfunb.org\/fr\/nfu-proposes-new-vision-for-canadian-seed-ownership-jan-20\/"},"author":{"name":"admin","@id":"https:\/\/www.nfunb.org\/fr\/#\/schema\/person\/1350c3bd5aa20e59953cf65dc542243a"},"headline":"NFU Proposes New Vision for Canadian Seed Ownership, Jan 20","datePublished":"2014-01-21T14:20:59+00:00","mainEntityOfPage":{"@id":"https:\/\/www.nfunb.org\/fr\/nfu-proposes-new-vision-for-canadian-seed-ownership-jan-20\/"},"wordCount":504,"publisher":{"@id":"https:\/\/www.nfunb.org\/fr\/#organization"},"articleSection":["News"],"inLanguage":"fr-FR"},{"@type":"WebPage","@id":"https:\/\/www.nfunb.org\/fr\/nfu-proposes-new-vision-for-canadian-seed-ownership-jan-20\/","url":"https:\/\/www.nfunb.org\/fr\/nfu-proposes-new-vision-for-canadian-seed-ownership-jan-20\/","name":"NFU Proposes New Vision for Canadian Seed Ownership, Jan 20 - National Farmers Union in New Brunswick","isPartOf":{"@id":"https:\/\/www.nfunb.org\/fr\/#website"},"datePublished":"2014-01-21T14:20:59+00:00","breadcrumb":{"@id":"https:\/\/www.nfunb.org\/fr\/nfu-proposes-new-vision-for-canadian-seed-ownership-jan-20\/#breadcrumb"},"inLanguage":"fr-FR","potentialAction":[{"@type":"ReadAction","target":["https:\/\/www.nfunb.org\/fr\/nfu-proposes-new-vision-for-canadian-seed-ownership-jan-20\/"]}]},{"@type":"BreadcrumbList","@id":"https:\/\/www.nfunb.org\/fr\/nfu-proposes-new-vision-for-canadian-seed-ownership-jan-20\/#breadcrumb","itemListElement":[{"@type":"ListItem","position":1,"name":"Home","item":"https:\/\/www.nfunb.org\/fr\/home\/"},{"@type":"ListItem","position":2,"name":"NFU Proposes New Vision for Canadian Seed Ownership, Jan 20"}]},{"@type":"WebSite","@id":"https:\/\/www.nfunb.org\/fr\/#website","url":"https:\/\/www.nfunb.org\/fr\/","name":"National Farmers Union in New Brunswick","description":"Strong Communities. Sound Policies. Sustainable Farms","publisher":{"@id":"https:\/\/www.nfunb.org\/fr\/#organization"},"potentialAction":[{"@type":"SearchAction","target":{"@type":"EntryPoint","urlTemplate":"https:\/\/www.nfunb.org\/fr\/?s={search_term_string}"},"query-input":{"@type":"PropertyValueSpecification","valueRequired":true,"valueName":"search_term_string"}}],"inLanguage":"fr-FR"},{"@type":"Organization","@id":"https:\/\/www.nfunb.org\/fr\/#organization","name":"National Farmers Union in New Brunswick","url":"https:\/\/www.nfunb.org\/fr\/","logo":{"@type":"ImageObject","inLanguage":"fr-FR","@id":"https:\/\/www.nfunb.org\/fr\/#\/schema\/logo\/image\/","url":"https:\/\/www.nfunb.org\/wp-content\/uploads\/2022\/01\/NFU_logo_CircleNB.png","contentUrl":"https:\/\/www.nfunb.org\/wp-content\/uploads\/2022\/01\/NFU_logo_CircleNB.png","width":480,"height":480,"caption":"National Farmers Union in New Brunswick"},"image":{"@id":"https:\/\/www.nfunb.org\/fr\/#\/schema\/logo\/image\/"},"sameAs":["https:\/\/www.facebook.com\/NFUinNB","https:\/\/www.instagram.com\/nfu.unf.nb\/"]},{"@type":"Person","@id":"https:\/\/www.nfunb.org\/fr\/#\/schema\/person\/1350c3bd5aa20e59953cf65dc542243a","name":"admin","image":{"@type":"ImageObject","inLanguage":"fr-FR","@id":"https:\/\/www.nfunb.org\/fr\/#\/schema\/person\/image\/","url":"https:\/\/secure.gravatar.com\/avatar\/26808d8fbe6a93b27a5be6fcee340112d06dadfad75e4e9c8533678c2951edde?s=96&d=mm&r=g","contentUrl":"https:\/\/secure.gravatar.com\/avatar\/26808d8fbe6a93b27a5be6fcee340112d06dadfad75e4e9c8533678c2951edde?s=96&d=mm&r=g","caption":"admin"},"sameAs":["https:\/\/nfunb.org\/wordpress\/"],"url":"https:\/\/www.nfunb.org\/fr\/author\/admin\/"}]}},"_links":{"self":[{"href":"https:\/\/www.nfunb.org\/fr\/wp-json\/wp\/v2\/posts\/1031","targetHints":{"allow":["GET"]}}],"collection":[{"href":"https:\/\/www.nfunb.org\/fr\/wp-json\/wp\/v2\/posts"}],"about":[{"href":"https:\/\/www.nfunb.org\/fr\/wp-json\/wp\/v2\/types\/post"}],"author":[{"embeddable":true,"href":"https:\/\/www.nfunb.org\/fr\/wp-json\/wp\/v2\/users\/1"}],"replies":[{"embeddable":true,"href":"https:\/\/www.nfunb.org\/fr\/wp-json\/wp\/v2\/comments?post=1031"}],"version-history":[{"count":0,"href":"https:\/\/www.nfunb.org\/fr\/wp-json\/wp\/v2\/posts\/1031\/revisions"}],"wp:attachment":[{"href":"https:\/\/www.nfunb.org\/fr\/wp-json\/wp\/v2\/media?parent=1031"}],"wp:term":[{"taxonomy":"category","embeddable":true,"href":"https:\/\/www.nfunb.org\/fr\/wp-json\/wp\/v2\/categories?post=1031"},{"taxonomy":"post_tag","embeddable":true,"href":"https:\/\/www.nfunb.org\/fr\/wp-json\/wp\/v2\/tags?post=1031"}],"curies":[{"name":"wp","href":"https:\/\/api.w.org\/{rel}","templated":true}]}}