{"id":11699,"date":"2020-04-28T17:40:00","date_gmt":"2020-04-28T20:40:00","guid":{"rendered":"https:\/\/nfunb.org\/wordpress\/joint-statement-from-the-nfu-nb-aanb-and-really-local-harvest-in-regards-to-tfw-restriction\/"},"modified":"2022-01-14T11:09:05","modified_gmt":"2022-01-14T15:09:05","slug":"declaration-conjointe-de-lunf-nb-de-laanb-et-de-la-recolte-de-chez-nous-concernant-la-restriction-des-travailleurs-etrangers-temporaires","status":"publish","type":"post","link":"https:\/\/www.nfunb.org\/fr\/declaration-conjointe-de-lunf-nb-de-laanb-et-de-la-recolte-de-chez-nous-concernant-la-restriction-des-travailleurs-etrangers-temporaires\/","title":{"rendered":"D\u00e9claration conjointe de l\u2019UNF-N.-B., de l\u2019AANB et de la R\u00e9colte de Chez Nous concernant la restriction des travailleurs \u00e9trangers temporaires"},"content":{"rendered":"\r\n\r\n\r\n<p><strong>L\u2019Union nationale des fermiers au Nouveau-Brunswick, l\u2019Alliance agricole du Nouveau-Brunswick et la R\u00e9colte de chez-nous sont fortement en d\u00e9saccord avec la d\u00e9cision de restreindre la venue de travailleurs \u00e9trangers temporaires dans la province.\u00a0<\/strong><\/p>\r\n<p>Ces travailleurs \u00e9trangers sont une partie int\u00e9grale de la production des aliments au Nouveau-Brunswick. \u00ab Ceci coupe les moyens par lesquels nous devons produire. Ils veulent que l\u2019on augmente la production des l\u00e9gumes, mais ils veulent que l\u2019on embauche des gens qui pourraient se voir oblig\u00e9s d\u2019abandonner \u00e0 tout moment ou bien avant la fin de notre saison, \u00bb d\u00e9clare Tim Livingstone, copropri\u00e9taire de Strawberry Hill Farm. Tim et Kirsten Livingstone ont investi dans la formation de leurs travailleurs \u00e9trangers temporaires pendant plus de quatre ans et ils d\u00e9pendent de leur expertise pour superviser leurs employ\u00e9s locaux.\u00a0<\/p>\r\n<p>Ces travailleurs \u00e9trangers sont membres de nos \u00e9quipes et dans plusieurs cas ils font partie de la famille de nos petits producteurs au Nouveau-Brunswick. Ce sont de vraies personnes et qui ne peuvent tout simplement pas \u00eatre remplac\u00e9es par un autre travailleur d\u2019un autre secteur. Le droit des gens \u00e0 l\u2019autod\u00e9termination \u2013 la capacit\u00e9 d\u2019exercer un contr\u00f4le sur leurs propres vies \u2013 ainsi que notre int\u00e9grit\u00e9 en tant qu\u2019employeurs, et en tant que province qui a sign\u00e9 des contrats avec des gens afin d\u2019assurer la production et l\u2019approvisionnement des aliments, tout cela en jeu alors que l\u2019on consid\u00e8re de d\u00e9roger \u00e0 ces ententes. S\u2019ils ne sont pas permis d\u2019entrer dans la province, nous, collectivement, nous leur devons tout de m\u00eame, ainsi qu\u2019aux familles qu\u2019ils soutiennent.\u00a0<\/p>\r\n<p>Les gouvernements f\u00e9d\u00e9ral et provinciaux ont d\u00e9plac\u00e9s des montagnes au cours des derniers mois afin de s\u2019assurer que ces travailleurs soient encore capables de venir au Canada et que des pr\u00e9cautions soient prises pour assurer la s\u00e9curit\u00e9 de tout le monde. Plusieurs personnes ont consacr\u00e9 bien des heures en conversations avec les gouvernements \u00e9trangers et leurs embassades afin de r\u00e9diger des lignes directrices et des politiques, en plus d\u2019assurer la liaison avec les fermes de sorte que les travailleurs \u00e9trangers arrivent dans un milieu de travail s\u00e9curitaire, \u00e0 la fois pour eux et pour les communaut\u00e9s environnantes. Dans d\u2019autres provinces, le co\u00fbt de la p\u00e9riode de quarantaine est couverte par le gouvernement, de sorte qu\u2019aucun co\u00fbt additionnel ne soit encourru par les fermes.\u00a0<\/p>\r\n<p>De notre c\u00f4t\u00e9, notre province rend la chose difficile, voire m\u00eame impossible, pour que les fermes s\u2019assurent de produire, surtout alors que la saison s\u2019amorce au milieu de l\u2019incertitude et de l\u2019instabilit\u00e9. Nous devons aux travailleurs et aux propri\u00e9taires des fermes de s\u2019assurer que les travailleurs qui arrivent dans la province peuvent se mettrent en quarantaine en toute s\u00e9curit\u00e9 et dignit\u00e9, d\u2019\u00eatre pay\u00e9s et avoir acc\u00e8s aux soins de sant\u00e9. De plus, les travailleurs migrants qui ont \u00e9t\u00e9 laiss\u00e9s sans emploi ou incapables de voyager pour travailler doivent avoir le m\u00eame acc\u00e8s \u00e0 la Prestation canadienne d\u2019urgence (PCU), comme tous les autres travailleurs affect\u00e9s par la COVID-19.\u00a0<\/p>\r\n<p>En plus d\u2019\u00eatre un d\u00e9sastre financier pour les centaines de familles des employ\u00e9s \u00e0 qui ont avait promis de l\u2019emploi, il serait difficile, voire m\u00eame impossible, pour les fermes d\u2019embaucher des travailleurs \u00e9trangers temporaires ou tout autre employ\u00e9 \u00e0 la mi-saison. M\u00eame si les employ\u00e9s de d\u2019autres secteurs ou des \u00e9tudiants sont mis \u00e0 leur place, quant les autres emplois vont rouvrir et que les \u00e9coles commencent, personne ne sera l\u00e0 pour effectuer les r\u00e9coltes. \u00c9tant donn\u00e9 la nature \u00e0 faible marge de l\u2019agriculture, il n\u2019est pas r\u00e9aliste d\u2019y mettre en place des gens sans ant\u00e9c\u00e9dents en agriculture et d\u2019y tirer un profit. Notre province rend cela difficile, sinon impossible, pour les fermes d\u2019assurer une production, surtout alors que la saison commence dans l\u2019incertitude et l\u2019instabilit\u00e9. Nous croyons que le Premier Ministre Higgs se contredit lui-m\u00eame directement. Il a d\u00e9clar\u00e9 qu\u2019il veut que la province soit plus autosuffisante et qu\u2019elle \u00e9vite la p\u00e9nurie alimentaire ; donc, il doit respecter les protocoles mis en place par le gouvernement f\u00e9d\u00e9ral et Sant\u00e9 Canada. Ces travailleurs sont essentiels aux industries que le Premier Ministre Higgs d\u00e9clarait encore la semaine pass\u00e9e comme \u00e9tant extr\u00eamement faible en mati\u00e8re de production locale.\u00a0\u00a0<\/p>\r\n<p>L\u2019Union nationale des fermiers au NB, ainsi que l\u2019Alliance agricole du NB, sont les deux organisations agricoles g\u00e9n\u00e9rales qui repr\u00e9sentent les int\u00e9r\u00eats de tous les secteurs agricoles de la province. La R\u00e9colte de chez-nous est une coop\u00e9rative d\u2019environ trente fermes de la r\u00e9gion du Sud-Est du Nouveau-Brunswick et qui met fortement l\u2019accent sur la s\u00e9curit\u00e9 alimentaire et la prosp\u00e9rit\u00e9 des fermes familiales \u00e0 l\u2019\u00e9chelle de la province. Toutes les organisations demandent que la d\u00e9cision soit renvers\u00e9e et que l\u2019on prenne des mesures pour respecter nos promesses aux travailleurs auxquels l\u2019emploi a \u00e9t\u00e9 promis, ainsi qu\u2019aux fermes qui attendent l\u2019arriv\u00e9e des employ\u00e9s sur lesquels elles d\u00e9pendent.\u00a0<\/p>\r\n<p>Contact pour les m\u00e9dias :<\/p>\r\n<p>R\u00e9beka Frazer Chiasson, Pr\u00e9sidente de l\u2019UNF-NB (506) 626-0057<\/p>\r\n<p>Lisa Ashworth, Pr\u00e9sidente de l\u2019AANB (506) 452-8101<\/p>\r\n<p>Maxime Gauvin, Directeur ex\u00e9cutif, R\u00e9colte de chez-nous\/Really Local Harvest (506) 317-0321<\/p>\r\n","protected":false},"excerpt":{"rendered":"<p>L\u2019Union nationale des fermiers au Nouveau-Brunswick, l\u2019Alliance agricole du Nouveau-Brunswick et la R\u00e9colte de chez-nous sont fortement en d\u00e9saccord avec la d\u00e9cision de restreindre la venue de travailleurs \u00e9trangers temporaires [&hellip;]<\/p>\n","protected":false},"author":1,"featured_media":10672,"comment_status":"closed","ping_status":"open","sticky":false,"template":"","format":"standard","meta":{"footnotes":""},"categories":[18,116],"tags":[],"class_list":["post-11699","post","type-post","status-publish","format-standard","has-post-thumbnail","hentry","category-nouvelles","category-press-release"],"yoast_head":"<!-- This site is optimized with the Yoast SEO plugin v26.7 - https:\/\/yoast.com\/wordpress\/plugins\/seo\/ -->\n<title>D\u00e9claration conjointe de l\u2019UNF-N.-B., de l\u2019AANB et de la R\u00e9colte de Chez Nous concernant la restriction des travailleurs \u00e9trangers temporaires - National Farmers Union in New Brunswick<\/title>\n<meta name=\"robots\" content=\"index, follow, max-snippet:-1, max-image-preview:large, max-video-preview:-1\" \/>\n<link rel=\"canonical\" href=\"https:\/\/www.nfunb.org\/fr\/declaration-conjointe-de-lunf-nb-de-laanb-et-de-la-recolte-de-chez-nous-concernant-la-restriction-des-travailleurs-etrangers-temporaires\/\" \/>\n<meta property=\"og:locale\" content=\"fr_FR\" \/>\n<meta property=\"og:type\" content=\"article\" \/>\n<meta property=\"og:title\" content=\"D\u00e9claration conjointe de l\u2019UNF-N.-B., de l\u2019AANB et de la R\u00e9colte de Chez Nous concernant la restriction des travailleurs \u00e9trangers temporaires - National Farmers Union in New Brunswick\" \/>\n<meta property=\"og:description\" content=\"L\u2019Union nationale des fermiers au Nouveau-Brunswick, l\u2019Alliance agricole du Nouveau-Brunswick et la R\u00e9colte de chez-nous sont fortement en d\u00e9saccord avec la d\u00e9cision de restreindre la venue de travailleurs \u00e9trangers temporaires [&hellip;]\" \/>\n<meta property=\"og:url\" content=\"https:\/\/www.nfunb.org\/fr\/declaration-conjointe-de-lunf-nb-de-laanb-et-de-la-recolte-de-chez-nous-concernant-la-restriction-des-travailleurs-etrangers-temporaires\/\" \/>\n<meta property=\"og:site_name\" content=\"National Farmers Union in New Brunswick\" \/>\n<meta property=\"article:publisher\" content=\"https:\/\/www.facebook.com\/NFUinNB\" \/>\n<meta property=\"article:published_time\" content=\"2020-04-28T20:40:00+00:00\" \/>\n<meta property=\"article:modified_time\" content=\"2022-01-14T15:09:05+00:00\" \/>\n<meta property=\"og:image\" content=\"https:\/\/www.nfunb.org\/wp-content\/uploads\/2020\/04\/FB_IMG_1588161297216-550x309-1.jpg\" \/>\n\t<meta property=\"og:image:width\" content=\"550\" \/>\n\t<meta property=\"og:image:height\" content=\"309\" \/>\n\t<meta property=\"og:image:type\" content=\"image\/jpeg\" \/>\n<meta name=\"author\" content=\"admin\" \/>\n<meta name=\"twitter:card\" content=\"summary_large_image\" \/>\n<meta name=\"twitter:label1\" content=\"\u00c9crit par\" \/>\n\t<meta name=\"twitter:data1\" content=\"admin\" \/>\n\t<meta name=\"twitter:label2\" content=\"Dur\u00e9e de lecture estim\u00e9e\" \/>\n\t<meta name=\"twitter:data2\" content=\"5 minutes\" \/>\n<script type=\"application\/ld+json\" class=\"yoast-schema-graph\">{\"@context\":\"https:\/\/schema.org\",\"@graph\":[{\"@type\":\"Article\",\"@id\":\"https:\/\/www.nfunb.org\/fr\/declaration-conjointe-de-lunf-nb-de-laanb-et-de-la-recolte-de-chez-nous-concernant-la-restriction-des-travailleurs-etrangers-temporaires\/#article\",\"isPartOf\":{\"@id\":\"https:\/\/www.nfunb.org\/fr\/declaration-conjointe-de-lunf-nb-de-laanb-et-de-la-recolte-de-chez-nous-concernant-la-restriction-des-travailleurs-etrangers-temporaires\/\"},\"author\":{\"name\":\"admin\",\"@id\":\"https:\/\/www.nfunb.org\/fr\/#\/schema\/person\/1350c3bd5aa20e59953cf65dc542243a\"},\"headline\":\"D\u00e9claration conjointe de l\u2019UNF-N.-B., de l\u2019AANB et de la R\u00e9colte de Chez Nous concernant la restriction des travailleurs \u00e9trangers temporaires\",\"datePublished\":\"2020-04-28T20:40:00+00:00\",\"dateModified\":\"2022-01-14T15:09:05+00:00\",\"mainEntityOfPage\":{\"@id\":\"https:\/\/www.nfunb.org\/fr\/declaration-conjointe-de-lunf-nb-de-laanb-et-de-la-recolte-de-chez-nous-concernant-la-restriction-des-travailleurs-etrangers-temporaires\/\"},\"wordCount\":953,\"publisher\":{\"@id\":\"https:\/\/www.nfunb.org\/fr\/#organization\"},\"image\":{\"@id\":\"https:\/\/www.nfunb.org\/fr\/declaration-conjointe-de-lunf-nb-de-laanb-et-de-la-recolte-de-chez-nous-concernant-la-restriction-des-travailleurs-etrangers-temporaires\/#primaryimage\"},\"thumbnailUrl\":\"https:\/\/www.nfunb.org\/wp-content\/uploads\/2020\/04\/FB_IMG_1588161297216-550x309-1.jpg\",\"articleSection\":[\"Nouvelles\",\"Press release\"],\"inLanguage\":\"fr-FR\"},{\"@type\":\"WebPage\",\"@id\":\"https:\/\/www.nfunb.org\/fr\/declaration-conjointe-de-lunf-nb-de-laanb-et-de-la-recolte-de-chez-nous-concernant-la-restriction-des-travailleurs-etrangers-temporaires\/\",\"url\":\"https:\/\/www.nfunb.org\/fr\/declaration-conjointe-de-lunf-nb-de-laanb-et-de-la-recolte-de-chez-nous-concernant-la-restriction-des-travailleurs-etrangers-temporaires\/\",\"name\":\"D\u00e9claration conjointe de l\u2019UNF-N.-B., de l\u2019AANB et de la R\u00e9colte de Chez Nous concernant la restriction des travailleurs \u00e9trangers temporaires - National Farmers Union in New Brunswick\",\"isPartOf\":{\"@id\":\"https:\/\/www.nfunb.org\/fr\/#website\"},\"primaryImageOfPage\":{\"@id\":\"https:\/\/www.nfunb.org\/fr\/declaration-conjointe-de-lunf-nb-de-laanb-et-de-la-recolte-de-chez-nous-concernant-la-restriction-des-travailleurs-etrangers-temporaires\/#primaryimage\"},\"image\":{\"@id\":\"https:\/\/www.nfunb.org\/fr\/declaration-conjointe-de-lunf-nb-de-laanb-et-de-la-recolte-de-chez-nous-concernant-la-restriction-des-travailleurs-etrangers-temporaires\/#primaryimage\"},\"thumbnailUrl\":\"https:\/\/www.nfunb.org\/wp-content\/uploads\/2020\/04\/FB_IMG_1588161297216-550x309-1.jpg\",\"datePublished\":\"2020-04-28T20:40:00+00:00\",\"dateModified\":\"2022-01-14T15:09:05+00:00\",\"breadcrumb\":{\"@id\":\"https:\/\/www.nfunb.org\/fr\/declaration-conjointe-de-lunf-nb-de-laanb-et-de-la-recolte-de-chez-nous-concernant-la-restriction-des-travailleurs-etrangers-temporaires\/#breadcrumb\"},\"inLanguage\":\"fr-FR\",\"potentialAction\":[{\"@type\":\"ReadAction\",\"target\":[\"https:\/\/www.nfunb.org\/fr\/declaration-conjointe-de-lunf-nb-de-laanb-et-de-la-recolte-de-chez-nous-concernant-la-restriction-des-travailleurs-etrangers-temporaires\/\"]}]},{\"@type\":\"ImageObject\",\"inLanguage\":\"fr-FR\",\"@id\":\"https:\/\/www.nfunb.org\/fr\/declaration-conjointe-de-lunf-nb-de-laanb-et-de-la-recolte-de-chez-nous-concernant-la-restriction-des-travailleurs-etrangers-temporaires\/#primaryimage\",\"url\":\"https:\/\/www.nfunb.org\/wp-content\/uploads\/2020\/04\/FB_IMG_1588161297216-550x309-1.jpg\",\"contentUrl\":\"https:\/\/www.nfunb.org\/wp-content\/uploads\/2020\/04\/FB_IMG_1588161297216-550x309-1.jpg\",\"width\":550,\"height\":309},{\"@type\":\"BreadcrumbList\",\"@id\":\"https:\/\/www.nfunb.org\/fr\/declaration-conjointe-de-lunf-nb-de-laanb-et-de-la-recolte-de-chez-nous-concernant-la-restriction-des-travailleurs-etrangers-temporaires\/#breadcrumb\",\"itemListElement\":[{\"@type\":\"ListItem\",\"position\":1,\"name\":\"Home\",\"item\":\"https:\/\/www.nfunb.org\/fr\/home\/\"},{\"@type\":\"ListItem\",\"position\":2,\"name\":\"D\u00e9claration conjointe de l\u2019UNF-N.-B., de l\u2019AANB et de la R\u00e9colte de Chez Nous concernant la restriction des travailleurs \u00e9trangers temporaires\"}]},{\"@type\":\"WebSite\",\"@id\":\"https:\/\/www.nfunb.org\/fr\/#website\",\"url\":\"https:\/\/www.nfunb.org\/fr\/\",\"name\":\"National Farmers Union in New Brunswick\",\"description\":\"Strong Communities. Sound Policies. Sustainable Farms\",\"publisher\":{\"@id\":\"https:\/\/www.nfunb.org\/fr\/#organization\"},\"potentialAction\":[{\"@type\":\"SearchAction\",\"target\":{\"@type\":\"EntryPoint\",\"urlTemplate\":\"https:\/\/www.nfunb.org\/fr\/?s={search_term_string}\"},\"query-input\":{\"@type\":\"PropertyValueSpecification\",\"valueRequired\":true,\"valueName\":\"search_term_string\"}}],\"inLanguage\":\"fr-FR\"},{\"@type\":\"Organization\",\"@id\":\"https:\/\/www.nfunb.org\/fr\/#organization\",\"name\":\"National Farmers Union in New Brunswick\",\"url\":\"https:\/\/www.nfunb.org\/fr\/\",\"logo\":{\"@type\":\"ImageObject\",\"inLanguage\":\"fr-FR\",\"@id\":\"https:\/\/www.nfunb.org\/fr\/#\/schema\/logo\/image\/\",\"url\":\"https:\/\/www.nfunb.org\/wp-content\/uploads\/2022\/01\/NFU_logo_CircleNB.png\",\"contentUrl\":\"https:\/\/www.nfunb.org\/wp-content\/uploads\/2022\/01\/NFU_logo_CircleNB.png\",\"width\":480,\"height\":480,\"caption\":\"National Farmers Union in New Brunswick\"},\"image\":{\"@id\":\"https:\/\/www.nfunb.org\/fr\/#\/schema\/logo\/image\/\"},\"sameAs\":[\"https:\/\/www.facebook.com\/NFUinNB\",\"https:\/\/www.instagram.com\/nfu.unf.nb\/\"]},{\"@type\":\"Person\",\"@id\":\"https:\/\/www.nfunb.org\/fr\/#\/schema\/person\/1350c3bd5aa20e59953cf65dc542243a\",\"name\":\"admin\",\"image\":{\"@type\":\"ImageObject\",\"inLanguage\":\"fr-FR\",\"@id\":\"https:\/\/www.nfunb.org\/fr\/#\/schema\/person\/image\/\",\"url\":\"https:\/\/secure.gravatar.com\/avatar\/26808d8fbe6a93b27a5be6fcee340112d06dadfad75e4e9c8533678c2951edde?s=96&d=mm&r=g\",\"contentUrl\":\"https:\/\/secure.gravatar.com\/avatar\/26808d8fbe6a93b27a5be6fcee340112d06dadfad75e4e9c8533678c2951edde?s=96&d=mm&r=g\",\"caption\":\"admin\"},\"sameAs\":[\"https:\/\/nfunb.org\/wordpress\/\"],\"url\":\"https:\/\/www.nfunb.org\/fr\/author\/admin\/\"}]}<\/script>\n<!-- \/ Yoast SEO plugin. -->","yoast_head_json":{"title":"D\u00e9claration conjointe de l\u2019UNF-N.-B., de l\u2019AANB et de la R\u00e9colte de Chez Nous concernant la restriction des travailleurs \u00e9trangers temporaires - National Farmers Union in New Brunswick","robots":{"index":"index","follow":"follow","max-snippet":"max-snippet:-1","max-image-preview":"max-image-preview:large","max-video-preview":"max-video-preview:-1"},"canonical":"https:\/\/www.nfunb.org\/fr\/declaration-conjointe-de-lunf-nb-de-laanb-et-de-la-recolte-de-chez-nous-concernant-la-restriction-des-travailleurs-etrangers-temporaires\/","og_locale":"fr_FR","og_type":"article","og_title":"D\u00e9claration conjointe de l\u2019UNF-N.-B., de l\u2019AANB et de la R\u00e9colte de Chez Nous concernant la restriction des travailleurs \u00e9trangers temporaires - National Farmers Union in New Brunswick","og_description":"L\u2019Union nationale des fermiers au Nouveau-Brunswick, l\u2019Alliance agricole du Nouveau-Brunswick et la R\u00e9colte de chez-nous sont fortement en d\u00e9saccord avec la d\u00e9cision de restreindre la venue de travailleurs \u00e9trangers temporaires [&hellip;]","og_url":"https:\/\/www.nfunb.org\/fr\/declaration-conjointe-de-lunf-nb-de-laanb-et-de-la-recolte-de-chez-nous-concernant-la-restriction-des-travailleurs-etrangers-temporaires\/","og_site_name":"National Farmers Union in New Brunswick","article_publisher":"https:\/\/www.facebook.com\/NFUinNB","article_published_time":"2020-04-28T20:40:00+00:00","article_modified_time":"2022-01-14T15:09:05+00:00","og_image":[{"width":550,"height":309,"url":"https:\/\/www.nfunb.org\/wp-content\/uploads\/2020\/04\/FB_IMG_1588161297216-550x309-1.jpg","type":"image\/jpeg"}],"author":"admin","twitter_card":"summary_large_image","twitter_misc":{"\u00c9crit par":"admin","Dur\u00e9e de lecture estim\u00e9e":"5 minutes"},"schema":{"@context":"https:\/\/schema.org","@graph":[{"@type":"Article","@id":"https:\/\/www.nfunb.org\/fr\/declaration-conjointe-de-lunf-nb-de-laanb-et-de-la-recolte-de-chez-nous-concernant-la-restriction-des-travailleurs-etrangers-temporaires\/#article","isPartOf":{"@id":"https:\/\/www.nfunb.org\/fr\/declaration-conjointe-de-lunf-nb-de-laanb-et-de-la-recolte-de-chez-nous-concernant-la-restriction-des-travailleurs-etrangers-temporaires\/"},"author":{"name":"admin","@id":"https:\/\/www.nfunb.org\/fr\/#\/schema\/person\/1350c3bd5aa20e59953cf65dc542243a"},"headline":"D\u00e9claration conjointe de l\u2019UNF-N.-B., de l\u2019AANB et de la R\u00e9colte de Chez Nous concernant la restriction des travailleurs \u00e9trangers temporaires","datePublished":"2020-04-28T20:40:00+00:00","dateModified":"2022-01-14T15:09:05+00:00","mainEntityOfPage":{"@id":"https:\/\/www.nfunb.org\/fr\/declaration-conjointe-de-lunf-nb-de-laanb-et-de-la-recolte-de-chez-nous-concernant-la-restriction-des-travailleurs-etrangers-temporaires\/"},"wordCount":953,"publisher":{"@id":"https:\/\/www.nfunb.org\/fr\/#organization"},"image":{"@id":"https:\/\/www.nfunb.org\/fr\/declaration-conjointe-de-lunf-nb-de-laanb-et-de-la-recolte-de-chez-nous-concernant-la-restriction-des-travailleurs-etrangers-temporaires\/#primaryimage"},"thumbnailUrl":"https:\/\/www.nfunb.org\/wp-content\/uploads\/2020\/04\/FB_IMG_1588161297216-550x309-1.jpg","articleSection":["Nouvelles","Press release"],"inLanguage":"fr-FR"},{"@type":"WebPage","@id":"https:\/\/www.nfunb.org\/fr\/declaration-conjointe-de-lunf-nb-de-laanb-et-de-la-recolte-de-chez-nous-concernant-la-restriction-des-travailleurs-etrangers-temporaires\/","url":"https:\/\/www.nfunb.org\/fr\/declaration-conjointe-de-lunf-nb-de-laanb-et-de-la-recolte-de-chez-nous-concernant-la-restriction-des-travailleurs-etrangers-temporaires\/","name":"D\u00e9claration conjointe de l\u2019UNF-N.-B., de l\u2019AANB et de la R\u00e9colte de Chez Nous concernant la restriction des travailleurs \u00e9trangers temporaires - National Farmers Union in New Brunswick","isPartOf":{"@id":"https:\/\/www.nfunb.org\/fr\/#website"},"primaryImageOfPage":{"@id":"https:\/\/www.nfunb.org\/fr\/declaration-conjointe-de-lunf-nb-de-laanb-et-de-la-recolte-de-chez-nous-concernant-la-restriction-des-travailleurs-etrangers-temporaires\/#primaryimage"},"image":{"@id":"https:\/\/www.nfunb.org\/fr\/declaration-conjointe-de-lunf-nb-de-laanb-et-de-la-recolte-de-chez-nous-concernant-la-restriction-des-travailleurs-etrangers-temporaires\/#primaryimage"},"thumbnailUrl":"https:\/\/www.nfunb.org\/wp-content\/uploads\/2020\/04\/FB_IMG_1588161297216-550x309-1.jpg","datePublished":"2020-04-28T20:40:00+00:00","dateModified":"2022-01-14T15:09:05+00:00","breadcrumb":{"@id":"https:\/\/www.nfunb.org\/fr\/declaration-conjointe-de-lunf-nb-de-laanb-et-de-la-recolte-de-chez-nous-concernant-la-restriction-des-travailleurs-etrangers-temporaires\/#breadcrumb"},"inLanguage":"fr-FR","potentialAction":[{"@type":"ReadAction","target":["https:\/\/www.nfunb.org\/fr\/declaration-conjointe-de-lunf-nb-de-laanb-et-de-la-recolte-de-chez-nous-concernant-la-restriction-des-travailleurs-etrangers-temporaires\/"]}]},{"@type":"ImageObject","inLanguage":"fr-FR","@id":"https:\/\/www.nfunb.org\/fr\/declaration-conjointe-de-lunf-nb-de-laanb-et-de-la-recolte-de-chez-nous-concernant-la-restriction-des-travailleurs-etrangers-temporaires\/#primaryimage","url":"https:\/\/www.nfunb.org\/wp-content\/uploads\/2020\/04\/FB_IMG_1588161297216-550x309-1.jpg","contentUrl":"https:\/\/www.nfunb.org\/wp-content\/uploads\/2020\/04\/FB_IMG_1588161297216-550x309-1.jpg","width":550,"height":309},{"@type":"BreadcrumbList","@id":"https:\/\/www.nfunb.org\/fr\/declaration-conjointe-de-lunf-nb-de-laanb-et-de-la-recolte-de-chez-nous-concernant-la-restriction-des-travailleurs-etrangers-temporaires\/#breadcrumb","itemListElement":[{"@type":"ListItem","position":1,"name":"Home","item":"https:\/\/www.nfunb.org\/fr\/home\/"},{"@type":"ListItem","position":2,"name":"D\u00e9claration conjointe de l\u2019UNF-N.-B., de l\u2019AANB et de la R\u00e9colte de Chez Nous concernant la restriction des travailleurs \u00e9trangers temporaires"}]},{"@type":"WebSite","@id":"https:\/\/www.nfunb.org\/fr\/#website","url":"https:\/\/www.nfunb.org\/fr\/","name":"National Farmers Union in New Brunswick","description":"Strong Communities. Sound Policies. Sustainable Farms","publisher":{"@id":"https:\/\/www.nfunb.org\/fr\/#organization"},"potentialAction":[{"@type":"SearchAction","target":{"@type":"EntryPoint","urlTemplate":"https:\/\/www.nfunb.org\/fr\/?s={search_term_string}"},"query-input":{"@type":"PropertyValueSpecification","valueRequired":true,"valueName":"search_term_string"}}],"inLanguage":"fr-FR"},{"@type":"Organization","@id":"https:\/\/www.nfunb.org\/fr\/#organization","name":"National Farmers Union in New Brunswick","url":"https:\/\/www.nfunb.org\/fr\/","logo":{"@type":"ImageObject","inLanguage":"fr-FR","@id":"https:\/\/www.nfunb.org\/fr\/#\/schema\/logo\/image\/","url":"https:\/\/www.nfunb.org\/wp-content\/uploads\/2022\/01\/NFU_logo_CircleNB.png","contentUrl":"https:\/\/www.nfunb.org\/wp-content\/uploads\/2022\/01\/NFU_logo_CircleNB.png","width":480,"height":480,"caption":"National Farmers Union in New Brunswick"},"image":{"@id":"https:\/\/www.nfunb.org\/fr\/#\/schema\/logo\/image\/"},"sameAs":["https:\/\/www.facebook.com\/NFUinNB","https:\/\/www.instagram.com\/nfu.unf.nb\/"]},{"@type":"Person","@id":"https:\/\/www.nfunb.org\/fr\/#\/schema\/person\/1350c3bd5aa20e59953cf65dc542243a","name":"admin","image":{"@type":"ImageObject","inLanguage":"fr-FR","@id":"https:\/\/www.nfunb.org\/fr\/#\/schema\/person\/image\/","url":"https:\/\/secure.gravatar.com\/avatar\/26808d8fbe6a93b27a5be6fcee340112d06dadfad75e4e9c8533678c2951edde?s=96&d=mm&r=g","contentUrl":"https:\/\/secure.gravatar.com\/avatar\/26808d8fbe6a93b27a5be6fcee340112d06dadfad75e4e9c8533678c2951edde?s=96&d=mm&r=g","caption":"admin"},"sameAs":["https:\/\/nfunb.org\/wordpress\/"],"url":"https:\/\/www.nfunb.org\/fr\/author\/admin\/"}]}},"_links":{"self":[{"href":"https:\/\/www.nfunb.org\/fr\/wp-json\/wp\/v2\/posts\/11699","targetHints":{"allow":["GET"]}}],"collection":[{"href":"https:\/\/www.nfunb.org\/fr\/wp-json\/wp\/v2\/posts"}],"about":[{"href":"https:\/\/www.nfunb.org\/fr\/wp-json\/wp\/v2\/types\/post"}],"author":[{"embeddable":true,"href":"https:\/\/www.nfunb.org\/fr\/wp-json\/wp\/v2\/users\/1"}],"replies":[{"embeddable":true,"href":"https:\/\/www.nfunb.org\/fr\/wp-json\/wp\/v2\/comments?post=11699"}],"version-history":[{"count":2,"href":"https:\/\/www.nfunb.org\/fr\/wp-json\/wp\/v2\/posts\/11699\/revisions"}],"predecessor-version":[{"id":11701,"href":"https:\/\/www.nfunb.org\/fr\/wp-json\/wp\/v2\/posts\/11699\/revisions\/11701"}],"wp:featuredmedia":[{"embeddable":true,"href":"https:\/\/www.nfunb.org\/fr\/wp-json\/wp\/v2\/media\/10672"}],"wp:attachment":[{"href":"https:\/\/www.nfunb.org\/fr\/wp-json\/wp\/v2\/media?parent=11699"}],"wp:term":[{"taxonomy":"category","embeddable":true,"href":"https:\/\/www.nfunb.org\/fr\/wp-json\/wp\/v2\/categories?post=11699"},{"taxonomy":"post_tag","embeddable":true,"href":"https:\/\/www.nfunb.org\/fr\/wp-json\/wp\/v2\/tags?post=11699"}],"curies":[{"name":"wp","href":"https:\/\/api.w.org\/{rel}","templated":true}]}}