{"id":11702,"date":"2020-03-25T10:38:01","date_gmt":"2020-03-25T13:38:01","guid":{"rendered":"https:\/\/nfunb.org\/wordpress\/nfu-nb-to-host-la-via-campesina-youth-conference\/"},"modified":"2022-01-14T11:12:40","modified_gmt":"2022-01-14T15:12:40","slug":"lunf-nb-sera-lhote-de-la-conference-des-jeunes-de-la-via-campesina","status":"publish","type":"post","link":"https:\/\/www.nfunb.org\/fr\/lunf-nb-sera-lhote-de-la-conference-des-jeunes-de-la-via-campesina\/","title":{"rendered":"L\u2019UNF-N.-B. sera l\u2019h\u00f4te de la conf\u00e9rence des jeunes de La Via Campesina"},"content":{"rendered":"\r\n<p><strong>Rogersville, le 8\u00a0novembre\u00a02019\u00a0\u2013\u00a0L\u2019Union nationale des fermiers du Nouveau-Brunswick (UNF-N.-B.), en collaboration avec des membres de la section des jeunes de l\u2019UNF, la section de l\u2019Am\u00e9rique du Nord de La Via Campesina (LVC) et La Ferme Terre Partag\u00e9e, accueillera, en novembre, une trentaine de jeunes d\u00e9l\u00e9gu\u00e9s de La Via Campesina de partout en Am\u00e9rique du Nord.\u00a0\u00a0Ce rassemblement dynamique, \u00e0 caract\u00e8re politique, est cofinanc\u00e9 par l\u2019Union europ\u00e9enne et La Via Campesina International.<\/strong><\/p>\r\n<p>Les d\u00e9l\u00e9gu\u00e9s se r\u00e9uniront pour une semaine d\u2019ateliers qui porteront entre autres sur la justice climatique, le f\u00e9minisme populaire paysan et la D\u00e9claration des Nations Unies sur les droits des paysans.\u00a0\u00a0Une visite dans un centre alimentaire dirig\u00e9 par des Autochtones sera \u00e9galement organis\u00e9e. Le soir, les d\u00e9l\u00e9gu\u00e9s pourront entendre de la musique acadienne et d\u00e9couvrir l\u2019histoire culturelle des Acadiens. Les habitants de la collectivit\u00e9 locale et les membres de l\u2019UNF-N.-B. sont invit\u00e9s \u00e0 participer \u00e0 la soir\u00e9e de rencontre du mercredi\u00a013 novembre. \u00a0<\/p>\r\n<p>Ce rassemblement vise notamment \u00e0 renforcer les relations entre les participants, \u00e0 leur permettre de s\u2019encourager les uns les autres \u00e0 assumer des r\u00f4les de premier plan au sein de LVC, \u00e0 en apprendre davantage sur les luttes et les histoires de chacun et \u00e0 se mobiliser pour agir ensemble. \u00a0<\/p>\r\n<p>\u00ab\u00a0Les jeunes de LVC sont le pr\u00e9sent et l\u2019avenir du mouvement. Nous avons le devoir de nous assurer qu\u2019ils sont bien repr\u00e9sent\u00e9s \u00e0 l\u2019\u00e9chelle r\u00e9gionale et internationale, a indiqu\u00e9 Pierre-Olivier\u00a0Brassard, membre de la coop\u00e9rative Ferme Terre Partag\u00e9e et du conseil d\u2019administration de l\u2019UNF-N.-B. L\u2019agro\u00e9cologie paysanne et la souverainet\u00e9 alimentaire, voil\u00e0 ce que nous d\u00e9fendons!\u00a0\u00a0Nous avons tous tr\u00e8s h\u00e2te d\u2019\u00e9changer nos connaissances sur les processus de LVC, tant \u00e0 l\u2019\u00e9chelle r\u00e9gionale qu\u2019internationale, d\u2019apprendre ensemble gr\u00e2ce \u00e0 une structure d\u2019apprentissage horizontal et de partager nos exp\u00e9riences avec nos organismes respectifs.\u00a0\u00bb<\/p>\r\n<p>Les conf\u00e9rences se tiendront au centre communautaire de Rogersville, du 11 au 15\u00a0novembre. Tous les repas seront \u00e9galement servis au centre communautaire. Des services d\u2019interpr\u00e9tation de l\u2019espagnol \u00e0 l\u2019anglais seront offerts. Les membres de l\u2019UNF-NB et de la collectivit\u00e9 locale sont invit\u00e9s \u00e0 pr\u00eater des v\u00eatements d\u2019hiver, comme des tuques et des manteaux, ainsi que des couvertures aux d\u00e9l\u00e9gu\u00e9s qui seront log\u00e9s dans la collectivit\u00e9. La soir\u00e9e de rencontre aura lieu le\u00a013\u00a0novembre \u00e0 19 h\u00a030, au centre communautaire de Rogersville. Tous sont les bienvenus, et l\u2019entr\u00e9e est gratuite.<\/p>\r\n","protected":false},"excerpt":{"rendered":"<p>Rogersville, le 8\u00a0novembre\u00a02019\u00a0\u2013\u00a0L\u2019Union nationale des fermiers du Nouveau-Brunswick (UNF-N.-B.), en collaboration avec des membres de la section des jeunes de l\u2019UNF, la section de l\u2019Am\u00e9rique du Nord de La Via [&hellip;]<\/p>\n","protected":false},"author":1,"featured_media":10671,"comment_status":"closed","ping_status":"open","sticky":false,"template":"","format":"standard","meta":{"footnotes":""},"categories":[18],"tags":[],"class_list":["post-11702","post","type-post","status-publish","format-standard","has-post-thumbnail","hentry","category-nouvelles"],"yoast_head":"<!-- This site is optimized with the Yoast SEO plugin v26.7 - https:\/\/yoast.com\/wordpress\/plugins\/seo\/ -->\n<title>L\u2019UNF-N.-B. sera l\u2019h\u00f4te de la conf\u00e9rence des jeunes de La Via Campesina - National Farmers Union in New Brunswick<\/title>\n<meta name=\"robots\" content=\"index, follow, max-snippet:-1, max-image-preview:large, max-video-preview:-1\" \/>\n<link rel=\"canonical\" href=\"https:\/\/www.nfunb.org\/fr\/lunf-nb-sera-lhote-de-la-conference-des-jeunes-de-la-via-campesina\/\" \/>\n<meta property=\"og:locale\" content=\"fr_FR\" \/>\n<meta property=\"og:type\" content=\"article\" \/>\n<meta property=\"og:title\" content=\"L\u2019UNF-N.-B. sera l\u2019h\u00f4te de la conf\u00e9rence des jeunes de La Via Campesina - National Farmers Union in New Brunswick\" \/>\n<meta property=\"og:description\" content=\"Rogersville, le 8\u00a0novembre\u00a02019\u00a0\u2013\u00a0L\u2019Union nationale des fermiers du Nouveau-Brunswick (UNF-N.-B.), en collaboration avec des membres de la section des jeunes de l\u2019UNF, la section de l\u2019Am\u00e9rique du Nord de La Via [&hellip;]\" \/>\n<meta property=\"og:url\" content=\"https:\/\/www.nfunb.org\/fr\/lunf-nb-sera-lhote-de-la-conference-des-jeunes-de-la-via-campesina\/\" \/>\n<meta property=\"og:site_name\" content=\"National Farmers Union in New Brunswick\" \/>\n<meta property=\"article:publisher\" content=\"https:\/\/www.facebook.com\/NFUinNB\" \/>\n<meta property=\"article:published_time\" content=\"2020-03-25T13:38:01+00:00\" \/>\n<meta property=\"article:modified_time\" content=\"2022-01-14T15:12:40+00:00\" \/>\n<meta property=\"og:image\" content=\"https:\/\/www.nfunb.org\/wp-content\/uploads\/2020\/03\/Via-Campesina-Logo-300x202-1.jpg\" \/>\n\t<meta property=\"og:image:width\" content=\"300\" \/>\n\t<meta property=\"og:image:height\" content=\"202\" \/>\n\t<meta property=\"og:image:type\" content=\"image\/jpeg\" \/>\n<meta name=\"author\" content=\"admin\" \/>\n<meta name=\"twitter:card\" content=\"summary_large_image\" \/>\n<meta name=\"twitter:label1\" content=\"\u00c9crit par\" \/>\n\t<meta name=\"twitter:data1\" content=\"admin\" \/>\n\t<meta name=\"twitter:label2\" content=\"Dur\u00e9e de lecture estim\u00e9e\" \/>\n\t<meta name=\"twitter:data2\" content=\"2 minutes\" \/>\n<script type=\"application\/ld+json\" class=\"yoast-schema-graph\">{\"@context\":\"https:\/\/schema.org\",\"@graph\":[{\"@type\":\"Article\",\"@id\":\"https:\/\/www.nfunb.org\/fr\/lunf-nb-sera-lhote-de-la-conference-des-jeunes-de-la-via-campesina\/#article\",\"isPartOf\":{\"@id\":\"https:\/\/www.nfunb.org\/fr\/lunf-nb-sera-lhote-de-la-conference-des-jeunes-de-la-via-campesina\/\"},\"author\":{\"name\":\"admin\",\"@id\":\"https:\/\/www.nfunb.org\/fr\/#\/schema\/person\/1350c3bd5aa20e59953cf65dc542243a\"},\"headline\":\"L\u2019UNF-N.-B. sera l\u2019h\u00f4te de la conf\u00e9rence des jeunes de La Via Campesina\",\"datePublished\":\"2020-03-25T13:38:01+00:00\",\"dateModified\":\"2022-01-14T15:12:40+00:00\",\"mainEntityOfPage\":{\"@id\":\"https:\/\/www.nfunb.org\/fr\/lunf-nb-sera-lhote-de-la-conference-des-jeunes-de-la-via-campesina\/\"},\"wordCount\":459,\"publisher\":{\"@id\":\"https:\/\/www.nfunb.org\/fr\/#organization\"},\"image\":{\"@id\":\"https:\/\/www.nfunb.org\/fr\/lunf-nb-sera-lhote-de-la-conference-des-jeunes-de-la-via-campesina\/#primaryimage\"},\"thumbnailUrl\":\"https:\/\/www.nfunb.org\/wp-content\/uploads\/2020\/03\/Via-Campesina-Logo-300x202-1.jpg\",\"articleSection\":[\"Nouvelles\"],\"inLanguage\":\"fr-FR\"},{\"@type\":\"WebPage\",\"@id\":\"https:\/\/www.nfunb.org\/fr\/lunf-nb-sera-lhote-de-la-conference-des-jeunes-de-la-via-campesina\/\",\"url\":\"https:\/\/www.nfunb.org\/fr\/lunf-nb-sera-lhote-de-la-conference-des-jeunes-de-la-via-campesina\/\",\"name\":\"L\u2019UNF-N.-B. sera l\u2019h\u00f4te de la conf\u00e9rence des jeunes de La Via Campesina - National Farmers Union in New Brunswick\",\"isPartOf\":{\"@id\":\"https:\/\/www.nfunb.org\/fr\/#website\"},\"primaryImageOfPage\":{\"@id\":\"https:\/\/www.nfunb.org\/fr\/lunf-nb-sera-lhote-de-la-conference-des-jeunes-de-la-via-campesina\/#primaryimage\"},\"image\":{\"@id\":\"https:\/\/www.nfunb.org\/fr\/lunf-nb-sera-lhote-de-la-conference-des-jeunes-de-la-via-campesina\/#primaryimage\"},\"thumbnailUrl\":\"https:\/\/www.nfunb.org\/wp-content\/uploads\/2020\/03\/Via-Campesina-Logo-300x202-1.jpg\",\"datePublished\":\"2020-03-25T13:38:01+00:00\",\"dateModified\":\"2022-01-14T15:12:40+00:00\",\"breadcrumb\":{\"@id\":\"https:\/\/www.nfunb.org\/fr\/lunf-nb-sera-lhote-de-la-conference-des-jeunes-de-la-via-campesina\/#breadcrumb\"},\"inLanguage\":\"fr-FR\",\"potentialAction\":[{\"@type\":\"ReadAction\",\"target\":[\"https:\/\/www.nfunb.org\/fr\/lunf-nb-sera-lhote-de-la-conference-des-jeunes-de-la-via-campesina\/\"]}]},{\"@type\":\"ImageObject\",\"inLanguage\":\"fr-FR\",\"@id\":\"https:\/\/www.nfunb.org\/fr\/lunf-nb-sera-lhote-de-la-conference-des-jeunes-de-la-via-campesina\/#primaryimage\",\"url\":\"https:\/\/www.nfunb.org\/wp-content\/uploads\/2020\/03\/Via-Campesina-Logo-300x202-1.jpg\",\"contentUrl\":\"https:\/\/www.nfunb.org\/wp-content\/uploads\/2020\/03\/Via-Campesina-Logo-300x202-1.jpg\",\"width\":300,\"height\":202},{\"@type\":\"BreadcrumbList\",\"@id\":\"https:\/\/www.nfunb.org\/fr\/lunf-nb-sera-lhote-de-la-conference-des-jeunes-de-la-via-campesina\/#breadcrumb\",\"itemListElement\":[{\"@type\":\"ListItem\",\"position\":1,\"name\":\"Home\",\"item\":\"https:\/\/www.nfunb.org\/fr\/home\/\"},{\"@type\":\"ListItem\",\"position\":2,\"name\":\"L\u2019UNF-N.-B. sera l\u2019h\u00f4te de la conf\u00e9rence des jeunes de La Via Campesina\"}]},{\"@type\":\"WebSite\",\"@id\":\"https:\/\/www.nfunb.org\/fr\/#website\",\"url\":\"https:\/\/www.nfunb.org\/fr\/\",\"name\":\"National Farmers Union in New Brunswick\",\"description\":\"Strong Communities. Sound Policies. Sustainable Farms\",\"publisher\":{\"@id\":\"https:\/\/www.nfunb.org\/fr\/#organization\"},\"potentialAction\":[{\"@type\":\"SearchAction\",\"target\":{\"@type\":\"EntryPoint\",\"urlTemplate\":\"https:\/\/www.nfunb.org\/fr\/?s={search_term_string}\"},\"query-input\":{\"@type\":\"PropertyValueSpecification\",\"valueRequired\":true,\"valueName\":\"search_term_string\"}}],\"inLanguage\":\"fr-FR\"},{\"@type\":\"Organization\",\"@id\":\"https:\/\/www.nfunb.org\/fr\/#organization\",\"name\":\"National Farmers Union in New Brunswick\",\"url\":\"https:\/\/www.nfunb.org\/fr\/\",\"logo\":{\"@type\":\"ImageObject\",\"inLanguage\":\"fr-FR\",\"@id\":\"https:\/\/www.nfunb.org\/fr\/#\/schema\/logo\/image\/\",\"url\":\"https:\/\/www.nfunb.org\/wp-content\/uploads\/2022\/01\/NFU_logo_CircleNB.png\",\"contentUrl\":\"https:\/\/www.nfunb.org\/wp-content\/uploads\/2022\/01\/NFU_logo_CircleNB.png\",\"width\":480,\"height\":480,\"caption\":\"National Farmers Union in New Brunswick\"},\"image\":{\"@id\":\"https:\/\/www.nfunb.org\/fr\/#\/schema\/logo\/image\/\"},\"sameAs\":[\"https:\/\/www.facebook.com\/NFUinNB\",\"https:\/\/www.instagram.com\/nfu.unf.nb\/\"]},{\"@type\":\"Person\",\"@id\":\"https:\/\/www.nfunb.org\/fr\/#\/schema\/person\/1350c3bd5aa20e59953cf65dc542243a\",\"name\":\"admin\",\"image\":{\"@type\":\"ImageObject\",\"inLanguage\":\"fr-FR\",\"@id\":\"https:\/\/www.nfunb.org\/fr\/#\/schema\/person\/image\/\",\"url\":\"https:\/\/secure.gravatar.com\/avatar\/26808d8fbe6a93b27a5be6fcee340112d06dadfad75e4e9c8533678c2951edde?s=96&d=mm&r=g\",\"contentUrl\":\"https:\/\/secure.gravatar.com\/avatar\/26808d8fbe6a93b27a5be6fcee340112d06dadfad75e4e9c8533678c2951edde?s=96&d=mm&r=g\",\"caption\":\"admin\"},\"sameAs\":[\"https:\/\/nfunb.org\/wordpress\/\"],\"url\":\"https:\/\/www.nfunb.org\/fr\/author\/admin\/\"}]}<\/script>\n<!-- \/ Yoast SEO plugin. -->","yoast_head_json":{"title":"L\u2019UNF-N.-B. sera l\u2019h\u00f4te de la conf\u00e9rence des jeunes de La Via Campesina - National Farmers Union in New Brunswick","robots":{"index":"index","follow":"follow","max-snippet":"max-snippet:-1","max-image-preview":"max-image-preview:large","max-video-preview":"max-video-preview:-1"},"canonical":"https:\/\/www.nfunb.org\/fr\/lunf-nb-sera-lhote-de-la-conference-des-jeunes-de-la-via-campesina\/","og_locale":"fr_FR","og_type":"article","og_title":"L\u2019UNF-N.-B. sera l\u2019h\u00f4te de la conf\u00e9rence des jeunes de La Via Campesina - National Farmers Union in New Brunswick","og_description":"Rogersville, le 8\u00a0novembre\u00a02019\u00a0\u2013\u00a0L\u2019Union nationale des fermiers du Nouveau-Brunswick (UNF-N.-B.), en collaboration avec des membres de la section des jeunes de l\u2019UNF, la section de l\u2019Am\u00e9rique du Nord de La Via [&hellip;]","og_url":"https:\/\/www.nfunb.org\/fr\/lunf-nb-sera-lhote-de-la-conference-des-jeunes-de-la-via-campesina\/","og_site_name":"National Farmers Union in New Brunswick","article_publisher":"https:\/\/www.facebook.com\/NFUinNB","article_published_time":"2020-03-25T13:38:01+00:00","article_modified_time":"2022-01-14T15:12:40+00:00","og_image":[{"width":300,"height":202,"url":"https:\/\/www.nfunb.org\/wp-content\/uploads\/2020\/03\/Via-Campesina-Logo-300x202-1.jpg","type":"image\/jpeg"}],"author":"admin","twitter_card":"summary_large_image","twitter_misc":{"\u00c9crit par":"admin","Dur\u00e9e de lecture estim\u00e9e":"2 minutes"},"schema":{"@context":"https:\/\/schema.org","@graph":[{"@type":"Article","@id":"https:\/\/www.nfunb.org\/fr\/lunf-nb-sera-lhote-de-la-conference-des-jeunes-de-la-via-campesina\/#article","isPartOf":{"@id":"https:\/\/www.nfunb.org\/fr\/lunf-nb-sera-lhote-de-la-conference-des-jeunes-de-la-via-campesina\/"},"author":{"name":"admin","@id":"https:\/\/www.nfunb.org\/fr\/#\/schema\/person\/1350c3bd5aa20e59953cf65dc542243a"},"headline":"L\u2019UNF-N.-B. sera l\u2019h\u00f4te de la conf\u00e9rence des jeunes de La Via Campesina","datePublished":"2020-03-25T13:38:01+00:00","dateModified":"2022-01-14T15:12:40+00:00","mainEntityOfPage":{"@id":"https:\/\/www.nfunb.org\/fr\/lunf-nb-sera-lhote-de-la-conference-des-jeunes-de-la-via-campesina\/"},"wordCount":459,"publisher":{"@id":"https:\/\/www.nfunb.org\/fr\/#organization"},"image":{"@id":"https:\/\/www.nfunb.org\/fr\/lunf-nb-sera-lhote-de-la-conference-des-jeunes-de-la-via-campesina\/#primaryimage"},"thumbnailUrl":"https:\/\/www.nfunb.org\/wp-content\/uploads\/2020\/03\/Via-Campesina-Logo-300x202-1.jpg","articleSection":["Nouvelles"],"inLanguage":"fr-FR"},{"@type":"WebPage","@id":"https:\/\/www.nfunb.org\/fr\/lunf-nb-sera-lhote-de-la-conference-des-jeunes-de-la-via-campesina\/","url":"https:\/\/www.nfunb.org\/fr\/lunf-nb-sera-lhote-de-la-conference-des-jeunes-de-la-via-campesina\/","name":"L\u2019UNF-N.-B. sera l\u2019h\u00f4te de la conf\u00e9rence des jeunes de La Via Campesina - National Farmers Union in New Brunswick","isPartOf":{"@id":"https:\/\/www.nfunb.org\/fr\/#website"},"primaryImageOfPage":{"@id":"https:\/\/www.nfunb.org\/fr\/lunf-nb-sera-lhote-de-la-conference-des-jeunes-de-la-via-campesina\/#primaryimage"},"image":{"@id":"https:\/\/www.nfunb.org\/fr\/lunf-nb-sera-lhote-de-la-conference-des-jeunes-de-la-via-campesina\/#primaryimage"},"thumbnailUrl":"https:\/\/www.nfunb.org\/wp-content\/uploads\/2020\/03\/Via-Campesina-Logo-300x202-1.jpg","datePublished":"2020-03-25T13:38:01+00:00","dateModified":"2022-01-14T15:12:40+00:00","breadcrumb":{"@id":"https:\/\/www.nfunb.org\/fr\/lunf-nb-sera-lhote-de-la-conference-des-jeunes-de-la-via-campesina\/#breadcrumb"},"inLanguage":"fr-FR","potentialAction":[{"@type":"ReadAction","target":["https:\/\/www.nfunb.org\/fr\/lunf-nb-sera-lhote-de-la-conference-des-jeunes-de-la-via-campesina\/"]}]},{"@type":"ImageObject","inLanguage":"fr-FR","@id":"https:\/\/www.nfunb.org\/fr\/lunf-nb-sera-lhote-de-la-conference-des-jeunes-de-la-via-campesina\/#primaryimage","url":"https:\/\/www.nfunb.org\/wp-content\/uploads\/2020\/03\/Via-Campesina-Logo-300x202-1.jpg","contentUrl":"https:\/\/www.nfunb.org\/wp-content\/uploads\/2020\/03\/Via-Campesina-Logo-300x202-1.jpg","width":300,"height":202},{"@type":"BreadcrumbList","@id":"https:\/\/www.nfunb.org\/fr\/lunf-nb-sera-lhote-de-la-conference-des-jeunes-de-la-via-campesina\/#breadcrumb","itemListElement":[{"@type":"ListItem","position":1,"name":"Home","item":"https:\/\/www.nfunb.org\/fr\/home\/"},{"@type":"ListItem","position":2,"name":"L\u2019UNF-N.-B. sera l\u2019h\u00f4te de la conf\u00e9rence des jeunes de La Via Campesina"}]},{"@type":"WebSite","@id":"https:\/\/www.nfunb.org\/fr\/#website","url":"https:\/\/www.nfunb.org\/fr\/","name":"National Farmers Union in New Brunswick","description":"Strong Communities. Sound Policies. Sustainable Farms","publisher":{"@id":"https:\/\/www.nfunb.org\/fr\/#organization"},"potentialAction":[{"@type":"SearchAction","target":{"@type":"EntryPoint","urlTemplate":"https:\/\/www.nfunb.org\/fr\/?s={search_term_string}"},"query-input":{"@type":"PropertyValueSpecification","valueRequired":true,"valueName":"search_term_string"}}],"inLanguage":"fr-FR"},{"@type":"Organization","@id":"https:\/\/www.nfunb.org\/fr\/#organization","name":"National Farmers Union in New Brunswick","url":"https:\/\/www.nfunb.org\/fr\/","logo":{"@type":"ImageObject","inLanguage":"fr-FR","@id":"https:\/\/www.nfunb.org\/fr\/#\/schema\/logo\/image\/","url":"https:\/\/www.nfunb.org\/wp-content\/uploads\/2022\/01\/NFU_logo_CircleNB.png","contentUrl":"https:\/\/www.nfunb.org\/wp-content\/uploads\/2022\/01\/NFU_logo_CircleNB.png","width":480,"height":480,"caption":"National Farmers Union in New Brunswick"},"image":{"@id":"https:\/\/www.nfunb.org\/fr\/#\/schema\/logo\/image\/"},"sameAs":["https:\/\/www.facebook.com\/NFUinNB","https:\/\/www.instagram.com\/nfu.unf.nb\/"]},{"@type":"Person","@id":"https:\/\/www.nfunb.org\/fr\/#\/schema\/person\/1350c3bd5aa20e59953cf65dc542243a","name":"admin","image":{"@type":"ImageObject","inLanguage":"fr-FR","@id":"https:\/\/www.nfunb.org\/fr\/#\/schema\/person\/image\/","url":"https:\/\/secure.gravatar.com\/avatar\/26808d8fbe6a93b27a5be6fcee340112d06dadfad75e4e9c8533678c2951edde?s=96&d=mm&r=g","contentUrl":"https:\/\/secure.gravatar.com\/avatar\/26808d8fbe6a93b27a5be6fcee340112d06dadfad75e4e9c8533678c2951edde?s=96&d=mm&r=g","caption":"admin"},"sameAs":["https:\/\/nfunb.org\/wordpress\/"],"url":"https:\/\/www.nfunb.org\/fr\/author\/admin\/"}]}},"_links":{"self":[{"href":"https:\/\/www.nfunb.org\/fr\/wp-json\/wp\/v2\/posts\/11702","targetHints":{"allow":["GET"]}}],"collection":[{"href":"https:\/\/www.nfunb.org\/fr\/wp-json\/wp\/v2\/posts"}],"about":[{"href":"https:\/\/www.nfunb.org\/fr\/wp-json\/wp\/v2\/types\/post"}],"author":[{"embeddable":true,"href":"https:\/\/www.nfunb.org\/fr\/wp-json\/wp\/v2\/users\/1"}],"replies":[{"embeddable":true,"href":"https:\/\/www.nfunb.org\/fr\/wp-json\/wp\/v2\/comments?post=11702"}],"version-history":[{"count":2,"href":"https:\/\/www.nfunb.org\/fr\/wp-json\/wp\/v2\/posts\/11702\/revisions"}],"predecessor-version":[{"id":11704,"href":"https:\/\/www.nfunb.org\/fr\/wp-json\/wp\/v2\/posts\/11702\/revisions\/11704"}],"wp:featuredmedia":[{"embeddable":true,"href":"https:\/\/www.nfunb.org\/fr\/wp-json\/wp\/v2\/media\/10671"}],"wp:attachment":[{"href":"https:\/\/www.nfunb.org\/fr\/wp-json\/wp\/v2\/media?parent=11702"}],"wp:term":[{"taxonomy":"category","embeddable":true,"href":"https:\/\/www.nfunb.org\/fr\/wp-json\/wp\/v2\/categories?post=11702"},{"taxonomy":"post_tag","embeddable":true,"href":"https:\/\/www.nfunb.org\/fr\/wp-json\/wp\/v2\/tags?post=11702"}],"curies":[{"name":"wp","href":"https:\/\/api.w.org\/{rel}","templated":true}]}}