{"id":11721,"date":"2019-04-04T15:01:43","date_gmt":"2019-04-04T18:01:43","guid":{"rendered":"https:\/\/nfunb.org\/wordpress\/ensuring-farmers-rights-at-home-and-abroad-nfu-nb-2019-agm\/"},"modified":"2022-01-14T11:33:41","modified_gmt":"2022-01-14T15:33:41","slug":"assurer-les-droits-des-fermiers-ici-et-a-l-etranger-aga-2019-de-l-unf-nb","status":"publish","type":"post","link":"https:\/\/www.nfunb.org\/fr\/assurer-les-droits-des-fermiers-ici-et-a-l-etranger-aga-2019-de-l-unf-nb\/","title":{"rendered":"Assurer les droits des fermiers: Ici et \u00e0 l\u2019\u00e9tranger AGA 2019 de l\u2019UNF-N.-B."},"content":{"rendered":"\r\n<p><strong>Glassville, jeudi, le 4 avril 2019 \u2013\u00a0<\/strong>Les droits des fermiers sont continuellement menac\u00e9s \u00e0 l\u2019\u00e9chelle mondiale. Gr\u00e2ce en partie au travail acharn\u00e9 de La Via Campesina et de ses organismes membres, les Nations Unies ont r\u00e9cemment adopt\u00e9 la D\u00e9claration des droits des paysannes et des paysans visant \u00e0 prot\u00e9ger les moyens de subsistance et les m\u00e9thodes \u00e0 petite \u00e9chelle de production des aliments au niveau international. Chez-nous, non seulement le Canada s\u2019est-il abstenu de voter \u00e0 l\u2019ONU, mais la protection de nos semences est la cible d\u2019attaques alors que le gouvernement remet \u00e0 l\u2019industrie notre droit de sauvegarder et de r\u00e9-utiliser nos propres semences. Les fermiers du Nouveau-Brunswick se d\u00e9battent pour survivre et s\u2019\u00e9panouir ici, en partie \u00e0 cause d\u2019un manque de reconnaissance de l\u2019importance des semences, des terres et des communaut\u00e9s. Venez nous rejoindre lors de notre AGA 2019 o\u00f9 nous allons explorer le th\u00e8me \u00ab Assurer les droits des fermiers : Ici et \u00e0 l\u2019\u00e9tranger \u00bb et profitez de l\u2019occasion pour discuter et d\u00e9terminer comment s\u2019assurer de promulguer une loi qui va prot\u00e9ger les fermes et les fermiers.<\/p>\r\n<p>En avant-midi, les membres de l\u2019UNF-NB vont pr\u00e9senter des r\u00e9solutions sur des questions de politiques courantes et la s\u00e9ance de travail de l\u2019AGA va couvrir les affaires courantes. Les pr\u00e9sentations vont commencer avec Jessie McInnis, qui \u00e9tait pr\u00e9sent \u00e0 l\u2019ONU lors de l\u2019adoption de la D\u00e9claration des paysannes et des paysans. Il y aura \u00e9galement une vid\u00e9o sur les enjeux de souverainet\u00e9 sur les semences pr\u00e9sent\u00e9e par Terry Boehm, pr\u00e9sident du Comit\u00e9 sur les semences de l\u2019UNF ; il y aura une foire aux questions et aussi des commentaires de la part des activistes locaux sur la souverainet\u00e9 des semences.<\/p>\r\n<p>L\u2019apr\u00e8s-midi va commencer avec une pr\u00e9sentation portant sur le Plan d\u2019identification des terres agricoles (PITA) ; il y aura du temps pour les questions. Il y aura ensuite une courte pr\u00e9sentation faite par Jean-Eudes Chiasson, un fermier de longue date, qui va partager son exp\u00e9rience avec, et sa compr\u00e9hension de, l\u2019utilisation du glyphosate en agriculture. Nous voulons contextualiser une discussion avec les participants sur comment l\u2019UNF-NB pourrait ou devrait participer dans la conversation croissante \u00e0 propos de cet herbicide populaire. Nous croyons qu\u2019en \u00e9coutant les fermiers et en facilitant des discussions, cela va nous aider \u00e0 faire avancer la discussion sur la souverainet\u00e9 alimentaire.\u00a0<\/p>\r\n<p>Nous avons invit\u00e9 les membres de l\u2019Assembl\u00e9e l\u00e9gislative \u00e0 se joindre \u00e0 nous pour le repas du midi, l\u00e0 o\u00f9 les participants seront en mesure de poser des questions et de partager directement leurs pr\u00e9occupations avec les d\u00e9cideurs politiques. L\u2019Assembl\u00e9e g\u00e9n\u00e9rale annuelle de l\u2019Union nationale des fermiers au Nouveau-Brunwick, qui aura lieu le mercredi 10 avril, sera une occasion pour les fermiers et les non-agriculteurs de discuter et de mettre l\u2019accent sur comment se battre pour assurer nos droits en tant qu\u2019agriculteurs au Nouveau-Brunswick.\u00a0<\/p>\r\n<p><strong>D\u00e9tails de l\u2019Assembl\u00e9e :<\/strong><\/p>\r\n<ul>\r\n<li>Mercredi 10 avril 2019<\/li>\r\n<li>L\u2019\u00e9v\u00e9nement aura lieu dans la salle RBC, Galerie d\u2019art Beaverbrook, 703 rue Queen, Fredericton, NB\u00a0<\/li>\r\n<li>Repas du midi avec les d\u00e9put\u00e9s de l\u2019Assembl\u00e9e l\u00e9gislative<\/li>\r\n<li>L\u2019inscription commence \u00e0 09h30 et l\u2019AGA aura lieu de 10h00 \u00e0 15h30<\/li>\r\n<li>Le frais d\u2019inscription est de 25 $ et inclut le repas du midi utilisant des ingr\u00e9dients locaux<\/li>\r\n<li>L\u2019interpr\u00e9tation (traduction simultan\u00e9e) sera disponible<\/li>\r\n<li>On encourage la pr\u00e9inscription par courriel\u00a0<a>info@nfunb.org<\/a>\u00a0ou au (506) 260-0087<\/li>\r\n<\/ul>\r\n<p>L\u2019Union nationale des fermiers au Nouveau-Brunswick est l\u2019un des deux organismes g\u00e9n\u00e9raux agr\u00e9\u00e9s dans la province. Nos membres croient que les fermes familiales, petites et moyennes, devraient rester les unit\u00e9s fondamentales de production alimentaire au Canada. En tant qu\u2019organisme d\u00e9mocratique anim\u00e9 par ses membres, nous faisons la promotion des politiques soumises par nos membres et qui appuient les fermes familiales. Nous nous effor\u00e7ons de cr\u00e9er des espaces pour que les fermier puissent se rassembler afin d\u2019apprendre et de r\u00e9seauter.\u00a0<\/p>\r\n","protected":false},"excerpt":{"rendered":"<p>Glassville, jeudi, le 4 avril 2019 \u2013\u00a0Les droits des fermiers sont continuellement menac\u00e9s \u00e0 l\u2019\u00e9chelle mondiale. Gr\u00e2ce en partie au travail acharn\u00e9 de La Via Campesina et de ses organismes [&hellip;]<\/p>\n","protected":false},"author":1,"featured_media":0,"comment_status":"closed","ping_status":"open","sticky":false,"template":"","format":"standard","meta":{"footnotes":""},"categories":[116],"tags":[],"class_list":["post-11721","post","type-post","status-publish","format-standard","hentry","category-press-release"],"yoast_head":"<!-- This site is optimized with the Yoast SEO plugin v26.7 - https:\/\/yoast.com\/wordpress\/plugins\/seo\/ -->\n<title>Assurer les droits des fermiers: Ici et \u00e0 l\u2019\u00e9tranger AGA 2019 de l\u2019UNF-N.-B. - National Farmers Union in New Brunswick<\/title>\n<meta name=\"robots\" content=\"index, follow, max-snippet:-1, max-image-preview:large, max-video-preview:-1\" \/>\n<link rel=\"canonical\" href=\"https:\/\/www.nfunb.org\/fr\/assurer-les-droits-des-fermiers-ici-et-a-l-etranger-aga-2019-de-l-unf-nb\/\" \/>\n<meta property=\"og:locale\" content=\"fr_FR\" \/>\n<meta property=\"og:type\" content=\"article\" \/>\n<meta property=\"og:title\" content=\"Assurer les droits des fermiers: Ici et \u00e0 l\u2019\u00e9tranger AGA 2019 de l\u2019UNF-N.-B. - National Farmers Union in New Brunswick\" \/>\n<meta property=\"og:description\" content=\"Glassville, jeudi, le 4 avril 2019 \u2013\u00a0Les droits des fermiers sont continuellement menac\u00e9s \u00e0 l\u2019\u00e9chelle mondiale. Gr\u00e2ce en partie au travail acharn\u00e9 de La Via Campesina et de ses organismes [&hellip;]\" \/>\n<meta property=\"og:url\" content=\"https:\/\/www.nfunb.org\/fr\/assurer-les-droits-des-fermiers-ici-et-a-l-etranger-aga-2019-de-l-unf-nb\/\" \/>\n<meta property=\"og:site_name\" content=\"National Farmers Union in New Brunswick\" \/>\n<meta property=\"article:publisher\" content=\"https:\/\/www.facebook.com\/NFUinNB\" \/>\n<meta property=\"article:published_time\" content=\"2019-04-04T18:01:43+00:00\" \/>\n<meta property=\"article:modified_time\" content=\"2022-01-14T15:33:41+00:00\" \/>\n<meta name=\"author\" content=\"admin\" \/>\n<meta name=\"twitter:card\" content=\"summary_large_image\" \/>\n<meta name=\"twitter:label1\" content=\"\u00c9crit par\" \/>\n\t<meta name=\"twitter:data1\" content=\"admin\" \/>\n\t<meta name=\"twitter:label2\" content=\"Dur\u00e9e de lecture estim\u00e9e\" \/>\n\t<meta name=\"twitter:data2\" content=\"3 minutes\" \/>\n<script type=\"application\/ld+json\" class=\"yoast-schema-graph\">{\"@context\":\"https:\/\/schema.org\",\"@graph\":[{\"@type\":\"Article\",\"@id\":\"https:\/\/www.nfunb.org\/fr\/assurer-les-droits-des-fermiers-ici-et-a-l-etranger-aga-2019-de-l-unf-nb\/#article\",\"isPartOf\":{\"@id\":\"https:\/\/www.nfunb.org\/fr\/assurer-les-droits-des-fermiers-ici-et-a-l-etranger-aga-2019-de-l-unf-nb\/\"},\"author\":{\"name\":\"admin\",\"@id\":\"https:\/\/www.nfunb.org\/fr\/#\/schema\/person\/1350c3bd5aa20e59953cf65dc542243a\"},\"headline\":\"Assurer les droits des fermiers: Ici et \u00e0 l\u2019\u00e9tranger AGA 2019 de l\u2019UNF-N.-B.\",\"datePublished\":\"2019-04-04T18:01:43+00:00\",\"dateModified\":\"2022-01-14T15:33:41+00:00\",\"mainEntityOfPage\":{\"@id\":\"https:\/\/www.nfunb.org\/fr\/assurer-les-droits-des-fermiers-ici-et-a-l-etranger-aga-2019-de-l-unf-nb\/\"},\"wordCount\":701,\"publisher\":{\"@id\":\"https:\/\/www.nfunb.org\/fr\/#organization\"},\"articleSection\":[\"Press release\"],\"inLanguage\":\"fr-FR\"},{\"@type\":\"WebPage\",\"@id\":\"https:\/\/www.nfunb.org\/fr\/assurer-les-droits-des-fermiers-ici-et-a-l-etranger-aga-2019-de-l-unf-nb\/\",\"url\":\"https:\/\/www.nfunb.org\/fr\/assurer-les-droits-des-fermiers-ici-et-a-l-etranger-aga-2019-de-l-unf-nb\/\",\"name\":\"Assurer les droits des fermiers: Ici et \u00e0 l\u2019\u00e9tranger AGA 2019 de l\u2019UNF-N.-B. - National Farmers Union in New Brunswick\",\"isPartOf\":{\"@id\":\"https:\/\/www.nfunb.org\/fr\/#website\"},\"datePublished\":\"2019-04-04T18:01:43+00:00\",\"dateModified\":\"2022-01-14T15:33:41+00:00\",\"breadcrumb\":{\"@id\":\"https:\/\/www.nfunb.org\/fr\/assurer-les-droits-des-fermiers-ici-et-a-l-etranger-aga-2019-de-l-unf-nb\/#breadcrumb\"},\"inLanguage\":\"fr-FR\",\"potentialAction\":[{\"@type\":\"ReadAction\",\"target\":[\"https:\/\/www.nfunb.org\/fr\/assurer-les-droits-des-fermiers-ici-et-a-l-etranger-aga-2019-de-l-unf-nb\/\"]}]},{\"@type\":\"BreadcrumbList\",\"@id\":\"https:\/\/www.nfunb.org\/fr\/assurer-les-droits-des-fermiers-ici-et-a-l-etranger-aga-2019-de-l-unf-nb\/#breadcrumb\",\"itemListElement\":[{\"@type\":\"ListItem\",\"position\":1,\"name\":\"Home\",\"item\":\"https:\/\/www.nfunb.org\/fr\/home\/\"},{\"@type\":\"ListItem\",\"position\":2,\"name\":\"Assurer les droits des fermiers: Ici et \u00e0 l\u2019\u00e9tranger AGA 2019 de l\u2019UNF-N.-B.\"}]},{\"@type\":\"WebSite\",\"@id\":\"https:\/\/www.nfunb.org\/fr\/#website\",\"url\":\"https:\/\/www.nfunb.org\/fr\/\",\"name\":\"National Farmers Union in New Brunswick\",\"description\":\"Strong Communities. Sound Policies. Sustainable Farms\",\"publisher\":{\"@id\":\"https:\/\/www.nfunb.org\/fr\/#organization\"},\"potentialAction\":[{\"@type\":\"SearchAction\",\"target\":{\"@type\":\"EntryPoint\",\"urlTemplate\":\"https:\/\/www.nfunb.org\/fr\/?s={search_term_string}\"},\"query-input\":{\"@type\":\"PropertyValueSpecification\",\"valueRequired\":true,\"valueName\":\"search_term_string\"}}],\"inLanguage\":\"fr-FR\"},{\"@type\":\"Organization\",\"@id\":\"https:\/\/www.nfunb.org\/fr\/#organization\",\"name\":\"National Farmers Union in New Brunswick\",\"url\":\"https:\/\/www.nfunb.org\/fr\/\",\"logo\":{\"@type\":\"ImageObject\",\"inLanguage\":\"fr-FR\",\"@id\":\"https:\/\/www.nfunb.org\/fr\/#\/schema\/logo\/image\/\",\"url\":\"https:\/\/www.nfunb.org\/wp-content\/uploads\/2022\/01\/NFU_logo_CircleNB.png\",\"contentUrl\":\"https:\/\/www.nfunb.org\/wp-content\/uploads\/2022\/01\/NFU_logo_CircleNB.png\",\"width\":480,\"height\":480,\"caption\":\"National Farmers Union in New Brunswick\"},\"image\":{\"@id\":\"https:\/\/www.nfunb.org\/fr\/#\/schema\/logo\/image\/\"},\"sameAs\":[\"https:\/\/www.facebook.com\/NFUinNB\",\"https:\/\/www.instagram.com\/nfu.unf.nb\/\"]},{\"@type\":\"Person\",\"@id\":\"https:\/\/www.nfunb.org\/fr\/#\/schema\/person\/1350c3bd5aa20e59953cf65dc542243a\",\"name\":\"admin\",\"image\":{\"@type\":\"ImageObject\",\"inLanguage\":\"fr-FR\",\"@id\":\"https:\/\/www.nfunb.org\/fr\/#\/schema\/person\/image\/\",\"url\":\"https:\/\/secure.gravatar.com\/avatar\/26808d8fbe6a93b27a5be6fcee340112d06dadfad75e4e9c8533678c2951edde?s=96&d=mm&r=g\",\"contentUrl\":\"https:\/\/secure.gravatar.com\/avatar\/26808d8fbe6a93b27a5be6fcee340112d06dadfad75e4e9c8533678c2951edde?s=96&d=mm&r=g\",\"caption\":\"admin\"},\"sameAs\":[\"https:\/\/nfunb.org\/wordpress\/\"],\"url\":\"https:\/\/www.nfunb.org\/fr\/author\/admin\/\"}]}<\/script>\n<!-- \/ Yoast SEO plugin. -->","yoast_head_json":{"title":"Assurer les droits des fermiers: Ici et \u00e0 l\u2019\u00e9tranger AGA 2019 de l\u2019UNF-N.-B. - National Farmers Union in New Brunswick","robots":{"index":"index","follow":"follow","max-snippet":"max-snippet:-1","max-image-preview":"max-image-preview:large","max-video-preview":"max-video-preview:-1"},"canonical":"https:\/\/www.nfunb.org\/fr\/assurer-les-droits-des-fermiers-ici-et-a-l-etranger-aga-2019-de-l-unf-nb\/","og_locale":"fr_FR","og_type":"article","og_title":"Assurer les droits des fermiers: Ici et \u00e0 l\u2019\u00e9tranger AGA 2019 de l\u2019UNF-N.-B. - National Farmers Union in New Brunswick","og_description":"Glassville, jeudi, le 4 avril 2019 \u2013\u00a0Les droits des fermiers sont continuellement menac\u00e9s \u00e0 l\u2019\u00e9chelle mondiale. Gr\u00e2ce en partie au travail acharn\u00e9 de La Via Campesina et de ses organismes [&hellip;]","og_url":"https:\/\/www.nfunb.org\/fr\/assurer-les-droits-des-fermiers-ici-et-a-l-etranger-aga-2019-de-l-unf-nb\/","og_site_name":"National Farmers Union in New Brunswick","article_publisher":"https:\/\/www.facebook.com\/NFUinNB","article_published_time":"2019-04-04T18:01:43+00:00","article_modified_time":"2022-01-14T15:33:41+00:00","author":"admin","twitter_card":"summary_large_image","twitter_misc":{"\u00c9crit par":"admin","Dur\u00e9e de lecture estim\u00e9e":"3 minutes"},"schema":{"@context":"https:\/\/schema.org","@graph":[{"@type":"Article","@id":"https:\/\/www.nfunb.org\/fr\/assurer-les-droits-des-fermiers-ici-et-a-l-etranger-aga-2019-de-l-unf-nb\/#article","isPartOf":{"@id":"https:\/\/www.nfunb.org\/fr\/assurer-les-droits-des-fermiers-ici-et-a-l-etranger-aga-2019-de-l-unf-nb\/"},"author":{"name":"admin","@id":"https:\/\/www.nfunb.org\/fr\/#\/schema\/person\/1350c3bd5aa20e59953cf65dc542243a"},"headline":"Assurer les droits des fermiers: Ici et \u00e0 l\u2019\u00e9tranger AGA 2019 de l\u2019UNF-N.-B.","datePublished":"2019-04-04T18:01:43+00:00","dateModified":"2022-01-14T15:33:41+00:00","mainEntityOfPage":{"@id":"https:\/\/www.nfunb.org\/fr\/assurer-les-droits-des-fermiers-ici-et-a-l-etranger-aga-2019-de-l-unf-nb\/"},"wordCount":701,"publisher":{"@id":"https:\/\/www.nfunb.org\/fr\/#organization"},"articleSection":["Press release"],"inLanguage":"fr-FR"},{"@type":"WebPage","@id":"https:\/\/www.nfunb.org\/fr\/assurer-les-droits-des-fermiers-ici-et-a-l-etranger-aga-2019-de-l-unf-nb\/","url":"https:\/\/www.nfunb.org\/fr\/assurer-les-droits-des-fermiers-ici-et-a-l-etranger-aga-2019-de-l-unf-nb\/","name":"Assurer les droits des fermiers: Ici et \u00e0 l\u2019\u00e9tranger AGA 2019 de l\u2019UNF-N.-B. - National Farmers Union in New Brunswick","isPartOf":{"@id":"https:\/\/www.nfunb.org\/fr\/#website"},"datePublished":"2019-04-04T18:01:43+00:00","dateModified":"2022-01-14T15:33:41+00:00","breadcrumb":{"@id":"https:\/\/www.nfunb.org\/fr\/assurer-les-droits-des-fermiers-ici-et-a-l-etranger-aga-2019-de-l-unf-nb\/#breadcrumb"},"inLanguage":"fr-FR","potentialAction":[{"@type":"ReadAction","target":["https:\/\/www.nfunb.org\/fr\/assurer-les-droits-des-fermiers-ici-et-a-l-etranger-aga-2019-de-l-unf-nb\/"]}]},{"@type":"BreadcrumbList","@id":"https:\/\/www.nfunb.org\/fr\/assurer-les-droits-des-fermiers-ici-et-a-l-etranger-aga-2019-de-l-unf-nb\/#breadcrumb","itemListElement":[{"@type":"ListItem","position":1,"name":"Home","item":"https:\/\/www.nfunb.org\/fr\/home\/"},{"@type":"ListItem","position":2,"name":"Assurer les droits des fermiers: Ici et \u00e0 l\u2019\u00e9tranger AGA 2019 de l\u2019UNF-N.-B."}]},{"@type":"WebSite","@id":"https:\/\/www.nfunb.org\/fr\/#website","url":"https:\/\/www.nfunb.org\/fr\/","name":"National Farmers Union in New Brunswick","description":"Strong Communities. Sound Policies. Sustainable Farms","publisher":{"@id":"https:\/\/www.nfunb.org\/fr\/#organization"},"potentialAction":[{"@type":"SearchAction","target":{"@type":"EntryPoint","urlTemplate":"https:\/\/www.nfunb.org\/fr\/?s={search_term_string}"},"query-input":{"@type":"PropertyValueSpecification","valueRequired":true,"valueName":"search_term_string"}}],"inLanguage":"fr-FR"},{"@type":"Organization","@id":"https:\/\/www.nfunb.org\/fr\/#organization","name":"National Farmers Union in New Brunswick","url":"https:\/\/www.nfunb.org\/fr\/","logo":{"@type":"ImageObject","inLanguage":"fr-FR","@id":"https:\/\/www.nfunb.org\/fr\/#\/schema\/logo\/image\/","url":"https:\/\/www.nfunb.org\/wp-content\/uploads\/2022\/01\/NFU_logo_CircleNB.png","contentUrl":"https:\/\/www.nfunb.org\/wp-content\/uploads\/2022\/01\/NFU_logo_CircleNB.png","width":480,"height":480,"caption":"National Farmers Union in New Brunswick"},"image":{"@id":"https:\/\/www.nfunb.org\/fr\/#\/schema\/logo\/image\/"},"sameAs":["https:\/\/www.facebook.com\/NFUinNB","https:\/\/www.instagram.com\/nfu.unf.nb\/"]},{"@type":"Person","@id":"https:\/\/www.nfunb.org\/fr\/#\/schema\/person\/1350c3bd5aa20e59953cf65dc542243a","name":"admin","image":{"@type":"ImageObject","inLanguage":"fr-FR","@id":"https:\/\/www.nfunb.org\/fr\/#\/schema\/person\/image\/","url":"https:\/\/secure.gravatar.com\/avatar\/26808d8fbe6a93b27a5be6fcee340112d06dadfad75e4e9c8533678c2951edde?s=96&d=mm&r=g","contentUrl":"https:\/\/secure.gravatar.com\/avatar\/26808d8fbe6a93b27a5be6fcee340112d06dadfad75e4e9c8533678c2951edde?s=96&d=mm&r=g","caption":"admin"},"sameAs":["https:\/\/nfunb.org\/wordpress\/"],"url":"https:\/\/www.nfunb.org\/fr\/author\/admin\/"}]}},"_links":{"self":[{"href":"https:\/\/www.nfunb.org\/fr\/wp-json\/wp\/v2\/posts\/11721","targetHints":{"allow":["GET"]}}],"collection":[{"href":"https:\/\/www.nfunb.org\/fr\/wp-json\/wp\/v2\/posts"}],"about":[{"href":"https:\/\/www.nfunb.org\/fr\/wp-json\/wp\/v2\/types\/post"}],"author":[{"embeddable":true,"href":"https:\/\/www.nfunb.org\/fr\/wp-json\/wp\/v2\/users\/1"}],"replies":[{"embeddable":true,"href":"https:\/\/www.nfunb.org\/fr\/wp-json\/wp\/v2\/comments?post=11721"}],"version-history":[{"count":2,"href":"https:\/\/www.nfunb.org\/fr\/wp-json\/wp\/v2\/posts\/11721\/revisions"}],"predecessor-version":[{"id":11723,"href":"https:\/\/www.nfunb.org\/fr\/wp-json\/wp\/v2\/posts\/11721\/revisions\/11723"}],"wp:attachment":[{"href":"https:\/\/www.nfunb.org\/fr\/wp-json\/wp\/v2\/media?parent=11721"}],"wp:term":[{"taxonomy":"category","embeddable":true,"href":"https:\/\/www.nfunb.org\/fr\/wp-json\/wp\/v2\/categories?post=11721"},{"taxonomy":"post_tag","embeddable":true,"href":"https:\/\/www.nfunb.org\/fr\/wp-json\/wp\/v2\/tags?post=11721"}],"curies":[{"name":"wp","href":"https:\/\/api.w.org\/{rel}","templated":true}]}}