{"id":11885,"date":"2017-06-27T13:50:06","date_gmt":"2017-06-27T17:50:06","guid":{"rendered":"https:\/\/nfunb.org\/wordpress\/?p=11885"},"modified":"2022-01-18T13:53:27","modified_gmt":"2022-01-18T17:53:27","slug":"communiquer-de-presse-campagne-du-calendrier-des-marches-des-fermiers","status":"publish","type":"post","link":"https:\/\/www.nfunb.org\/fr\/communiquer-de-presse-campagne-du-calendrier-des-marches-des-fermiers\/","title":{"rendered":"Communiquer de presse \u2013 Campagne du calendrier des march\u00e9s des fermiers"},"content":{"rendered":"<p>Vous \u00eates \u00e0 la recherche d\u2019un cadeau unique pour un ami ou un membre de votre famille? Optez pour le nouveau calendrier en couleurs des march\u00e9s des fermiers, offert prochainement dans les march\u00e9s des fermiers et dans diff\u00e9rents points de vente du Nouveau-Brunswick. Et n\u2019oubliez pas d\u2019en prendre un pour vous-m\u00eame!<\/p>\n<p><a href=\"https:\/\/nfunb.org\/wordpress\/wp-content\/uploads\/2022\/01\/MediaRelease-NFU-NBCalendarCampaign.pdf\">Retrouvez tous les d\u00e9tails sur la fa\u00e7on dont vous pouvez garder tout sur la bonne voie ET appuyer nos fermiers avec nos calendriers ici.<\/a><\/p>\n","protected":false},"excerpt":{"rendered":"<p>Vous \u00eates \u00e0 la recherche d\u2019un cadeau unique pour un ami ou un membre de votre famille? Optez pour le nouveau calendrier en couleurs des march\u00e9s des fermiers, offert prochainement [&hellip;]<\/p>\n","protected":false},"author":1,"featured_media":11889,"comment_status":"closed","ping_status":"open","sticky":false,"template":"","format":"standard","meta":{"footnotes":""},"categories":[18],"tags":[],"class_list":["post-11885","post","type-post","status-publish","format-standard","has-post-thumbnail","hentry","category-nouvelles"],"yoast_head":"<!-- This site is optimized with the Yoast SEO plugin v26.7 - https:\/\/yoast.com\/wordpress\/plugins\/seo\/ -->\n<title>Communiquer de presse \u2013 Campagne du calendrier des march\u00e9s des fermiers - National Farmers Union in New Brunswick<\/title>\n<meta name=\"robots\" content=\"index, follow, max-snippet:-1, max-image-preview:large, max-video-preview:-1\" \/>\n<link rel=\"canonical\" href=\"https:\/\/www.nfunb.org\/fr\/communiquer-de-presse-campagne-du-calendrier-des-marches-des-fermiers\/\" \/>\n<meta property=\"og:locale\" content=\"fr_FR\" \/>\n<meta property=\"og:type\" content=\"article\" \/>\n<meta property=\"og:title\" content=\"Communiquer de presse \u2013 Campagne du calendrier des march\u00e9s des fermiers - National Farmers Union in New Brunswick\" \/>\n<meta property=\"og:description\" content=\"Vous \u00eates \u00e0 la recherche d\u2019un cadeau unique pour un ami ou un membre de votre famille? Optez pour le nouveau calendrier en couleurs des march\u00e9s des fermiers, offert prochainement [&hellip;]\" \/>\n<meta property=\"og:url\" content=\"https:\/\/www.nfunb.org\/fr\/communiquer-de-presse-campagne-du-calendrier-des-marches-des-fermiers\/\" \/>\n<meta property=\"og:site_name\" content=\"National Farmers Union in New Brunswick\" \/>\n<meta property=\"article:publisher\" content=\"https:\/\/www.facebook.com\/NFUinNB\" \/>\n<meta property=\"article:published_time\" content=\"2017-06-27T17:50:06+00:00\" \/>\n<meta property=\"article:modified_time\" content=\"2022-01-18T17:53:27+00:00\" \/>\n<meta property=\"og:image\" content=\"https:\/\/www.nfunb.org\/wp-content\/uploads\/2017\/06\/IMG_0544-300x200-1.jpg\" \/>\n\t<meta property=\"og:image:width\" content=\"300\" \/>\n\t<meta property=\"og:image:height\" content=\"200\" \/>\n\t<meta property=\"og:image:type\" content=\"image\/jpeg\" \/>\n<meta name=\"author\" content=\"admin\" \/>\n<meta name=\"twitter:card\" content=\"summary_large_image\" \/>\n<meta name=\"twitter:label1\" content=\"\u00c9crit par\" \/>\n\t<meta name=\"twitter:data1\" content=\"admin\" \/>\n<script type=\"application\/ld+json\" class=\"yoast-schema-graph\">{\"@context\":\"https:\/\/schema.org\",\"@graph\":[{\"@type\":\"Article\",\"@id\":\"https:\/\/www.nfunb.org\/fr\/communiquer-de-presse-campagne-du-calendrier-des-marches-des-fermiers\/#article\",\"isPartOf\":{\"@id\":\"https:\/\/www.nfunb.org\/fr\/communiquer-de-presse-campagne-du-calendrier-des-marches-des-fermiers\/\"},\"author\":{\"name\":\"admin\",\"@id\":\"https:\/\/www.nfunb.org\/fr\/#\/schema\/person\/1350c3bd5aa20e59953cf65dc542243a\"},\"headline\":\"Communiquer de presse \u2013 Campagne du calendrier des march\u00e9s des fermiers\",\"datePublished\":\"2017-06-27T17:50:06+00:00\",\"dateModified\":\"2022-01-18T17:53:27+00:00\",\"mainEntityOfPage\":{\"@id\":\"https:\/\/www.nfunb.org\/fr\/communiquer-de-presse-campagne-du-calendrier-des-marches-des-fermiers\/\"},\"wordCount\":94,\"publisher\":{\"@id\":\"https:\/\/www.nfunb.org\/fr\/#organization\"},\"image\":{\"@id\":\"https:\/\/www.nfunb.org\/fr\/communiquer-de-presse-campagne-du-calendrier-des-marches-des-fermiers\/#primaryimage\"},\"thumbnailUrl\":\"https:\/\/www.nfunb.org\/wp-content\/uploads\/2017\/06\/IMG_0544-300x200-1.jpg\",\"articleSection\":[\"Nouvelles\"],\"inLanguage\":\"fr-FR\"},{\"@type\":\"WebPage\",\"@id\":\"https:\/\/www.nfunb.org\/fr\/communiquer-de-presse-campagne-du-calendrier-des-marches-des-fermiers\/\",\"url\":\"https:\/\/www.nfunb.org\/fr\/communiquer-de-presse-campagne-du-calendrier-des-marches-des-fermiers\/\",\"name\":\"Communiquer de presse \u2013 Campagne du calendrier des march\u00e9s des fermiers - National Farmers Union in New Brunswick\",\"isPartOf\":{\"@id\":\"https:\/\/www.nfunb.org\/fr\/#website\"},\"primaryImageOfPage\":{\"@id\":\"https:\/\/www.nfunb.org\/fr\/communiquer-de-presse-campagne-du-calendrier-des-marches-des-fermiers\/#primaryimage\"},\"image\":{\"@id\":\"https:\/\/www.nfunb.org\/fr\/communiquer-de-presse-campagne-du-calendrier-des-marches-des-fermiers\/#primaryimage\"},\"thumbnailUrl\":\"https:\/\/www.nfunb.org\/wp-content\/uploads\/2017\/06\/IMG_0544-300x200-1.jpg\",\"datePublished\":\"2017-06-27T17:50:06+00:00\",\"dateModified\":\"2022-01-18T17:53:27+00:00\",\"breadcrumb\":{\"@id\":\"https:\/\/www.nfunb.org\/fr\/communiquer-de-presse-campagne-du-calendrier-des-marches-des-fermiers\/#breadcrumb\"},\"inLanguage\":\"fr-FR\",\"potentialAction\":[{\"@type\":\"ReadAction\",\"target\":[\"https:\/\/www.nfunb.org\/fr\/communiquer-de-presse-campagne-du-calendrier-des-marches-des-fermiers\/\"]}]},{\"@type\":\"ImageObject\",\"inLanguage\":\"fr-FR\",\"@id\":\"https:\/\/www.nfunb.org\/fr\/communiquer-de-presse-campagne-du-calendrier-des-marches-des-fermiers\/#primaryimage\",\"url\":\"https:\/\/www.nfunb.org\/wp-content\/uploads\/2017\/06\/IMG_0544-300x200-1.jpg\",\"contentUrl\":\"https:\/\/www.nfunb.org\/wp-content\/uploads\/2017\/06\/IMG_0544-300x200-1.jpg\",\"width\":300,\"height\":200},{\"@type\":\"BreadcrumbList\",\"@id\":\"https:\/\/www.nfunb.org\/fr\/communiquer-de-presse-campagne-du-calendrier-des-marches-des-fermiers\/#breadcrumb\",\"itemListElement\":[{\"@type\":\"ListItem\",\"position\":1,\"name\":\"Home\",\"item\":\"https:\/\/www.nfunb.org\/fr\/home\/\"},{\"@type\":\"ListItem\",\"position\":2,\"name\":\"Communiquer de presse \u2013 Campagne du calendrier des march\u00e9s des fermiers\"}]},{\"@type\":\"WebSite\",\"@id\":\"https:\/\/www.nfunb.org\/fr\/#website\",\"url\":\"https:\/\/www.nfunb.org\/fr\/\",\"name\":\"National Farmers Union in New Brunswick\",\"description\":\"Strong Communities. Sound Policies. Sustainable Farms\",\"publisher\":{\"@id\":\"https:\/\/www.nfunb.org\/fr\/#organization\"},\"potentialAction\":[{\"@type\":\"SearchAction\",\"target\":{\"@type\":\"EntryPoint\",\"urlTemplate\":\"https:\/\/www.nfunb.org\/fr\/?s={search_term_string}\"},\"query-input\":{\"@type\":\"PropertyValueSpecification\",\"valueRequired\":true,\"valueName\":\"search_term_string\"}}],\"inLanguage\":\"fr-FR\"},{\"@type\":\"Organization\",\"@id\":\"https:\/\/www.nfunb.org\/fr\/#organization\",\"name\":\"National Farmers Union in New Brunswick\",\"url\":\"https:\/\/www.nfunb.org\/fr\/\",\"logo\":{\"@type\":\"ImageObject\",\"inLanguage\":\"fr-FR\",\"@id\":\"https:\/\/www.nfunb.org\/fr\/#\/schema\/logo\/image\/\",\"url\":\"https:\/\/www.nfunb.org\/wp-content\/uploads\/2022\/01\/NFU_logo_CircleNB.png\",\"contentUrl\":\"https:\/\/www.nfunb.org\/wp-content\/uploads\/2022\/01\/NFU_logo_CircleNB.png\",\"width\":480,\"height\":480,\"caption\":\"National Farmers Union in New Brunswick\"},\"image\":{\"@id\":\"https:\/\/www.nfunb.org\/fr\/#\/schema\/logo\/image\/\"},\"sameAs\":[\"https:\/\/www.facebook.com\/NFUinNB\",\"https:\/\/www.instagram.com\/nfu.unf.nb\/\"]},{\"@type\":\"Person\",\"@id\":\"https:\/\/www.nfunb.org\/fr\/#\/schema\/person\/1350c3bd5aa20e59953cf65dc542243a\",\"name\":\"admin\",\"image\":{\"@type\":\"ImageObject\",\"inLanguage\":\"fr-FR\",\"@id\":\"https:\/\/www.nfunb.org\/fr\/#\/schema\/person\/image\/\",\"url\":\"https:\/\/secure.gravatar.com\/avatar\/26808d8fbe6a93b27a5be6fcee340112d06dadfad75e4e9c8533678c2951edde?s=96&d=mm&r=g\",\"contentUrl\":\"https:\/\/secure.gravatar.com\/avatar\/26808d8fbe6a93b27a5be6fcee340112d06dadfad75e4e9c8533678c2951edde?s=96&d=mm&r=g\",\"caption\":\"admin\"},\"sameAs\":[\"https:\/\/nfunb.org\/wordpress\/\"],\"url\":\"https:\/\/www.nfunb.org\/fr\/author\/admin\/\"}]}<\/script>\n<!-- \/ Yoast SEO plugin. -->","yoast_head_json":{"title":"Communiquer de presse \u2013 Campagne du calendrier des march\u00e9s des fermiers - National Farmers Union in New Brunswick","robots":{"index":"index","follow":"follow","max-snippet":"max-snippet:-1","max-image-preview":"max-image-preview:large","max-video-preview":"max-video-preview:-1"},"canonical":"https:\/\/www.nfunb.org\/fr\/communiquer-de-presse-campagne-du-calendrier-des-marches-des-fermiers\/","og_locale":"fr_FR","og_type":"article","og_title":"Communiquer de presse \u2013 Campagne du calendrier des march\u00e9s des fermiers - National Farmers Union in New Brunswick","og_description":"Vous \u00eates \u00e0 la recherche d\u2019un cadeau unique pour un ami ou un membre de votre famille? Optez pour le nouveau calendrier en couleurs des march\u00e9s des fermiers, offert prochainement [&hellip;]","og_url":"https:\/\/www.nfunb.org\/fr\/communiquer-de-presse-campagne-du-calendrier-des-marches-des-fermiers\/","og_site_name":"National Farmers Union in New Brunswick","article_publisher":"https:\/\/www.facebook.com\/NFUinNB","article_published_time":"2017-06-27T17:50:06+00:00","article_modified_time":"2022-01-18T17:53:27+00:00","og_image":[{"width":300,"height":200,"url":"https:\/\/www.nfunb.org\/wp-content\/uploads\/2017\/06\/IMG_0544-300x200-1.jpg","type":"image\/jpeg"}],"author":"admin","twitter_card":"summary_large_image","twitter_misc":{"\u00c9crit par":"admin"},"schema":{"@context":"https:\/\/schema.org","@graph":[{"@type":"Article","@id":"https:\/\/www.nfunb.org\/fr\/communiquer-de-presse-campagne-du-calendrier-des-marches-des-fermiers\/#article","isPartOf":{"@id":"https:\/\/www.nfunb.org\/fr\/communiquer-de-presse-campagne-du-calendrier-des-marches-des-fermiers\/"},"author":{"name":"admin","@id":"https:\/\/www.nfunb.org\/fr\/#\/schema\/person\/1350c3bd5aa20e59953cf65dc542243a"},"headline":"Communiquer de presse \u2013 Campagne du calendrier des march\u00e9s des fermiers","datePublished":"2017-06-27T17:50:06+00:00","dateModified":"2022-01-18T17:53:27+00:00","mainEntityOfPage":{"@id":"https:\/\/www.nfunb.org\/fr\/communiquer-de-presse-campagne-du-calendrier-des-marches-des-fermiers\/"},"wordCount":94,"publisher":{"@id":"https:\/\/www.nfunb.org\/fr\/#organization"},"image":{"@id":"https:\/\/www.nfunb.org\/fr\/communiquer-de-presse-campagne-du-calendrier-des-marches-des-fermiers\/#primaryimage"},"thumbnailUrl":"https:\/\/www.nfunb.org\/wp-content\/uploads\/2017\/06\/IMG_0544-300x200-1.jpg","articleSection":["Nouvelles"],"inLanguage":"fr-FR"},{"@type":"WebPage","@id":"https:\/\/www.nfunb.org\/fr\/communiquer-de-presse-campagne-du-calendrier-des-marches-des-fermiers\/","url":"https:\/\/www.nfunb.org\/fr\/communiquer-de-presse-campagne-du-calendrier-des-marches-des-fermiers\/","name":"Communiquer de presse \u2013 Campagne du calendrier des march\u00e9s des fermiers - National Farmers Union in New Brunswick","isPartOf":{"@id":"https:\/\/www.nfunb.org\/fr\/#website"},"primaryImageOfPage":{"@id":"https:\/\/www.nfunb.org\/fr\/communiquer-de-presse-campagne-du-calendrier-des-marches-des-fermiers\/#primaryimage"},"image":{"@id":"https:\/\/www.nfunb.org\/fr\/communiquer-de-presse-campagne-du-calendrier-des-marches-des-fermiers\/#primaryimage"},"thumbnailUrl":"https:\/\/www.nfunb.org\/wp-content\/uploads\/2017\/06\/IMG_0544-300x200-1.jpg","datePublished":"2017-06-27T17:50:06+00:00","dateModified":"2022-01-18T17:53:27+00:00","breadcrumb":{"@id":"https:\/\/www.nfunb.org\/fr\/communiquer-de-presse-campagne-du-calendrier-des-marches-des-fermiers\/#breadcrumb"},"inLanguage":"fr-FR","potentialAction":[{"@type":"ReadAction","target":["https:\/\/www.nfunb.org\/fr\/communiquer-de-presse-campagne-du-calendrier-des-marches-des-fermiers\/"]}]},{"@type":"ImageObject","inLanguage":"fr-FR","@id":"https:\/\/www.nfunb.org\/fr\/communiquer-de-presse-campagne-du-calendrier-des-marches-des-fermiers\/#primaryimage","url":"https:\/\/www.nfunb.org\/wp-content\/uploads\/2017\/06\/IMG_0544-300x200-1.jpg","contentUrl":"https:\/\/www.nfunb.org\/wp-content\/uploads\/2017\/06\/IMG_0544-300x200-1.jpg","width":300,"height":200},{"@type":"BreadcrumbList","@id":"https:\/\/www.nfunb.org\/fr\/communiquer-de-presse-campagne-du-calendrier-des-marches-des-fermiers\/#breadcrumb","itemListElement":[{"@type":"ListItem","position":1,"name":"Home","item":"https:\/\/www.nfunb.org\/fr\/home\/"},{"@type":"ListItem","position":2,"name":"Communiquer de presse \u2013 Campagne du calendrier des march\u00e9s des fermiers"}]},{"@type":"WebSite","@id":"https:\/\/www.nfunb.org\/fr\/#website","url":"https:\/\/www.nfunb.org\/fr\/","name":"National Farmers Union in New Brunswick","description":"Strong Communities. Sound Policies. Sustainable Farms","publisher":{"@id":"https:\/\/www.nfunb.org\/fr\/#organization"},"potentialAction":[{"@type":"SearchAction","target":{"@type":"EntryPoint","urlTemplate":"https:\/\/www.nfunb.org\/fr\/?s={search_term_string}"},"query-input":{"@type":"PropertyValueSpecification","valueRequired":true,"valueName":"search_term_string"}}],"inLanguage":"fr-FR"},{"@type":"Organization","@id":"https:\/\/www.nfunb.org\/fr\/#organization","name":"National Farmers Union in New Brunswick","url":"https:\/\/www.nfunb.org\/fr\/","logo":{"@type":"ImageObject","inLanguage":"fr-FR","@id":"https:\/\/www.nfunb.org\/fr\/#\/schema\/logo\/image\/","url":"https:\/\/www.nfunb.org\/wp-content\/uploads\/2022\/01\/NFU_logo_CircleNB.png","contentUrl":"https:\/\/www.nfunb.org\/wp-content\/uploads\/2022\/01\/NFU_logo_CircleNB.png","width":480,"height":480,"caption":"National Farmers Union in New Brunswick"},"image":{"@id":"https:\/\/www.nfunb.org\/fr\/#\/schema\/logo\/image\/"},"sameAs":["https:\/\/www.facebook.com\/NFUinNB","https:\/\/www.instagram.com\/nfu.unf.nb\/"]},{"@type":"Person","@id":"https:\/\/www.nfunb.org\/fr\/#\/schema\/person\/1350c3bd5aa20e59953cf65dc542243a","name":"admin","image":{"@type":"ImageObject","inLanguage":"fr-FR","@id":"https:\/\/www.nfunb.org\/fr\/#\/schema\/person\/image\/","url":"https:\/\/secure.gravatar.com\/avatar\/26808d8fbe6a93b27a5be6fcee340112d06dadfad75e4e9c8533678c2951edde?s=96&d=mm&r=g","contentUrl":"https:\/\/secure.gravatar.com\/avatar\/26808d8fbe6a93b27a5be6fcee340112d06dadfad75e4e9c8533678c2951edde?s=96&d=mm&r=g","caption":"admin"},"sameAs":["https:\/\/nfunb.org\/wordpress\/"],"url":"https:\/\/www.nfunb.org\/fr\/author\/admin\/"}]}},"_links":{"self":[{"href":"https:\/\/www.nfunb.org\/fr\/wp-json\/wp\/v2\/posts\/11885","targetHints":{"allow":["GET"]}}],"collection":[{"href":"https:\/\/www.nfunb.org\/fr\/wp-json\/wp\/v2\/posts"}],"about":[{"href":"https:\/\/www.nfunb.org\/fr\/wp-json\/wp\/v2\/types\/post"}],"author":[{"embeddable":true,"href":"https:\/\/www.nfunb.org\/fr\/wp-json\/wp\/v2\/users\/1"}],"replies":[{"embeddable":true,"href":"https:\/\/www.nfunb.org\/fr\/wp-json\/wp\/v2\/comments?post=11885"}],"version-history":[{"count":1,"href":"https:\/\/www.nfunb.org\/fr\/wp-json\/wp\/v2\/posts\/11885\/revisions"}],"predecessor-version":[{"id":11888,"href":"https:\/\/www.nfunb.org\/fr\/wp-json\/wp\/v2\/posts\/11885\/revisions\/11888"}],"wp:featuredmedia":[{"embeddable":true,"href":"https:\/\/www.nfunb.org\/fr\/wp-json\/wp\/v2\/media\/11889"}],"wp:attachment":[{"href":"https:\/\/www.nfunb.org\/fr\/wp-json\/wp\/v2\/media?parent=11885"}],"wp:term":[{"taxonomy":"category","embeddable":true,"href":"https:\/\/www.nfunb.org\/fr\/wp-json\/wp\/v2\/categories?post=11885"},{"taxonomy":"post_tag","embeddable":true,"href":"https:\/\/www.nfunb.org\/fr\/wp-json\/wp\/v2\/tags?post=11885"}],"curies":[{"name":"wp","href":"https:\/\/api.w.org\/{rel}","templated":true}]}}