{"id":11920,"date":"2017-03-03T14:08:58","date_gmt":"2017-03-03T18:08:58","guid":{"rendered":"https:\/\/nfunb.org\/wordpress\/?p=11920"},"modified":"2022-01-21T15:17:25","modified_gmt":"2022-01-21T19:17:25","slug":"communique-de-presse-la-privatisation-des-services-alimentaires-hospitaliers-naidera-pas-les-fermiers-et-fermieres-du-n-b-dit-lunf-nb","status":"publish","type":"post","link":"https:\/\/www.nfunb.org\/fr\/communique-de-presse-la-privatisation-des-services-alimentaires-hospitaliers-naidera-pas-les-fermiers-et-fermieres-du-n-b-dit-lunf-nb\/","title":{"rendered":"Communiqu\u00e9 de presse : La privatisation des services alimentaires hospitaliers n\u2019aidera pas les fermiers et fermi\u00e8res du N.-B. dit l\u2019UNF-NB"},"content":{"rendered":"<p><strong><img loading=\"lazy\" decoding=\"async\" class=\"aligncenter size-large wp-image-11536\" src=\"https:\/\/nfunb.org\/wordpress\/wp-content\/uploads\/2022\/01\/NFU_logo_bil_setNB_-final-page-001-1024x259.jpg\" alt=\"\" width=\"1024\" height=\"259\" srcset=\"https:\/\/www.nfunb.org\/wp-content\/uploads\/2022\/01\/NFU_logo_bil_setNB_-final-page-001-1024x259.jpg 1024w, https:\/\/www.nfunb.org\/wp-content\/uploads\/2022\/01\/NFU_logo_bil_setNB_-final-page-001-300x76.jpg 300w, https:\/\/www.nfunb.org\/wp-content\/uploads\/2022\/01\/NFU_logo_bil_setNB_-final-page-001-1536x389.jpg 1536w, https:\/\/www.nfunb.org\/wp-content\/uploads\/2022\/01\/NFU_logo_bil_setNB_-final-page-001-2048x519.jpg 2048w, https:\/\/www.nfunb.org\/wp-content\/uploads\/2022\/01\/NFU_logo_bil_setNB_-final-page-001-500x127.jpg 500w\" sizes=\"auto, (max-width: 1024px) 100vw, 1024px\" \/>Fredericton, Le vendredi 3 mars, 2017<\/strong>\u00a0\u2013 L\u2019Union Nationale des Fermiers du N.-B questionne la fa\u00e7on dont l\u2019entente de dix ans avec Sodexo annonc\u00e9e par le gouvernement provincial en d\u00e9but f\u00e9vrier appuiera la croissance des fermiers et fermi\u00e8res de la province ainsi que l\u2019\u00e9conomie de l\u2019alimentation locale.<\/p>\n<p>Le gouvernement travaille sur des \u00e9tapes concr\u00e8tes afin de mettre en \u0153uvre l\u2019objectif de 30% des produits du N.-B dans les \u00e9coles, avec certaines initiatives mises en place d\u00e8s l\u2019automne 2017. On promettait que le tout d\u00e9buterait avec le syst\u00e8me scolaire, mais inclurait bient\u00f4t une expansion vers les h\u00f4pitaux, les foyers de soins et les autres institutions lorsque les syst\u00e8mes de distribution et l\u2019infrastructure seraient en place.<\/p>\n<p>\u00ab\u00a0L\u2019annonce va compl\u00e8tement \u00e0 l\u2019encontre de la Strat\u00e9gie sur les boissons et les aliments locaux ainsi que l\u2019inclusion des fermiers et fermi\u00e8res dans le Plan de croissance \u00e9conomique. C\u2019est comme si une branche du gouvernement ne parle pas aux autres\u00a0\u00bb dit Ted Wiggans, pr\u00e9sident de l\u2019UNF-NB. \u00ab\u00a0Une des recommandations que nous avons r\u00e9p\u00e9t\u00e9es \u00e0 plusieurs reprises au gouvernement est que pour assurer la r\u00e9ussite de la strat\u00e9gie sur les boissons et les aliments locaux, celle-ci ne peut \u00eatre impl\u00e9ment\u00e9e seulement par le Minist\u00e8re de l\u2019Agriculture. Nous avons \u00e9t\u00e9 assur\u00e9 une collaboration interd\u00e9partementale, mais \u00e9videmment ce n\u2019est pas le cas.\u00a0 C\u2019est presque garantie que les grosses corporations tel que Sodexo ne font pas affaires avec les fermiers et fermi\u00e8res locaux. Si le gouvernement s\u2019engage avec Sodexo afin de fournir les services alimentaires hospitaliers, peu d\u2019aliments du Nouveau-Brunswick se retrouveront sur les cabarets des patients.\u00a0\u00bb<\/p>\n<p>L\u2019UNF-NB est en solidarit\u00e9 avec les travailleurs et travailleuses qui perdront leurs emplois \u00e0 cause de ce contrat. Supprimer des postes bien pay\u00e9s dans notre syst\u00e8me alimentaire semble aussi contraire au mandat du gouvernement de cr\u00e9er des emplois et de faire du N.-B le meilleur endroit ou \u00e9lever une famille.<\/p>\n<p>\u00ab\u00a0Ce sont des actions comme celle-ci qui nous prouvent une fois de plus que le gouvernement ne fonctionne absolument pas avec une vision de souverainet\u00e9 alimentaire pour la province. Si nous sommes r\u00e9ellement concern\u00e9s par la survie des fermes, l\u2019augmentation du nombre de fermiers et fermi\u00e8res et l\u2019accessibilit\u00e9 \u00e0 une alimentation saine qui contribue \u00e0 l\u2019\u00e9conomie locale, ce ne serait pas juste le ministre Doucet qui scanderait le slogan Acheter NB, mais un gouvernement entier qui en ferait sa mission\u00a0\u00bb dit R\u00e9beka Frazer-Chiasson, membre de l\u2019UNF-NB. \u00ab\u00a0C\u2019est mon r\u00eave en tant que fermi\u00e8re que penser que je pourrais un jour produire des aliments qui servirait \u00e0 r\u00e9habiliter des gens malades et contribuerait \u00e0 la sant\u00e9 de nos populations. Difficile \u00e0 faire, si les d\u00e9cisions de ce qui est consomm\u00e9 dans les h\u00f4pitaux de notre province se prennent \u00e0 Montr\u00e9al et sont bas\u00e9es plut\u00f4t sur le profit que sur l\u2019\u00e9conomie locale ou la sant\u00e9 environnementale de la r\u00e9gion\u00a0\u00bb.<\/p>\n<p>\u2013 30 \u2013<\/p>\n<p>L\u2019UNF-NB est un des deux organismes agricoles g\u00e9n\u00e9raux agr\u00e9es qui repr\u00e9sente les familles fermi\u00e8res dans toutes les denr\u00e9es agricoles. Les membres de l\u2019UNF croient que les probl\u00e8mes auxquels font face les agriculteurs sont des probl\u00e8mes communs et que les fermiers qui produisent divers produits doivent travailler ensemble pour l\u2019avancement de solutions efficaces. L\u2019UNF travaille pour le d\u00e9veloppement de politiques \u00e9conomiques et sociales qui vont garder la ferme familiale comme unit\u00e9 primaire de production des aliments.<\/p>\n<p>&nbsp;<\/p>\n<p>Contact\u00a0:<\/p>\n<p>R\u00e9beka Frazer-Chiasson, membre du Conseil d\u2019administration de l\u2019UNF-NB (506) 626 \u2013 0057<\/p>\n<p>Amanda Wildeman, directrice g\u00e9n\u00e9rale, UNF-NB (506) 260-0087<\/p>\n","protected":false},"excerpt":{"rendered":"<p>Fredericton, Le vendredi 3 mars, 2017\u00a0\u2013 L\u2019Union Nationale des Fermiers du N.-B questionne la fa\u00e7on dont l\u2019entente de dix ans avec Sodexo annonc\u00e9e par le gouvernement provincial en d\u00e9but f\u00e9vrier [&hellip;]<\/p>\n","protected":false},"author":1,"featured_media":0,"comment_status":"closed","ping_status":"open","sticky":false,"template":"","format":"standard","meta":{"footnotes":""},"categories":[18],"tags":[],"class_list":["post-11920","post","type-post","status-publish","format-standard","hentry","category-nouvelles"],"yoast_head":"<!-- This site is optimized with the Yoast SEO plugin v26.7 - https:\/\/yoast.com\/wordpress\/plugins\/seo\/ -->\n<title>Communiqu\u00e9 de presse : La privatisation des services alimentaires hospitaliers n\u2019aidera pas les fermiers et fermi\u00e8res du N.-B. dit l\u2019UNF-NB - National Farmers Union in New Brunswick<\/title>\n<meta name=\"robots\" content=\"index, follow, max-snippet:-1, max-image-preview:large, max-video-preview:-1\" \/>\n<link rel=\"canonical\" href=\"https:\/\/www.nfunb.org\/fr\/communique-de-presse-la-privatisation-des-services-alimentaires-hospitaliers-naidera-pas-les-fermiers-et-fermieres-du-n-b-dit-lunf-nb\/\" \/>\n<meta property=\"og:locale\" content=\"fr_FR\" \/>\n<meta property=\"og:type\" content=\"article\" \/>\n<meta property=\"og:title\" content=\"Communiqu\u00e9 de presse : La privatisation des services alimentaires hospitaliers n\u2019aidera pas les fermiers et fermi\u00e8res du N.-B. dit l\u2019UNF-NB - National Farmers Union in New Brunswick\" \/>\n<meta property=\"og:description\" content=\"Fredericton, Le vendredi 3 mars, 2017\u00a0\u2013 L\u2019Union Nationale des Fermiers du N.-B questionne la fa\u00e7on dont l\u2019entente de dix ans avec Sodexo annonc\u00e9e par le gouvernement provincial en d\u00e9but f\u00e9vrier [&hellip;]\" \/>\n<meta property=\"og:url\" content=\"https:\/\/www.nfunb.org\/fr\/communique-de-presse-la-privatisation-des-services-alimentaires-hospitaliers-naidera-pas-les-fermiers-et-fermieres-du-n-b-dit-lunf-nb\/\" \/>\n<meta property=\"og:site_name\" content=\"National Farmers Union in New Brunswick\" \/>\n<meta property=\"article:publisher\" content=\"https:\/\/www.facebook.com\/NFUinNB\" \/>\n<meta property=\"article:published_time\" content=\"2017-03-03T18:08:58+00:00\" \/>\n<meta property=\"article:modified_time\" content=\"2022-01-21T19:17:25+00:00\" \/>\n<meta property=\"og:image\" content=\"https:\/\/nfunb.org\/wordpress\/wp-content\/uploads\/2022\/01\/NFU_logo_bil_setNB_-final-page-001-1024x259.jpg\" \/>\n<meta name=\"author\" content=\"admin\" \/>\n<meta name=\"twitter:card\" content=\"summary_large_image\" \/>\n<meta name=\"twitter:label1\" content=\"\u00c9crit par\" \/>\n\t<meta name=\"twitter:data1\" content=\"admin\" \/>\n\t<meta name=\"twitter:label2\" content=\"Dur\u00e9e de lecture estim\u00e9e\" \/>\n\t<meta name=\"twitter:data2\" content=\"3 minutes\" \/>\n<script type=\"application\/ld+json\" class=\"yoast-schema-graph\">{\"@context\":\"https:\/\/schema.org\",\"@graph\":[{\"@type\":\"Article\",\"@id\":\"https:\/\/www.nfunb.org\/fr\/communique-de-presse-la-privatisation-des-services-alimentaires-hospitaliers-naidera-pas-les-fermiers-et-fermieres-du-n-b-dit-lunf-nb\/#article\",\"isPartOf\":{\"@id\":\"https:\/\/www.nfunb.org\/fr\/communique-de-presse-la-privatisation-des-services-alimentaires-hospitaliers-naidera-pas-les-fermiers-et-fermieres-du-n-b-dit-lunf-nb\/\"},\"author\":{\"name\":\"admin\",\"@id\":\"https:\/\/www.nfunb.org\/fr\/#\/schema\/person\/1350c3bd5aa20e59953cf65dc542243a\"},\"headline\":\"Communiqu\u00e9 de presse : La privatisation des services alimentaires hospitaliers n\u2019aidera pas les fermiers et fermi\u00e8res du N.-B. dit l\u2019UNF-NB\",\"datePublished\":\"2017-03-03T18:08:58+00:00\",\"dateModified\":\"2022-01-21T19:17:25+00:00\",\"mainEntityOfPage\":{\"@id\":\"https:\/\/www.nfunb.org\/fr\/communique-de-presse-la-privatisation-des-services-alimentaires-hospitaliers-naidera-pas-les-fermiers-et-fermieres-du-n-b-dit-lunf-nb\/\"},\"wordCount\":651,\"publisher\":{\"@id\":\"https:\/\/www.nfunb.org\/fr\/#organization\"},\"image\":{\"@id\":\"https:\/\/www.nfunb.org\/fr\/communique-de-presse-la-privatisation-des-services-alimentaires-hospitaliers-naidera-pas-les-fermiers-et-fermieres-du-n-b-dit-lunf-nb\/#primaryimage\"},\"thumbnailUrl\":\"https:\/\/nfunb.org\/wordpress\/wp-content\/uploads\/2022\/01\/NFU_logo_bil_setNB_-final-page-001-1024x259.jpg\",\"articleSection\":[\"Nouvelles\"],\"inLanguage\":\"fr-FR\"},{\"@type\":\"WebPage\",\"@id\":\"https:\/\/www.nfunb.org\/fr\/communique-de-presse-la-privatisation-des-services-alimentaires-hospitaliers-naidera-pas-les-fermiers-et-fermieres-du-n-b-dit-lunf-nb\/\",\"url\":\"https:\/\/www.nfunb.org\/fr\/communique-de-presse-la-privatisation-des-services-alimentaires-hospitaliers-naidera-pas-les-fermiers-et-fermieres-du-n-b-dit-lunf-nb\/\",\"name\":\"Communiqu\u00e9 de presse : La privatisation des services alimentaires hospitaliers n\u2019aidera pas les fermiers et fermi\u00e8res du N.-B. dit l\u2019UNF-NB - National Farmers Union in New Brunswick\",\"isPartOf\":{\"@id\":\"https:\/\/www.nfunb.org\/fr\/#website\"},\"primaryImageOfPage\":{\"@id\":\"https:\/\/www.nfunb.org\/fr\/communique-de-presse-la-privatisation-des-services-alimentaires-hospitaliers-naidera-pas-les-fermiers-et-fermieres-du-n-b-dit-lunf-nb\/#primaryimage\"},\"image\":{\"@id\":\"https:\/\/www.nfunb.org\/fr\/communique-de-presse-la-privatisation-des-services-alimentaires-hospitaliers-naidera-pas-les-fermiers-et-fermieres-du-n-b-dit-lunf-nb\/#primaryimage\"},\"thumbnailUrl\":\"https:\/\/nfunb.org\/wordpress\/wp-content\/uploads\/2022\/01\/NFU_logo_bil_setNB_-final-page-001-1024x259.jpg\",\"datePublished\":\"2017-03-03T18:08:58+00:00\",\"dateModified\":\"2022-01-21T19:17:25+00:00\",\"breadcrumb\":{\"@id\":\"https:\/\/www.nfunb.org\/fr\/communique-de-presse-la-privatisation-des-services-alimentaires-hospitaliers-naidera-pas-les-fermiers-et-fermieres-du-n-b-dit-lunf-nb\/#breadcrumb\"},\"inLanguage\":\"fr-FR\",\"potentialAction\":[{\"@type\":\"ReadAction\",\"target\":[\"https:\/\/www.nfunb.org\/fr\/communique-de-presse-la-privatisation-des-services-alimentaires-hospitaliers-naidera-pas-les-fermiers-et-fermieres-du-n-b-dit-lunf-nb\/\"]}]},{\"@type\":\"ImageObject\",\"inLanguage\":\"fr-FR\",\"@id\":\"https:\/\/www.nfunb.org\/fr\/communique-de-presse-la-privatisation-des-services-alimentaires-hospitaliers-naidera-pas-les-fermiers-et-fermieres-du-n-b-dit-lunf-nb\/#primaryimage\",\"url\":\"https:\/\/nfunb.org\/wordpress\/wp-content\/uploads\/2022\/01\/NFU_logo_bil_setNB_-final-page-001-1024x259.jpg\",\"contentUrl\":\"https:\/\/nfunb.org\/wordpress\/wp-content\/uploads\/2022\/01\/NFU_logo_bil_setNB_-final-page-001-1024x259.jpg\"},{\"@type\":\"BreadcrumbList\",\"@id\":\"https:\/\/www.nfunb.org\/fr\/communique-de-presse-la-privatisation-des-services-alimentaires-hospitaliers-naidera-pas-les-fermiers-et-fermieres-du-n-b-dit-lunf-nb\/#breadcrumb\",\"itemListElement\":[{\"@type\":\"ListItem\",\"position\":1,\"name\":\"Home\",\"item\":\"https:\/\/www.nfunb.org\/fr\/home\/\"},{\"@type\":\"ListItem\",\"position\":2,\"name\":\"Communiqu\u00e9 de presse : La privatisation des services alimentaires hospitaliers n\u2019aidera pas les fermiers et fermi\u00e8res du N.-B. dit l\u2019UNF-NB\"}]},{\"@type\":\"WebSite\",\"@id\":\"https:\/\/www.nfunb.org\/fr\/#website\",\"url\":\"https:\/\/www.nfunb.org\/fr\/\",\"name\":\"National Farmers Union in New Brunswick\",\"description\":\"Strong Communities. Sound Policies. Sustainable Farms\",\"publisher\":{\"@id\":\"https:\/\/www.nfunb.org\/fr\/#organization\"},\"potentialAction\":[{\"@type\":\"SearchAction\",\"target\":{\"@type\":\"EntryPoint\",\"urlTemplate\":\"https:\/\/www.nfunb.org\/fr\/?s={search_term_string}\"},\"query-input\":{\"@type\":\"PropertyValueSpecification\",\"valueRequired\":true,\"valueName\":\"search_term_string\"}}],\"inLanguage\":\"fr-FR\"},{\"@type\":\"Organization\",\"@id\":\"https:\/\/www.nfunb.org\/fr\/#organization\",\"name\":\"National Farmers Union in New Brunswick\",\"url\":\"https:\/\/www.nfunb.org\/fr\/\",\"logo\":{\"@type\":\"ImageObject\",\"inLanguage\":\"fr-FR\",\"@id\":\"https:\/\/www.nfunb.org\/fr\/#\/schema\/logo\/image\/\",\"url\":\"https:\/\/www.nfunb.org\/wp-content\/uploads\/2022\/01\/NFU_logo_CircleNB.png\",\"contentUrl\":\"https:\/\/www.nfunb.org\/wp-content\/uploads\/2022\/01\/NFU_logo_CircleNB.png\",\"width\":480,\"height\":480,\"caption\":\"National Farmers Union in New Brunswick\"},\"image\":{\"@id\":\"https:\/\/www.nfunb.org\/fr\/#\/schema\/logo\/image\/\"},\"sameAs\":[\"https:\/\/www.facebook.com\/NFUinNB\",\"https:\/\/www.instagram.com\/nfu.unf.nb\/\"]},{\"@type\":\"Person\",\"@id\":\"https:\/\/www.nfunb.org\/fr\/#\/schema\/person\/1350c3bd5aa20e59953cf65dc542243a\",\"name\":\"admin\",\"image\":{\"@type\":\"ImageObject\",\"inLanguage\":\"fr-FR\",\"@id\":\"https:\/\/www.nfunb.org\/fr\/#\/schema\/person\/image\/\",\"url\":\"https:\/\/secure.gravatar.com\/avatar\/26808d8fbe6a93b27a5be6fcee340112d06dadfad75e4e9c8533678c2951edde?s=96&d=mm&r=g\",\"contentUrl\":\"https:\/\/secure.gravatar.com\/avatar\/26808d8fbe6a93b27a5be6fcee340112d06dadfad75e4e9c8533678c2951edde?s=96&d=mm&r=g\",\"caption\":\"admin\"},\"sameAs\":[\"https:\/\/nfunb.org\/wordpress\/\"],\"url\":\"https:\/\/www.nfunb.org\/fr\/author\/admin\/\"}]}<\/script>\n<!-- \/ Yoast SEO plugin. -->","yoast_head_json":{"title":"Communiqu\u00e9 de presse : La privatisation des services alimentaires hospitaliers n\u2019aidera pas les fermiers et fermi\u00e8res du N.-B. dit l\u2019UNF-NB - National Farmers Union in New Brunswick","robots":{"index":"index","follow":"follow","max-snippet":"max-snippet:-1","max-image-preview":"max-image-preview:large","max-video-preview":"max-video-preview:-1"},"canonical":"https:\/\/www.nfunb.org\/fr\/communique-de-presse-la-privatisation-des-services-alimentaires-hospitaliers-naidera-pas-les-fermiers-et-fermieres-du-n-b-dit-lunf-nb\/","og_locale":"fr_FR","og_type":"article","og_title":"Communiqu\u00e9 de presse : La privatisation des services alimentaires hospitaliers n\u2019aidera pas les fermiers et fermi\u00e8res du N.-B. dit l\u2019UNF-NB - National Farmers Union in New Brunswick","og_description":"Fredericton, Le vendredi 3 mars, 2017\u00a0\u2013 L\u2019Union Nationale des Fermiers du N.-B questionne la fa\u00e7on dont l\u2019entente de dix ans avec Sodexo annonc\u00e9e par le gouvernement provincial en d\u00e9but f\u00e9vrier [&hellip;]","og_url":"https:\/\/www.nfunb.org\/fr\/communique-de-presse-la-privatisation-des-services-alimentaires-hospitaliers-naidera-pas-les-fermiers-et-fermieres-du-n-b-dit-lunf-nb\/","og_site_name":"National Farmers Union in New Brunswick","article_publisher":"https:\/\/www.facebook.com\/NFUinNB","article_published_time":"2017-03-03T18:08:58+00:00","article_modified_time":"2022-01-21T19:17:25+00:00","og_image":[{"url":"https:\/\/nfunb.org\/wordpress\/wp-content\/uploads\/2022\/01\/NFU_logo_bil_setNB_-final-page-001-1024x259.jpg","type":"","width":"","height":""}],"author":"admin","twitter_card":"summary_large_image","twitter_misc":{"\u00c9crit par":"admin","Dur\u00e9e de lecture estim\u00e9e":"3 minutes"},"schema":{"@context":"https:\/\/schema.org","@graph":[{"@type":"Article","@id":"https:\/\/www.nfunb.org\/fr\/communique-de-presse-la-privatisation-des-services-alimentaires-hospitaliers-naidera-pas-les-fermiers-et-fermieres-du-n-b-dit-lunf-nb\/#article","isPartOf":{"@id":"https:\/\/www.nfunb.org\/fr\/communique-de-presse-la-privatisation-des-services-alimentaires-hospitaliers-naidera-pas-les-fermiers-et-fermieres-du-n-b-dit-lunf-nb\/"},"author":{"name":"admin","@id":"https:\/\/www.nfunb.org\/fr\/#\/schema\/person\/1350c3bd5aa20e59953cf65dc542243a"},"headline":"Communiqu\u00e9 de presse : La privatisation des services alimentaires hospitaliers n\u2019aidera pas les fermiers et fermi\u00e8res du N.-B. dit l\u2019UNF-NB","datePublished":"2017-03-03T18:08:58+00:00","dateModified":"2022-01-21T19:17:25+00:00","mainEntityOfPage":{"@id":"https:\/\/www.nfunb.org\/fr\/communique-de-presse-la-privatisation-des-services-alimentaires-hospitaliers-naidera-pas-les-fermiers-et-fermieres-du-n-b-dit-lunf-nb\/"},"wordCount":651,"publisher":{"@id":"https:\/\/www.nfunb.org\/fr\/#organization"},"image":{"@id":"https:\/\/www.nfunb.org\/fr\/communique-de-presse-la-privatisation-des-services-alimentaires-hospitaliers-naidera-pas-les-fermiers-et-fermieres-du-n-b-dit-lunf-nb\/#primaryimage"},"thumbnailUrl":"https:\/\/nfunb.org\/wordpress\/wp-content\/uploads\/2022\/01\/NFU_logo_bil_setNB_-final-page-001-1024x259.jpg","articleSection":["Nouvelles"],"inLanguage":"fr-FR"},{"@type":"WebPage","@id":"https:\/\/www.nfunb.org\/fr\/communique-de-presse-la-privatisation-des-services-alimentaires-hospitaliers-naidera-pas-les-fermiers-et-fermieres-du-n-b-dit-lunf-nb\/","url":"https:\/\/www.nfunb.org\/fr\/communique-de-presse-la-privatisation-des-services-alimentaires-hospitaliers-naidera-pas-les-fermiers-et-fermieres-du-n-b-dit-lunf-nb\/","name":"Communiqu\u00e9 de presse : La privatisation des services alimentaires hospitaliers n\u2019aidera pas les fermiers et fermi\u00e8res du N.-B. dit l\u2019UNF-NB - National Farmers Union in New Brunswick","isPartOf":{"@id":"https:\/\/www.nfunb.org\/fr\/#website"},"primaryImageOfPage":{"@id":"https:\/\/www.nfunb.org\/fr\/communique-de-presse-la-privatisation-des-services-alimentaires-hospitaliers-naidera-pas-les-fermiers-et-fermieres-du-n-b-dit-lunf-nb\/#primaryimage"},"image":{"@id":"https:\/\/www.nfunb.org\/fr\/communique-de-presse-la-privatisation-des-services-alimentaires-hospitaliers-naidera-pas-les-fermiers-et-fermieres-du-n-b-dit-lunf-nb\/#primaryimage"},"thumbnailUrl":"https:\/\/nfunb.org\/wordpress\/wp-content\/uploads\/2022\/01\/NFU_logo_bil_setNB_-final-page-001-1024x259.jpg","datePublished":"2017-03-03T18:08:58+00:00","dateModified":"2022-01-21T19:17:25+00:00","breadcrumb":{"@id":"https:\/\/www.nfunb.org\/fr\/communique-de-presse-la-privatisation-des-services-alimentaires-hospitaliers-naidera-pas-les-fermiers-et-fermieres-du-n-b-dit-lunf-nb\/#breadcrumb"},"inLanguage":"fr-FR","potentialAction":[{"@type":"ReadAction","target":["https:\/\/www.nfunb.org\/fr\/communique-de-presse-la-privatisation-des-services-alimentaires-hospitaliers-naidera-pas-les-fermiers-et-fermieres-du-n-b-dit-lunf-nb\/"]}]},{"@type":"ImageObject","inLanguage":"fr-FR","@id":"https:\/\/www.nfunb.org\/fr\/communique-de-presse-la-privatisation-des-services-alimentaires-hospitaliers-naidera-pas-les-fermiers-et-fermieres-du-n-b-dit-lunf-nb\/#primaryimage","url":"https:\/\/nfunb.org\/wordpress\/wp-content\/uploads\/2022\/01\/NFU_logo_bil_setNB_-final-page-001-1024x259.jpg","contentUrl":"https:\/\/nfunb.org\/wordpress\/wp-content\/uploads\/2022\/01\/NFU_logo_bil_setNB_-final-page-001-1024x259.jpg"},{"@type":"BreadcrumbList","@id":"https:\/\/www.nfunb.org\/fr\/communique-de-presse-la-privatisation-des-services-alimentaires-hospitaliers-naidera-pas-les-fermiers-et-fermieres-du-n-b-dit-lunf-nb\/#breadcrumb","itemListElement":[{"@type":"ListItem","position":1,"name":"Home","item":"https:\/\/www.nfunb.org\/fr\/home\/"},{"@type":"ListItem","position":2,"name":"Communiqu\u00e9 de presse : La privatisation des services alimentaires hospitaliers n\u2019aidera pas les fermiers et fermi\u00e8res du N.-B. dit l\u2019UNF-NB"}]},{"@type":"WebSite","@id":"https:\/\/www.nfunb.org\/fr\/#website","url":"https:\/\/www.nfunb.org\/fr\/","name":"National Farmers Union in New Brunswick","description":"Strong Communities. Sound Policies. Sustainable Farms","publisher":{"@id":"https:\/\/www.nfunb.org\/fr\/#organization"},"potentialAction":[{"@type":"SearchAction","target":{"@type":"EntryPoint","urlTemplate":"https:\/\/www.nfunb.org\/fr\/?s={search_term_string}"},"query-input":{"@type":"PropertyValueSpecification","valueRequired":true,"valueName":"search_term_string"}}],"inLanguage":"fr-FR"},{"@type":"Organization","@id":"https:\/\/www.nfunb.org\/fr\/#organization","name":"National Farmers Union in New Brunswick","url":"https:\/\/www.nfunb.org\/fr\/","logo":{"@type":"ImageObject","inLanguage":"fr-FR","@id":"https:\/\/www.nfunb.org\/fr\/#\/schema\/logo\/image\/","url":"https:\/\/www.nfunb.org\/wp-content\/uploads\/2022\/01\/NFU_logo_CircleNB.png","contentUrl":"https:\/\/www.nfunb.org\/wp-content\/uploads\/2022\/01\/NFU_logo_CircleNB.png","width":480,"height":480,"caption":"National Farmers Union in New Brunswick"},"image":{"@id":"https:\/\/www.nfunb.org\/fr\/#\/schema\/logo\/image\/"},"sameAs":["https:\/\/www.facebook.com\/NFUinNB","https:\/\/www.instagram.com\/nfu.unf.nb\/"]},{"@type":"Person","@id":"https:\/\/www.nfunb.org\/fr\/#\/schema\/person\/1350c3bd5aa20e59953cf65dc542243a","name":"admin","image":{"@type":"ImageObject","inLanguage":"fr-FR","@id":"https:\/\/www.nfunb.org\/fr\/#\/schema\/person\/image\/","url":"https:\/\/secure.gravatar.com\/avatar\/26808d8fbe6a93b27a5be6fcee340112d06dadfad75e4e9c8533678c2951edde?s=96&d=mm&r=g","contentUrl":"https:\/\/secure.gravatar.com\/avatar\/26808d8fbe6a93b27a5be6fcee340112d06dadfad75e4e9c8533678c2951edde?s=96&d=mm&r=g","caption":"admin"},"sameAs":["https:\/\/nfunb.org\/wordpress\/"],"url":"https:\/\/www.nfunb.org\/fr\/author\/admin\/"}]}},"_links":{"self":[{"href":"https:\/\/www.nfunb.org\/fr\/wp-json\/wp\/v2\/posts\/11920","targetHints":{"allow":["GET"]}}],"collection":[{"href":"https:\/\/www.nfunb.org\/fr\/wp-json\/wp\/v2\/posts"}],"about":[{"href":"https:\/\/www.nfunb.org\/fr\/wp-json\/wp\/v2\/types\/post"}],"author":[{"embeddable":true,"href":"https:\/\/www.nfunb.org\/fr\/wp-json\/wp\/v2\/users\/1"}],"replies":[{"embeddable":true,"href":"https:\/\/www.nfunb.org\/fr\/wp-json\/wp\/v2\/comments?post=11920"}],"version-history":[{"count":2,"href":"https:\/\/www.nfunb.org\/fr\/wp-json\/wp\/v2\/posts\/11920\/revisions"}],"predecessor-version":[{"id":12485,"href":"https:\/\/www.nfunb.org\/fr\/wp-json\/wp\/v2\/posts\/11920\/revisions\/12485"}],"wp:attachment":[{"href":"https:\/\/www.nfunb.org\/fr\/wp-json\/wp\/v2\/media?parent=11920"}],"wp:term":[{"taxonomy":"category","embeddable":true,"href":"https:\/\/www.nfunb.org\/fr\/wp-json\/wp\/v2\/categories?post=11920"},{"taxonomy":"post_tag","embeddable":true,"href":"https:\/\/www.nfunb.org\/fr\/wp-json\/wp\/v2\/tags?post=11920"}],"curies":[{"name":"wp","href":"https:\/\/api.w.org\/{rel}","templated":true}]}}