{"id":11956,"date":"2017-01-19T14:27:07","date_gmt":"2017-01-19T18:27:07","guid":{"rendered":"https:\/\/nfunb.org\/wordpress\/?p=11956"},"modified":"2022-01-21T15:33:52","modified_gmt":"2022-01-21T19:33:52","slug":"aecg-sa-nature-et-comment-il-vous-affectera","status":"publish","type":"post","link":"https:\/\/www.nfunb.org\/fr\/aecg-sa-nature-et-comment-il-vous-affectera\/","title":{"rendered":"A\u00c9CG : sa nature et comment il vous affectera"},"content":{"rendered":"<p>D\u00e9sormais, plusieurs d\u2019entre vous ont probablement entendu parler de \u00a0l\u2019Accord \u00e9conomique et commercial global (A\u00c9CG) entre le Canada et l\u2019Union europ\u00e9enne, que le premier ministre Justin Trudeau a sign\u00e9 le 30 octobre dernier. \u00a0Avec le grand nombre d\u2019ententes internationales en jeu, il est facile de les confondre et de ne pas comprendre leurs cons\u00e9quences pour vous personnellement \u00a0Ci-dessous, voici un court sommaire.<\/p>\n<p><b>L\u2019A\u00c9CG va introduire plusieurs nouvelles difficult\u00e9s pour les fermiers canadiens, notamment :<\/b><\/p>\n<ul>\n<li>Pertes potentielles des march\u00e9s d\u2019alimentation locaux parce que la r\u00e8glementation des contrats d\u2019achat emp\u00eache les municipalit\u00e9s, les universit\u00e9s, les \u00e9coles et les h\u00f4pitaux de favoriser les sources locales ;<\/li>\n<li>Ne permets plus l\u2019utilisation de noms de terroir comme \u2018fromage f\u00e9ta\u2019 ou \u2018 jambon de Parmes\u2019 \u00e0 moins que ces produits soient fabriqu\u00e9s dans leurs r\u00e9gions d\u2019origine\u00a0;<\/li>\n<li>17\u2009000 tonnes de fromage europ\u00e9en sur le march\u00e9 canadien, ce qui va \u00e9liminer des quotas de lait qui pourraient avoir fourni les moyens de subsistance \u00e0 400 fermiers laitiers, et qui soustrairont des march\u00e9s canadiens des fromages artisanaux et des producteurs laitiers qui font la transformation \u00e0 la ferme.<\/li>\n<\/ul>\n<p><b>Mais l\u2019A\u00c9CG ne va-t-elle pas aider les familles de fermiers au Canada en leur ouvrant le march\u00e9 europ\u00e9en du b\u0153uf et du porc\u00a0?<\/b><\/p>\n<ul>\n<li>L\u2019A\u00c9CG ne va pas ouvrir le march\u00e9 au b\u0153uf produit avec des hormones synth\u00e9tiques, et le Canada poss\u00e8de d\u00e9j\u00e0 l\u2019acc\u00e8s sans tarif du b\u0153uf sans hormones qu\u2019il peut utiliser\u00a0;<\/li>\n<li>L\u2019A\u00c9CG n\u2019ouvrira pas les portes de l\u2019Europe aux produits de la biotechnologie comme certains pr\u00e9tendent, et ne poss\u00e8de aucune promesse de lever les restrictions sur les importations OGM\u00a0;<\/li>\n<li>Le Canada a d\u00e9j\u00e0 plus d\u2019acc\u00e8s au march\u00e9 du porc qu\u2019il peut combler. \u00a0La majorit\u00e9 des exportations de porc au Canada est trait\u00e9 avec des m\u00e9dicaments v\u00e9t\u00e9rinaires, mais qui sont interdits en Europe ; les producteurs de porc canadiens qui n\u2019utilisent pas ces m\u00e9dicaments ont de bons march\u00e9s domestiques et ne voient pas le besoin d\u2019exporter.<\/li>\n<li>Actuellement au Canada, il y a tr\u00e8s peu d\u2019abattoirs qui satisfont les normes de l\u2019Union europ\u00e9enne.<\/li>\n<li>L\u2019Union europ\u00e9enne est le plus grand exportateur de porc au monde\u00a0; ses exportations d\u00e9passent la production annuelle de porc au Canada. \u00a0Pourquoi y aurait-il de la place pour un comp\u00e9titeur ?<\/li>\n<li>L\u2019Europe exporte plus de fromage que le Canada en produit. \u00a0L\u2019UE va facilement pouvoir satisfaire tout march\u00e9 que repr\u00e9sente l\u2019A\u00c9CG.<\/li>\n<li>L\u2019augmentation des exportations n\u2019a pas encore augment\u00e9 les revenus nets des fermiers, et n\u2019aide pas la survie des fermes.<\/li>\n<li>L\u2019UE subventionne ses fermiers, mais le Canada ne le fait pas. \u00a0L\u2019UE d\u00e9pense 50 milliards de dollars par ann\u00e9e pour les subventions agricoles.<\/li>\n<\/ul>\n<p>L\u2019Union nationale des fermiers s\u2019est oppos\u00e9e \u00e0 l\u2019A\u00c9CG d\u00e8s le d\u00e9but, parce que nous croyons que les ententes agricoles doivent \u00eatre n\u00e9goci\u00e9es en dehors de ce type d\u2019accord commercial global.<\/p>\n<p>&nbsp;<\/p>\n<p><b>La Wallonie, c\u2019est quoi ? Et comment a-t-elle presque mis fin \u00e0 l\u2019accord\u00a0?<\/b><\/p>\n<p>Comme vous l\u2019avez peut-\u00eatre entendu, la Wallonie c\u2019est la r\u00e9gion de la Belgique qui a vot\u00e9 contre l\u2019accord et qui a bri\u00e8vement arr\u00eat\u00e9 sa progression. \u00a0La Wallonie \u00e9tait particuli\u00e8rement inqui\u00e8te du r\u00e8glement controvers\u00e9 sur les\u00a0<b>diff\u00e9rends entre investisseurs et \u00e9tats<\/b>\u00a0qui, en termes simples, permet aux entreprises de poursuivre les gouvernements lorsqu\u2019ils passent des lois ou des r\u00e8glements qui nuisent aux possibilit\u00e9s de profit des entreprises.<\/p>\n<p>Sans l\u2019appui de la Wallonie, la Belgique n\u2019aurait pas pu signer l\u2019accord et sans l\u2019appui de la Belgique, l\u2019Union europ\u00e9enne n\u2019aurait pas pu le signer non plus. \u00a0Comme le souligne Terry Boehm, pr\u00e9sident du comit\u00e9 semences et commerce de l\u2019UNF\u00a0: \u00ab\u00a0Le refus de la Wallonie d\u2019appuyer l\u2019A\u00c9CG se fonde sur les conclusions tr\u00e8s semblables aux n\u00f4tres\u00a0: que c\u2019est simplement inacceptable d\u2019accorder aux entreprises multinationales le pouvoir de poursuivre les gouvernements pour avoir agi dans l\u2019int\u00e9r\u00eat de la population. \u00a0L\u2019A\u00c9CG, comme le Partenariat Trans Pacifique et d\u2019autres accords plus r\u00e9cents, est une attaque fondamentale contre la d\u00e9mocratie et contre l\u2019habilet\u00e9 des gouvernements de gouverner dans les int\u00e9r\u00eats de leurs citoyens.<\/p>\n<p>\u00ab\u00a0Nous sommes avec Magnette et les gens des deux c\u00f4t\u00e9s de l\u2019Atlantique qui comprennent que l\u2019A\u00c9CG ne concerne pas v\u00e9ritablement l\u2019\u00e9conomie, mais bien le pouvoir \u2013 il s\u2019agit du pouvoir des grandes entreprises multinationales de modeler les \u00e9conomies dans leurs propres int\u00e9r\u00eats et \u00e0 la charge du peuple \u00e0 la base.\u00a0\u00bb Comme le disait le pr\u00e9sident de l\u2019UNF, Jan Slomp. \u00a0<b>\u00ab\u00a0Rappelez-vous que le Canada a commerc\u00e9 avec l\u2019Europe depuis toute notre histoire \u2013 nous n\u2019avons pas besoin de l\u2019A\u00c9CG pour commercer.\u00a0\u00bb<\/b><\/p>\n<p>M\u00eame si d\u2019autres discussions ont r\u00e9ussi \u00e0 convaincre Paul Magnette, le pr\u00e9sident du peuple de Wallonie, d\u2019accepter l\u2019accord quelques jours plus tard, la r\u00e9sistance de la Wallonie est un exemple du pouvoir que m\u00eame les petites places comme le Nouveau-Brunswick peuvent avoir. \u00a0Bien que les Wallons n\u2019aient pas r\u00e9ussi \u00e0 arr\u00eater l\u2019accord, ils ont r\u00e9ussi \u00e0 obtenir un accord sur comment le r\u00e8glement sur les diff\u00e9rends entre les investisseurs et les \u00e9tats peut \u00eatre interpr\u00e9t\u00e9 en cas de dispute.<\/p>\n<p>Une grande partie de ce texte est tir\u00e9 de diverses sources sur le siteweb de l\u2019UNF. \u00a0Pour en savoir plus sur cet enjeu, consultez\u00a0:<a href=\"http:\/\/www.nfu.ca\/issues\/canada-eu-comprehensive-economic-and-trade-agreement\">\u00a0http:\/\/www.nfu.ca\/issues\/canada-eu-comprehensive-economic-and-trade-agreement<\/a>.<\/p>\n","protected":false},"excerpt":{"rendered":"<p>D\u00e9sormais, plusieurs d\u2019entre vous ont probablement entendu parler de \u00a0l\u2019Accord \u00e9conomique et commercial global (A\u00c9CG) entre le Canada et l\u2019Union europ\u00e9enne, que le premier ministre Justin Trudeau a sign\u00e9 le [&hellip;]<\/p>\n","protected":false},"author":1,"featured_media":11957,"comment_status":"closed","ping_status":"open","sticky":false,"template":"","format":"standard","meta":{"footnotes":""},"categories":[18],"tags":[],"class_list":["post-11956","post","type-post","status-publish","format-standard","has-post-thumbnail","hentry","category-nouvelles"],"yoast_head":"<!-- This site is optimized with the Yoast SEO plugin v26.7 - https:\/\/yoast.com\/wordpress\/plugins\/seo\/ -->\n<title>A\u00c9CG : sa nature et comment il vous affectera - National Farmers Union in New Brunswick<\/title>\n<meta name=\"robots\" content=\"index, follow, max-snippet:-1, max-image-preview:large, max-video-preview:-1\" \/>\n<link rel=\"canonical\" href=\"https:\/\/www.nfunb.org\/fr\/aecg-sa-nature-et-comment-il-vous-affectera\/\" \/>\n<meta property=\"og:locale\" content=\"fr_FR\" \/>\n<meta property=\"og:type\" content=\"article\" \/>\n<meta property=\"og:title\" content=\"A\u00c9CG : sa nature et comment il vous affectera - National Farmers Union in New Brunswick\" \/>\n<meta property=\"og:description\" content=\"D\u00e9sormais, plusieurs d\u2019entre vous ont probablement entendu parler de \u00a0l\u2019Accord \u00e9conomique et commercial global (A\u00c9CG) entre le Canada et l\u2019Union europ\u00e9enne, que le premier ministre Justin Trudeau a sign\u00e9 le [&hellip;]\" \/>\n<meta property=\"og:url\" content=\"https:\/\/www.nfunb.org\/fr\/aecg-sa-nature-et-comment-il-vous-affectera\/\" \/>\n<meta property=\"og:site_name\" content=\"National Farmers Union in New Brunswick\" \/>\n<meta property=\"article:publisher\" content=\"https:\/\/www.facebook.com\/NFUinNB\" \/>\n<meta property=\"article:published_time\" content=\"2017-01-19T18:27:07+00:00\" \/>\n<meta property=\"article:modified_time\" content=\"2022-01-21T19:33:52+00:00\" \/>\n<meta property=\"og:image\" content=\"https:\/\/www.nfunb.org\/wp-content\/uploads\/2022\/01\/Cows-Les-Peres-Trappistes.jpg\" \/>\n\t<meta property=\"og:image:width\" content=\"1920\" \/>\n\t<meta property=\"og:image:height\" content=\"1280\" \/>\n\t<meta property=\"og:image:type\" content=\"image\/jpeg\" \/>\n<meta name=\"author\" content=\"admin\" \/>\n<meta name=\"twitter:card\" content=\"summary_large_image\" \/>\n<meta name=\"twitter:label1\" content=\"\u00c9crit par\" \/>\n\t<meta name=\"twitter:data1\" content=\"admin\" \/>\n\t<meta name=\"twitter:label2\" content=\"Dur\u00e9e de lecture estim\u00e9e\" \/>\n\t<meta name=\"twitter:data2\" content=\"5 minutes\" \/>\n<script type=\"application\/ld+json\" class=\"yoast-schema-graph\">{\"@context\":\"https:\/\/schema.org\",\"@graph\":[{\"@type\":\"Article\",\"@id\":\"https:\/\/www.nfunb.org\/fr\/aecg-sa-nature-et-comment-il-vous-affectera\/#article\",\"isPartOf\":{\"@id\":\"https:\/\/www.nfunb.org\/fr\/aecg-sa-nature-et-comment-il-vous-affectera\/\"},\"author\":{\"name\":\"admin\",\"@id\":\"https:\/\/www.nfunb.org\/fr\/#\/schema\/person\/1350c3bd5aa20e59953cf65dc542243a\"},\"headline\":\"A\u00c9CG : sa nature et comment il vous affectera\",\"datePublished\":\"2017-01-19T18:27:07+00:00\",\"dateModified\":\"2022-01-21T19:33:52+00:00\",\"mainEntityOfPage\":{\"@id\":\"https:\/\/www.nfunb.org\/fr\/aecg-sa-nature-et-comment-il-vous-affectera\/\"},\"wordCount\":983,\"publisher\":{\"@id\":\"https:\/\/www.nfunb.org\/fr\/#organization\"},\"image\":{\"@id\":\"https:\/\/www.nfunb.org\/fr\/aecg-sa-nature-et-comment-il-vous-affectera\/#primaryimage\"},\"thumbnailUrl\":\"https:\/\/www.nfunb.org\/wp-content\/uploads\/2022\/01\/Cows-Les-Peres-Trappistes.jpg\",\"articleSection\":[\"Nouvelles\"],\"inLanguage\":\"fr-FR\"},{\"@type\":\"WebPage\",\"@id\":\"https:\/\/www.nfunb.org\/fr\/aecg-sa-nature-et-comment-il-vous-affectera\/\",\"url\":\"https:\/\/www.nfunb.org\/fr\/aecg-sa-nature-et-comment-il-vous-affectera\/\",\"name\":\"A\u00c9CG : sa nature et comment il vous affectera - National Farmers Union in New Brunswick\",\"isPartOf\":{\"@id\":\"https:\/\/www.nfunb.org\/fr\/#website\"},\"primaryImageOfPage\":{\"@id\":\"https:\/\/www.nfunb.org\/fr\/aecg-sa-nature-et-comment-il-vous-affectera\/#primaryimage\"},\"image\":{\"@id\":\"https:\/\/www.nfunb.org\/fr\/aecg-sa-nature-et-comment-il-vous-affectera\/#primaryimage\"},\"thumbnailUrl\":\"https:\/\/www.nfunb.org\/wp-content\/uploads\/2022\/01\/Cows-Les-Peres-Trappistes.jpg\",\"datePublished\":\"2017-01-19T18:27:07+00:00\",\"dateModified\":\"2022-01-21T19:33:52+00:00\",\"breadcrumb\":{\"@id\":\"https:\/\/www.nfunb.org\/fr\/aecg-sa-nature-et-comment-il-vous-affectera\/#breadcrumb\"},\"inLanguage\":\"fr-FR\",\"potentialAction\":[{\"@type\":\"ReadAction\",\"target\":[\"https:\/\/www.nfunb.org\/fr\/aecg-sa-nature-et-comment-il-vous-affectera\/\"]}]},{\"@type\":\"ImageObject\",\"inLanguage\":\"fr-FR\",\"@id\":\"https:\/\/www.nfunb.org\/fr\/aecg-sa-nature-et-comment-il-vous-affectera\/#primaryimage\",\"url\":\"https:\/\/www.nfunb.org\/wp-content\/uploads\/2022\/01\/Cows-Les-Peres-Trappistes.jpg\",\"contentUrl\":\"https:\/\/www.nfunb.org\/wp-content\/uploads\/2022\/01\/Cows-Les-Peres-Trappistes.jpg\",\"width\":1920,\"height\":1280},{\"@type\":\"BreadcrumbList\",\"@id\":\"https:\/\/www.nfunb.org\/fr\/aecg-sa-nature-et-comment-il-vous-affectera\/#breadcrumb\",\"itemListElement\":[{\"@type\":\"ListItem\",\"position\":1,\"name\":\"Home\",\"item\":\"https:\/\/www.nfunb.org\/fr\/home\/\"},{\"@type\":\"ListItem\",\"position\":2,\"name\":\"A\u00c9CG : sa nature et comment il vous affectera\"}]},{\"@type\":\"WebSite\",\"@id\":\"https:\/\/www.nfunb.org\/fr\/#website\",\"url\":\"https:\/\/www.nfunb.org\/fr\/\",\"name\":\"National Farmers Union in New Brunswick\",\"description\":\"Strong Communities. Sound Policies. Sustainable Farms\",\"publisher\":{\"@id\":\"https:\/\/www.nfunb.org\/fr\/#organization\"},\"potentialAction\":[{\"@type\":\"SearchAction\",\"target\":{\"@type\":\"EntryPoint\",\"urlTemplate\":\"https:\/\/www.nfunb.org\/fr\/?s={search_term_string}\"},\"query-input\":{\"@type\":\"PropertyValueSpecification\",\"valueRequired\":true,\"valueName\":\"search_term_string\"}}],\"inLanguage\":\"fr-FR\"},{\"@type\":\"Organization\",\"@id\":\"https:\/\/www.nfunb.org\/fr\/#organization\",\"name\":\"National Farmers Union in New Brunswick\",\"url\":\"https:\/\/www.nfunb.org\/fr\/\",\"logo\":{\"@type\":\"ImageObject\",\"inLanguage\":\"fr-FR\",\"@id\":\"https:\/\/www.nfunb.org\/fr\/#\/schema\/logo\/image\/\",\"url\":\"https:\/\/www.nfunb.org\/wp-content\/uploads\/2022\/01\/NFU_logo_CircleNB.png\",\"contentUrl\":\"https:\/\/www.nfunb.org\/wp-content\/uploads\/2022\/01\/NFU_logo_CircleNB.png\",\"width\":480,\"height\":480,\"caption\":\"National Farmers Union in New Brunswick\"},\"image\":{\"@id\":\"https:\/\/www.nfunb.org\/fr\/#\/schema\/logo\/image\/\"},\"sameAs\":[\"https:\/\/www.facebook.com\/NFUinNB\",\"https:\/\/www.instagram.com\/nfu.unf.nb\/\"]},{\"@type\":\"Person\",\"@id\":\"https:\/\/www.nfunb.org\/fr\/#\/schema\/person\/1350c3bd5aa20e59953cf65dc542243a\",\"name\":\"admin\",\"image\":{\"@type\":\"ImageObject\",\"inLanguage\":\"fr-FR\",\"@id\":\"https:\/\/www.nfunb.org\/fr\/#\/schema\/person\/image\/\",\"url\":\"https:\/\/secure.gravatar.com\/avatar\/26808d8fbe6a93b27a5be6fcee340112d06dadfad75e4e9c8533678c2951edde?s=96&d=mm&r=g\",\"contentUrl\":\"https:\/\/secure.gravatar.com\/avatar\/26808d8fbe6a93b27a5be6fcee340112d06dadfad75e4e9c8533678c2951edde?s=96&d=mm&r=g\",\"caption\":\"admin\"},\"sameAs\":[\"https:\/\/nfunb.org\/wordpress\/\"],\"url\":\"https:\/\/www.nfunb.org\/fr\/author\/admin\/\"}]}<\/script>\n<!-- \/ Yoast SEO plugin. -->","yoast_head_json":{"title":"A\u00c9CG : sa nature et comment il vous affectera - National Farmers Union in New Brunswick","robots":{"index":"index","follow":"follow","max-snippet":"max-snippet:-1","max-image-preview":"max-image-preview:large","max-video-preview":"max-video-preview:-1"},"canonical":"https:\/\/www.nfunb.org\/fr\/aecg-sa-nature-et-comment-il-vous-affectera\/","og_locale":"fr_FR","og_type":"article","og_title":"A\u00c9CG : sa nature et comment il vous affectera - National Farmers Union in New Brunswick","og_description":"D\u00e9sormais, plusieurs d\u2019entre vous ont probablement entendu parler de \u00a0l\u2019Accord \u00e9conomique et commercial global (A\u00c9CG) entre le Canada et l\u2019Union europ\u00e9enne, que le premier ministre Justin Trudeau a sign\u00e9 le [&hellip;]","og_url":"https:\/\/www.nfunb.org\/fr\/aecg-sa-nature-et-comment-il-vous-affectera\/","og_site_name":"National Farmers Union in New Brunswick","article_publisher":"https:\/\/www.facebook.com\/NFUinNB","article_published_time":"2017-01-19T18:27:07+00:00","article_modified_time":"2022-01-21T19:33:52+00:00","og_image":[{"width":1920,"height":1280,"url":"https:\/\/www.nfunb.org\/wp-content\/uploads\/2022\/01\/Cows-Les-Peres-Trappistes.jpg","type":"image\/jpeg"}],"author":"admin","twitter_card":"summary_large_image","twitter_misc":{"\u00c9crit par":"admin","Dur\u00e9e de lecture estim\u00e9e":"5 minutes"},"schema":{"@context":"https:\/\/schema.org","@graph":[{"@type":"Article","@id":"https:\/\/www.nfunb.org\/fr\/aecg-sa-nature-et-comment-il-vous-affectera\/#article","isPartOf":{"@id":"https:\/\/www.nfunb.org\/fr\/aecg-sa-nature-et-comment-il-vous-affectera\/"},"author":{"name":"admin","@id":"https:\/\/www.nfunb.org\/fr\/#\/schema\/person\/1350c3bd5aa20e59953cf65dc542243a"},"headline":"A\u00c9CG : sa nature et comment il vous affectera","datePublished":"2017-01-19T18:27:07+00:00","dateModified":"2022-01-21T19:33:52+00:00","mainEntityOfPage":{"@id":"https:\/\/www.nfunb.org\/fr\/aecg-sa-nature-et-comment-il-vous-affectera\/"},"wordCount":983,"publisher":{"@id":"https:\/\/www.nfunb.org\/fr\/#organization"},"image":{"@id":"https:\/\/www.nfunb.org\/fr\/aecg-sa-nature-et-comment-il-vous-affectera\/#primaryimage"},"thumbnailUrl":"https:\/\/www.nfunb.org\/wp-content\/uploads\/2022\/01\/Cows-Les-Peres-Trappistes.jpg","articleSection":["Nouvelles"],"inLanguage":"fr-FR"},{"@type":"WebPage","@id":"https:\/\/www.nfunb.org\/fr\/aecg-sa-nature-et-comment-il-vous-affectera\/","url":"https:\/\/www.nfunb.org\/fr\/aecg-sa-nature-et-comment-il-vous-affectera\/","name":"A\u00c9CG : sa nature et comment il vous affectera - National Farmers Union in New Brunswick","isPartOf":{"@id":"https:\/\/www.nfunb.org\/fr\/#website"},"primaryImageOfPage":{"@id":"https:\/\/www.nfunb.org\/fr\/aecg-sa-nature-et-comment-il-vous-affectera\/#primaryimage"},"image":{"@id":"https:\/\/www.nfunb.org\/fr\/aecg-sa-nature-et-comment-il-vous-affectera\/#primaryimage"},"thumbnailUrl":"https:\/\/www.nfunb.org\/wp-content\/uploads\/2022\/01\/Cows-Les-Peres-Trappistes.jpg","datePublished":"2017-01-19T18:27:07+00:00","dateModified":"2022-01-21T19:33:52+00:00","breadcrumb":{"@id":"https:\/\/www.nfunb.org\/fr\/aecg-sa-nature-et-comment-il-vous-affectera\/#breadcrumb"},"inLanguage":"fr-FR","potentialAction":[{"@type":"ReadAction","target":["https:\/\/www.nfunb.org\/fr\/aecg-sa-nature-et-comment-il-vous-affectera\/"]}]},{"@type":"ImageObject","inLanguage":"fr-FR","@id":"https:\/\/www.nfunb.org\/fr\/aecg-sa-nature-et-comment-il-vous-affectera\/#primaryimage","url":"https:\/\/www.nfunb.org\/wp-content\/uploads\/2022\/01\/Cows-Les-Peres-Trappistes.jpg","contentUrl":"https:\/\/www.nfunb.org\/wp-content\/uploads\/2022\/01\/Cows-Les-Peres-Trappistes.jpg","width":1920,"height":1280},{"@type":"BreadcrumbList","@id":"https:\/\/www.nfunb.org\/fr\/aecg-sa-nature-et-comment-il-vous-affectera\/#breadcrumb","itemListElement":[{"@type":"ListItem","position":1,"name":"Home","item":"https:\/\/www.nfunb.org\/fr\/home\/"},{"@type":"ListItem","position":2,"name":"A\u00c9CG : sa nature et comment il vous affectera"}]},{"@type":"WebSite","@id":"https:\/\/www.nfunb.org\/fr\/#website","url":"https:\/\/www.nfunb.org\/fr\/","name":"National Farmers Union in New Brunswick","description":"Strong Communities. Sound Policies. Sustainable Farms","publisher":{"@id":"https:\/\/www.nfunb.org\/fr\/#organization"},"potentialAction":[{"@type":"SearchAction","target":{"@type":"EntryPoint","urlTemplate":"https:\/\/www.nfunb.org\/fr\/?s={search_term_string}"},"query-input":{"@type":"PropertyValueSpecification","valueRequired":true,"valueName":"search_term_string"}}],"inLanguage":"fr-FR"},{"@type":"Organization","@id":"https:\/\/www.nfunb.org\/fr\/#organization","name":"National Farmers Union in New Brunswick","url":"https:\/\/www.nfunb.org\/fr\/","logo":{"@type":"ImageObject","inLanguage":"fr-FR","@id":"https:\/\/www.nfunb.org\/fr\/#\/schema\/logo\/image\/","url":"https:\/\/www.nfunb.org\/wp-content\/uploads\/2022\/01\/NFU_logo_CircleNB.png","contentUrl":"https:\/\/www.nfunb.org\/wp-content\/uploads\/2022\/01\/NFU_logo_CircleNB.png","width":480,"height":480,"caption":"National Farmers Union in New Brunswick"},"image":{"@id":"https:\/\/www.nfunb.org\/fr\/#\/schema\/logo\/image\/"},"sameAs":["https:\/\/www.facebook.com\/NFUinNB","https:\/\/www.instagram.com\/nfu.unf.nb\/"]},{"@type":"Person","@id":"https:\/\/www.nfunb.org\/fr\/#\/schema\/person\/1350c3bd5aa20e59953cf65dc542243a","name":"admin","image":{"@type":"ImageObject","inLanguage":"fr-FR","@id":"https:\/\/www.nfunb.org\/fr\/#\/schema\/person\/image\/","url":"https:\/\/secure.gravatar.com\/avatar\/26808d8fbe6a93b27a5be6fcee340112d06dadfad75e4e9c8533678c2951edde?s=96&d=mm&r=g","contentUrl":"https:\/\/secure.gravatar.com\/avatar\/26808d8fbe6a93b27a5be6fcee340112d06dadfad75e4e9c8533678c2951edde?s=96&d=mm&r=g","caption":"admin"},"sameAs":["https:\/\/nfunb.org\/wordpress\/"],"url":"https:\/\/www.nfunb.org\/fr\/author\/admin\/"}]}},"_links":{"self":[{"href":"https:\/\/www.nfunb.org\/fr\/wp-json\/wp\/v2\/posts\/11956","targetHints":{"allow":["GET"]}}],"collection":[{"href":"https:\/\/www.nfunb.org\/fr\/wp-json\/wp\/v2\/posts"}],"about":[{"href":"https:\/\/www.nfunb.org\/fr\/wp-json\/wp\/v2\/types\/post"}],"author":[{"embeddable":true,"href":"https:\/\/www.nfunb.org\/fr\/wp-json\/wp\/v2\/users\/1"}],"replies":[{"embeddable":true,"href":"https:\/\/www.nfunb.org\/fr\/wp-json\/wp\/v2\/comments?post=11956"}],"version-history":[{"count":1,"href":"https:\/\/www.nfunb.org\/fr\/wp-json\/wp\/v2\/posts\/11956\/revisions"}],"predecessor-version":[{"id":11959,"href":"https:\/\/www.nfunb.org\/fr\/wp-json\/wp\/v2\/posts\/11956\/revisions\/11959"}],"wp:featuredmedia":[{"embeddable":true,"href":"https:\/\/www.nfunb.org\/fr\/wp-json\/wp\/v2\/media\/11957"}],"wp:attachment":[{"href":"https:\/\/www.nfunb.org\/fr\/wp-json\/wp\/v2\/media?parent=11956"}],"wp:term":[{"taxonomy":"category","embeddable":true,"href":"https:\/\/www.nfunb.org\/fr\/wp-json\/wp\/v2\/categories?post=11956"},{"taxonomy":"post_tag","embeddable":true,"href":"https:\/\/www.nfunb.org\/fr\/wp-json\/wp\/v2\/tags?post=11956"}],"curies":[{"name":"wp","href":"https:\/\/api.w.org\/{rel}","templated":true}]}}