{"id":11962,"date":"2016-12-09T14:30:17","date_gmt":"2016-12-09T18:30:17","guid":{"rendered":"https:\/\/nfunb.org\/wordpress\/?p=11962"},"modified":"2022-01-18T14:31:43","modified_gmt":"2022-01-18T18:31:43","slug":"presentation-au-comite-permanent-de-lagriculture-et-de-lagroalimentaire-aux-fins-de-letude-sur-le-prochain-cadre-strategique-pour-lagriculture","status":"publish","type":"post","link":"https:\/\/www.nfunb.org\/fr\/presentation-au-comite-permanent-de-lagriculture-et-de-lagroalimentaire-aux-fins-de-letude-sur-le-prochain-cadre-strategique-pour-lagriculture\/","title":{"rendered":"Pr\u00e9sentation au Comit\u00e9 permanent de l\u2019agriculture et de l\u2019agroalimentaire aux fins de l\u2019\u00e9tude sur le prochain cadre strat\u00e9gique pour l\u2019agriculture"},"content":{"rendered":"<p>Le 8 d\u00e9cembre, 2016, Ted Wiggans, pr\u00e9sident de l\u2019UNF-N.-B., et Amanda Wildeman, directrice g\u00e9n\u00e9rale de l\u2019UNF-N.-B., ont pr\u00e9sent\u00e9 au Comit\u00e9 permanent de l\u2019agriculture et de l\u2019agroalimentaire aux fins de l\u2019\u00e9tude sur le prochain cadre strat\u00e9gique pour l\u2019agriculture. Le cadre remplacera Cultivons l\u2019avenir 2, et d\u00e9terminera o\u00f9 les fonds agricoles sont attribu\u00e9s. \u00a0Dans leur pr\u00e9sentation, ils se sont concentr\u00e9s sur deux th\u00e9mes : La nouvelle g\u00e9n\u00e9ration de producteurs agricoles et les programmes de la Gestion des risques de l\u2019entreprise, notamment Agri-stabilit\u00e9.<\/p>\n<p><strong><em>Pour lire le contenu de leur pr\u00e9sentation, <a href=\"https:\/\/nfunb.org\/wordpress\/wp-content\/uploads\/2022\/01\/Dec-8-presentation-FRENCH.pdf\" target=\"_blank\" rel=\"noopener\">cliquez ici.<\/a><\/em><\/strong><\/p>\n","protected":false},"excerpt":{"rendered":"<p>Le 8 d\u00e9cembre, 2016, Ted Wiggans, pr\u00e9sident de l\u2019UNF-N.-B., et Amanda Wildeman, directrice g\u00e9n\u00e9rale de l\u2019UNF-N.-B., ont pr\u00e9sent\u00e9 au Comit\u00e9 permanent de l\u2019agriculture et de l\u2019agroalimentaire aux fins de l\u2019\u00e9tude [&hellip;]<\/p>\n","protected":false},"author":1,"featured_media":0,"comment_status":"closed","ping_status":"open","sticky":false,"template":"","format":"standard","meta":{"footnotes":""},"categories":[18,136],"tags":[],"class_list":["post-11962","post","type-post","status-publish","format-standard","hentry","category-nouvelles","category-releve-agricole"],"yoast_head":"<!-- This site is optimized with the Yoast SEO plugin v26.7 - https:\/\/yoast.com\/wordpress\/plugins\/seo\/ -->\n<title>Pr\u00e9sentation au Comit\u00e9 permanent de l\u2019agriculture et de l\u2019agroalimentaire aux fins de l\u2019\u00e9tude sur le prochain cadre strat\u00e9gique pour l\u2019agriculture - National Farmers Union in New Brunswick<\/title>\n<meta name=\"robots\" content=\"index, follow, max-snippet:-1, max-image-preview:large, max-video-preview:-1\" \/>\n<link rel=\"canonical\" href=\"https:\/\/www.nfunb.org\/fr\/presentation-au-comite-permanent-de-lagriculture-et-de-lagroalimentaire-aux-fins-de-letude-sur-le-prochain-cadre-strategique-pour-lagriculture\/\" \/>\n<meta property=\"og:locale\" content=\"fr_FR\" \/>\n<meta property=\"og:type\" content=\"article\" \/>\n<meta property=\"og:title\" content=\"Pr\u00e9sentation au Comit\u00e9 permanent de l\u2019agriculture et de l\u2019agroalimentaire aux fins de l\u2019\u00e9tude sur le prochain cadre strat\u00e9gique pour l\u2019agriculture - National Farmers Union in New Brunswick\" \/>\n<meta property=\"og:description\" content=\"Le 8 d\u00e9cembre, 2016, Ted Wiggans, pr\u00e9sident de l\u2019UNF-N.-B., et Amanda Wildeman, directrice g\u00e9n\u00e9rale de l\u2019UNF-N.-B., ont pr\u00e9sent\u00e9 au Comit\u00e9 permanent de l\u2019agriculture et de l\u2019agroalimentaire aux fins de l\u2019\u00e9tude [&hellip;]\" \/>\n<meta property=\"og:url\" content=\"https:\/\/www.nfunb.org\/fr\/presentation-au-comite-permanent-de-lagriculture-et-de-lagroalimentaire-aux-fins-de-letude-sur-le-prochain-cadre-strategique-pour-lagriculture\/\" \/>\n<meta property=\"og:site_name\" content=\"National Farmers Union in New Brunswick\" \/>\n<meta property=\"article:publisher\" content=\"https:\/\/www.facebook.com\/NFUinNB\" \/>\n<meta property=\"article:published_time\" content=\"2016-12-09T18:30:17+00:00\" \/>\n<meta property=\"article:modified_time\" content=\"2022-01-18T18:31:43+00:00\" \/>\n<meta name=\"author\" content=\"admin\" \/>\n<meta name=\"twitter:card\" content=\"summary_large_image\" \/>\n<meta name=\"twitter:label1\" content=\"\u00c9crit par\" \/>\n\t<meta name=\"twitter:data1\" content=\"admin\" \/>\n\t<meta name=\"twitter:label2\" content=\"Dur\u00e9e de lecture estim\u00e9e\" \/>\n\t<meta name=\"twitter:data2\" content=\"1 minute\" \/>\n<script type=\"application\/ld+json\" class=\"yoast-schema-graph\">{\"@context\":\"https:\/\/schema.org\",\"@graph\":[{\"@type\":\"Article\",\"@id\":\"https:\/\/www.nfunb.org\/fr\/presentation-au-comite-permanent-de-lagriculture-et-de-lagroalimentaire-aux-fins-de-letude-sur-le-prochain-cadre-strategique-pour-lagriculture\/#article\",\"isPartOf\":{\"@id\":\"https:\/\/www.nfunb.org\/fr\/presentation-au-comite-permanent-de-lagriculture-et-de-lagroalimentaire-aux-fins-de-letude-sur-le-prochain-cadre-strategique-pour-lagriculture\/\"},\"author\":{\"name\":\"admin\",\"@id\":\"https:\/\/www.nfunb.org\/fr\/#\/schema\/person\/1350c3bd5aa20e59953cf65dc542243a\"},\"headline\":\"Pr\u00e9sentation au Comit\u00e9 permanent de l\u2019agriculture et de l\u2019agroalimentaire aux fins de l\u2019\u00e9tude sur le prochain cadre strat\u00e9gique pour l\u2019agriculture\",\"datePublished\":\"2016-12-09T18:30:17+00:00\",\"dateModified\":\"2022-01-18T18:31:43+00:00\",\"mainEntityOfPage\":{\"@id\":\"https:\/\/www.nfunb.org\/fr\/presentation-au-comite-permanent-de-lagriculture-et-de-lagroalimentaire-aux-fins-de-letude-sur-le-prochain-cadre-strategique-pour-lagriculture\/\"},\"wordCount\":135,\"publisher\":{\"@id\":\"https:\/\/www.nfunb.org\/fr\/#organization\"},\"articleSection\":[\"Nouvelles\",\"Rel\u00e8ve agricole\"],\"inLanguage\":\"fr-FR\"},{\"@type\":\"WebPage\",\"@id\":\"https:\/\/www.nfunb.org\/fr\/presentation-au-comite-permanent-de-lagriculture-et-de-lagroalimentaire-aux-fins-de-letude-sur-le-prochain-cadre-strategique-pour-lagriculture\/\",\"url\":\"https:\/\/www.nfunb.org\/fr\/presentation-au-comite-permanent-de-lagriculture-et-de-lagroalimentaire-aux-fins-de-letude-sur-le-prochain-cadre-strategique-pour-lagriculture\/\",\"name\":\"Pr\u00e9sentation au Comit\u00e9 permanent de l\u2019agriculture et de l\u2019agroalimentaire aux fins de l\u2019\u00e9tude sur le prochain cadre strat\u00e9gique pour l\u2019agriculture - National Farmers Union in New Brunswick\",\"isPartOf\":{\"@id\":\"https:\/\/www.nfunb.org\/fr\/#website\"},\"datePublished\":\"2016-12-09T18:30:17+00:00\",\"dateModified\":\"2022-01-18T18:31:43+00:00\",\"breadcrumb\":{\"@id\":\"https:\/\/www.nfunb.org\/fr\/presentation-au-comite-permanent-de-lagriculture-et-de-lagroalimentaire-aux-fins-de-letude-sur-le-prochain-cadre-strategique-pour-lagriculture\/#breadcrumb\"},\"inLanguage\":\"fr-FR\",\"potentialAction\":[{\"@type\":\"ReadAction\",\"target\":[\"https:\/\/www.nfunb.org\/fr\/presentation-au-comite-permanent-de-lagriculture-et-de-lagroalimentaire-aux-fins-de-letude-sur-le-prochain-cadre-strategique-pour-lagriculture\/\"]}]},{\"@type\":\"BreadcrumbList\",\"@id\":\"https:\/\/www.nfunb.org\/fr\/presentation-au-comite-permanent-de-lagriculture-et-de-lagroalimentaire-aux-fins-de-letude-sur-le-prochain-cadre-strategique-pour-lagriculture\/#breadcrumb\",\"itemListElement\":[{\"@type\":\"ListItem\",\"position\":1,\"name\":\"Home\",\"item\":\"https:\/\/www.nfunb.org\/fr\/home\/\"},{\"@type\":\"ListItem\",\"position\":2,\"name\":\"Pr\u00e9sentation au Comit\u00e9 permanent de l\u2019agriculture et de l\u2019agroalimentaire aux fins de l\u2019\u00e9tude sur le prochain cadre strat\u00e9gique pour l\u2019agriculture\"}]},{\"@type\":\"WebSite\",\"@id\":\"https:\/\/www.nfunb.org\/fr\/#website\",\"url\":\"https:\/\/www.nfunb.org\/fr\/\",\"name\":\"National Farmers Union in New Brunswick\",\"description\":\"Strong Communities. Sound Policies. Sustainable Farms\",\"publisher\":{\"@id\":\"https:\/\/www.nfunb.org\/fr\/#organization\"},\"potentialAction\":[{\"@type\":\"SearchAction\",\"target\":{\"@type\":\"EntryPoint\",\"urlTemplate\":\"https:\/\/www.nfunb.org\/fr\/?s={search_term_string}\"},\"query-input\":{\"@type\":\"PropertyValueSpecification\",\"valueRequired\":true,\"valueName\":\"search_term_string\"}}],\"inLanguage\":\"fr-FR\"},{\"@type\":\"Organization\",\"@id\":\"https:\/\/www.nfunb.org\/fr\/#organization\",\"name\":\"National Farmers Union in New Brunswick\",\"url\":\"https:\/\/www.nfunb.org\/fr\/\",\"logo\":{\"@type\":\"ImageObject\",\"inLanguage\":\"fr-FR\",\"@id\":\"https:\/\/www.nfunb.org\/fr\/#\/schema\/logo\/image\/\",\"url\":\"https:\/\/www.nfunb.org\/wp-content\/uploads\/2022\/01\/NFU_logo_CircleNB.png\",\"contentUrl\":\"https:\/\/www.nfunb.org\/wp-content\/uploads\/2022\/01\/NFU_logo_CircleNB.png\",\"width\":480,\"height\":480,\"caption\":\"National Farmers Union in New Brunswick\"},\"image\":{\"@id\":\"https:\/\/www.nfunb.org\/fr\/#\/schema\/logo\/image\/\"},\"sameAs\":[\"https:\/\/www.facebook.com\/NFUinNB\",\"https:\/\/www.instagram.com\/nfu.unf.nb\/\"]},{\"@type\":\"Person\",\"@id\":\"https:\/\/www.nfunb.org\/fr\/#\/schema\/person\/1350c3bd5aa20e59953cf65dc542243a\",\"name\":\"admin\",\"image\":{\"@type\":\"ImageObject\",\"inLanguage\":\"fr-FR\",\"@id\":\"https:\/\/www.nfunb.org\/fr\/#\/schema\/person\/image\/\",\"url\":\"https:\/\/secure.gravatar.com\/avatar\/26808d8fbe6a93b27a5be6fcee340112d06dadfad75e4e9c8533678c2951edde?s=96&d=mm&r=g\",\"contentUrl\":\"https:\/\/secure.gravatar.com\/avatar\/26808d8fbe6a93b27a5be6fcee340112d06dadfad75e4e9c8533678c2951edde?s=96&d=mm&r=g\",\"caption\":\"admin\"},\"sameAs\":[\"https:\/\/nfunb.org\/wordpress\/\"],\"url\":\"https:\/\/www.nfunb.org\/fr\/author\/admin\/\"}]}<\/script>\n<!-- \/ Yoast SEO plugin. -->","yoast_head_json":{"title":"Pr\u00e9sentation au Comit\u00e9 permanent de l\u2019agriculture et de l\u2019agroalimentaire aux fins de l\u2019\u00e9tude sur le prochain cadre strat\u00e9gique pour l\u2019agriculture - National Farmers Union in New Brunswick","robots":{"index":"index","follow":"follow","max-snippet":"max-snippet:-1","max-image-preview":"max-image-preview:large","max-video-preview":"max-video-preview:-1"},"canonical":"https:\/\/www.nfunb.org\/fr\/presentation-au-comite-permanent-de-lagriculture-et-de-lagroalimentaire-aux-fins-de-letude-sur-le-prochain-cadre-strategique-pour-lagriculture\/","og_locale":"fr_FR","og_type":"article","og_title":"Pr\u00e9sentation au Comit\u00e9 permanent de l\u2019agriculture et de l\u2019agroalimentaire aux fins de l\u2019\u00e9tude sur le prochain cadre strat\u00e9gique pour l\u2019agriculture - National Farmers Union in New Brunswick","og_description":"Le 8 d\u00e9cembre, 2016, Ted Wiggans, pr\u00e9sident de l\u2019UNF-N.-B., et Amanda Wildeman, directrice g\u00e9n\u00e9rale de l\u2019UNF-N.-B., ont pr\u00e9sent\u00e9 au Comit\u00e9 permanent de l\u2019agriculture et de l\u2019agroalimentaire aux fins de l\u2019\u00e9tude [&hellip;]","og_url":"https:\/\/www.nfunb.org\/fr\/presentation-au-comite-permanent-de-lagriculture-et-de-lagroalimentaire-aux-fins-de-letude-sur-le-prochain-cadre-strategique-pour-lagriculture\/","og_site_name":"National Farmers Union in New Brunswick","article_publisher":"https:\/\/www.facebook.com\/NFUinNB","article_published_time":"2016-12-09T18:30:17+00:00","article_modified_time":"2022-01-18T18:31:43+00:00","author":"admin","twitter_card":"summary_large_image","twitter_misc":{"\u00c9crit par":"admin","Dur\u00e9e de lecture estim\u00e9e":"1 minute"},"schema":{"@context":"https:\/\/schema.org","@graph":[{"@type":"Article","@id":"https:\/\/www.nfunb.org\/fr\/presentation-au-comite-permanent-de-lagriculture-et-de-lagroalimentaire-aux-fins-de-letude-sur-le-prochain-cadre-strategique-pour-lagriculture\/#article","isPartOf":{"@id":"https:\/\/www.nfunb.org\/fr\/presentation-au-comite-permanent-de-lagriculture-et-de-lagroalimentaire-aux-fins-de-letude-sur-le-prochain-cadre-strategique-pour-lagriculture\/"},"author":{"name":"admin","@id":"https:\/\/www.nfunb.org\/fr\/#\/schema\/person\/1350c3bd5aa20e59953cf65dc542243a"},"headline":"Pr\u00e9sentation au Comit\u00e9 permanent de l\u2019agriculture et de l\u2019agroalimentaire aux fins de l\u2019\u00e9tude sur le prochain cadre strat\u00e9gique pour l\u2019agriculture","datePublished":"2016-12-09T18:30:17+00:00","dateModified":"2022-01-18T18:31:43+00:00","mainEntityOfPage":{"@id":"https:\/\/www.nfunb.org\/fr\/presentation-au-comite-permanent-de-lagriculture-et-de-lagroalimentaire-aux-fins-de-letude-sur-le-prochain-cadre-strategique-pour-lagriculture\/"},"wordCount":135,"publisher":{"@id":"https:\/\/www.nfunb.org\/fr\/#organization"},"articleSection":["Nouvelles","Rel\u00e8ve agricole"],"inLanguage":"fr-FR"},{"@type":"WebPage","@id":"https:\/\/www.nfunb.org\/fr\/presentation-au-comite-permanent-de-lagriculture-et-de-lagroalimentaire-aux-fins-de-letude-sur-le-prochain-cadre-strategique-pour-lagriculture\/","url":"https:\/\/www.nfunb.org\/fr\/presentation-au-comite-permanent-de-lagriculture-et-de-lagroalimentaire-aux-fins-de-letude-sur-le-prochain-cadre-strategique-pour-lagriculture\/","name":"Pr\u00e9sentation au Comit\u00e9 permanent de l\u2019agriculture et de l\u2019agroalimentaire aux fins de l\u2019\u00e9tude sur le prochain cadre strat\u00e9gique pour l\u2019agriculture - National Farmers Union in New Brunswick","isPartOf":{"@id":"https:\/\/www.nfunb.org\/fr\/#website"},"datePublished":"2016-12-09T18:30:17+00:00","dateModified":"2022-01-18T18:31:43+00:00","breadcrumb":{"@id":"https:\/\/www.nfunb.org\/fr\/presentation-au-comite-permanent-de-lagriculture-et-de-lagroalimentaire-aux-fins-de-letude-sur-le-prochain-cadre-strategique-pour-lagriculture\/#breadcrumb"},"inLanguage":"fr-FR","potentialAction":[{"@type":"ReadAction","target":["https:\/\/www.nfunb.org\/fr\/presentation-au-comite-permanent-de-lagriculture-et-de-lagroalimentaire-aux-fins-de-letude-sur-le-prochain-cadre-strategique-pour-lagriculture\/"]}]},{"@type":"BreadcrumbList","@id":"https:\/\/www.nfunb.org\/fr\/presentation-au-comite-permanent-de-lagriculture-et-de-lagroalimentaire-aux-fins-de-letude-sur-le-prochain-cadre-strategique-pour-lagriculture\/#breadcrumb","itemListElement":[{"@type":"ListItem","position":1,"name":"Home","item":"https:\/\/www.nfunb.org\/fr\/home\/"},{"@type":"ListItem","position":2,"name":"Pr\u00e9sentation au Comit\u00e9 permanent de l\u2019agriculture et de l\u2019agroalimentaire aux fins de l\u2019\u00e9tude sur le prochain cadre strat\u00e9gique pour l\u2019agriculture"}]},{"@type":"WebSite","@id":"https:\/\/www.nfunb.org\/fr\/#website","url":"https:\/\/www.nfunb.org\/fr\/","name":"National Farmers Union in New Brunswick","description":"Strong Communities. Sound Policies. Sustainable Farms","publisher":{"@id":"https:\/\/www.nfunb.org\/fr\/#organization"},"potentialAction":[{"@type":"SearchAction","target":{"@type":"EntryPoint","urlTemplate":"https:\/\/www.nfunb.org\/fr\/?s={search_term_string}"},"query-input":{"@type":"PropertyValueSpecification","valueRequired":true,"valueName":"search_term_string"}}],"inLanguage":"fr-FR"},{"@type":"Organization","@id":"https:\/\/www.nfunb.org\/fr\/#organization","name":"National Farmers Union in New Brunswick","url":"https:\/\/www.nfunb.org\/fr\/","logo":{"@type":"ImageObject","inLanguage":"fr-FR","@id":"https:\/\/www.nfunb.org\/fr\/#\/schema\/logo\/image\/","url":"https:\/\/www.nfunb.org\/wp-content\/uploads\/2022\/01\/NFU_logo_CircleNB.png","contentUrl":"https:\/\/www.nfunb.org\/wp-content\/uploads\/2022\/01\/NFU_logo_CircleNB.png","width":480,"height":480,"caption":"National Farmers Union in New Brunswick"},"image":{"@id":"https:\/\/www.nfunb.org\/fr\/#\/schema\/logo\/image\/"},"sameAs":["https:\/\/www.facebook.com\/NFUinNB","https:\/\/www.instagram.com\/nfu.unf.nb\/"]},{"@type":"Person","@id":"https:\/\/www.nfunb.org\/fr\/#\/schema\/person\/1350c3bd5aa20e59953cf65dc542243a","name":"admin","image":{"@type":"ImageObject","inLanguage":"fr-FR","@id":"https:\/\/www.nfunb.org\/fr\/#\/schema\/person\/image\/","url":"https:\/\/secure.gravatar.com\/avatar\/26808d8fbe6a93b27a5be6fcee340112d06dadfad75e4e9c8533678c2951edde?s=96&d=mm&r=g","contentUrl":"https:\/\/secure.gravatar.com\/avatar\/26808d8fbe6a93b27a5be6fcee340112d06dadfad75e4e9c8533678c2951edde?s=96&d=mm&r=g","caption":"admin"},"sameAs":["https:\/\/nfunb.org\/wordpress\/"],"url":"https:\/\/www.nfunb.org\/fr\/author\/admin\/"}]}},"_links":{"self":[{"href":"https:\/\/www.nfunb.org\/fr\/wp-json\/wp\/v2\/posts\/11962","targetHints":{"allow":["GET"]}}],"collection":[{"href":"https:\/\/www.nfunb.org\/fr\/wp-json\/wp\/v2\/posts"}],"about":[{"href":"https:\/\/www.nfunb.org\/fr\/wp-json\/wp\/v2\/types\/post"}],"author":[{"embeddable":true,"href":"https:\/\/www.nfunb.org\/fr\/wp-json\/wp\/v2\/users\/1"}],"replies":[{"embeddable":true,"href":"https:\/\/www.nfunb.org\/fr\/wp-json\/wp\/v2\/comments?post=11962"}],"version-history":[{"count":1,"href":"https:\/\/www.nfunb.org\/fr\/wp-json\/wp\/v2\/posts\/11962\/revisions"}],"predecessor-version":[{"id":11965,"href":"https:\/\/www.nfunb.org\/fr\/wp-json\/wp\/v2\/posts\/11962\/revisions\/11965"}],"wp:attachment":[{"href":"https:\/\/www.nfunb.org\/fr\/wp-json\/wp\/v2\/media?parent=11962"}],"wp:term":[{"taxonomy":"category","embeddable":true,"href":"https:\/\/www.nfunb.org\/fr\/wp-json\/wp\/v2\/categories?post=11962"},{"taxonomy":"post_tag","embeddable":true,"href":"https:\/\/www.nfunb.org\/fr\/wp-json\/wp\/v2\/tags?post=11962"}],"curies":[{"name":"wp","href":"https:\/\/api.w.org\/{rel}","templated":true}]}}