{"id":11967,"date":"2016-11-08T14:32:36","date_gmt":"2016-11-08T18:32:36","guid":{"rendered":"https:\/\/nfunb.org\/wordpress\/?p=11967"},"modified":"2022-01-21T16:01:54","modified_gmt":"2022-01-21T20:01:54","slug":"opinion-soutien-pour-les-nouveaux-agriculteurs-inclut-lacces-au-service-de-garderie","status":"publish","type":"post","link":"https:\/\/www.nfunb.org\/fr\/opinion-soutien-pour-les-nouveaux-agriculteurs-inclut-lacces-au-service-de-garderie\/","title":{"rendered":"Opinion : Soutien pour les nouveaux agriculteurs inclut l\u2019acc\u00e8s au service de garderie"},"content":{"rendered":"<p>Le 8 novembre, 2016<\/p>\n<p>Depuis que l\u2019agriculture existe il y a au moins 10 000 ans, les femmes y ont jou\u00e9 un r\u00f4le vital. Que ce soit au niveau de la cuisine, de l\u2019entretien des maisons ou de l\u2019\u00e9ducation des enfants, la grosse majorit\u00e9 des fermes familiales ne tiendrait pas le coup sans le travail des femmes. De plus en plus, par contre, ce n\u2019est pas seulement au niveau du travail domestique que participe les femmes, mais \u00e0 la t\u00eate d\u2019entreprises agricoles. Un r\u00e9cent sondage sur les nouveaux fermiers au Canada d\u00e9montre que la majorit\u00e9 des agriculteurs sont en fait des agricultrices. Peut importe le r\u00f4le que jouent les femmes sur les fermes du Nouveau-Brunswick ou d\u2019ailleurs, par contre, l\u2019important est qu\u2019il y ait un choix au niveau des activit\u00e9s et que ces activit\u00e9s, qu\u2019elles soient le labourage ou le lavage, soient valoris\u00e9s.<\/p>\n<p>L\u2019Union Nationale des Fermiers depuis sa cr\u00e9ation en 1969 a un poste de Pr\u00e9sidente des femmes afin que les enjeux sp\u00e9cifiques aux agricultrices puissent constamment \u00eatre amen\u00e9s sur la place publique. C\u2019est en 2013 que Eva Rehak, la Pr\u00e9sidente des femmes de l\u2019UNF au N.-B. a fait connaitre le d\u00e9fi qu\u2019est l\u2019acc\u00e8s aux garderies pour des fermi\u00e8res \u00e0 faible revenu. Malgr\u00e9 le fait qu\u2019un programme de subvention existe pour assurer l\u2019acc\u00e8s aux services de garde pour les n\u00e9o-brunswickois \u00e0 faible revenu, les familles agricoles ne peuvent y acc\u00e9der vu leurs statut d\u2019entrepreneurs. \u00c0 cette \u00e9poque, l\u2019UNF lutta pour un changement au r\u00e8glement et obtenu une confirmation que le projet de loi serait modifi\u00e9 afin que les familles qui n\u2019avaient pas d\u2019employ\u00e9s pourraient participer au programme d\u2019assistance.<\/p>\n<p>Quelques ann\u00e9es plus tard alors que trois familles, dont la mienne, ont tent\u00e9 de s\u2019inscrire au programme d\u2019assistance assumant que nous y serions \u00e9ligibles, nous d\u00e9couvrons que les choses n\u2019ont pas en fait chang\u00e9. Les raisons pour ceci au niveau du gouvernement sont vari\u00e9s, mais tous aussi vide de logique \u2013 du moins dans les explications qui nous furent donn\u00e9s. Une des familles ne peut y acc\u00e9der parce que son entreprise agricole est incorpor\u00e9e. L\u2019autre, parce qu\u2019elle embauche un employ\u00e9 avec l\u2019appui d\u2019un programme du gouvernement f\u00e9d\u00e9rale pour quelques mois de l\u2019ann\u00e9e (pas la m\u00eame p\u00e9riode que celle pour laquelle le service de garde serait utilis\u00e9). Finalement, la troisi\u00e8me est in\u00e9ligible parce que \u00ab\u00a0personne dans ce type de travail a jamais \u00e9t\u00e9 b\u00e9n\u00e9ficiaire du programme d\u2019assistance\u00a0\u00bb.<\/p>\n<p>Dans tous ces cas, nous avons tent\u00e9 d\u2019aller plus loin et de mieux comprendre la logique derri\u00e8re les d\u00e9cisions, mais m\u00eame apr\u00e8s une consultation avec le sous-ministre de l\u2019\u00e9ducation et la petite enfance en \u00e9t\u00e9 2016, nous n\u2019avons eu aucune r\u00e9ponse qui a pu \u00e9lucider la question. Lorsqu\u2019on nous a appel\u00e9s pour nous partager une \u00ab\u00a0bonne nouvelle\u00a0\u00bb suite \u00e0 notre conversation avec le sous-ministre, c\u2019\u00e9tait pour nous dire que nous serions invit\u00e9s \u00e0 faire partie d\u2019une consultation pour restructurer le programme cet automne. Depuis, l\u2019automne est arriv\u00e9 et nous attendons avec impatience un appel pour nous donner plus de d\u00e9tails par rapport \u00e0 cette consultation et les changements qui pourrait en venir.\u00a0 Dans le discours du tr\u00f4ne de la semaine pass\u00e9e, c\u2019\u00e9tait annonc\u00e9 que le gouvernement accro\u00eetra la somme fournit pour aider \u00e0 payer les frais de garderie, mais sans consultations on doute que ces changements seront utiles pour les familles agricoles.<\/p>\n<p>Si on voulait r\u00e9ellement soutenir les fermi\u00e8res et fermiers de cette province et rendre l\u2019entr\u00e9e en agriculture un peu plus facile, comment mieux que d\u2019assurer que les enfants puissent \u00eatre en bonne main dans une garderie de la communaut\u00e9 alors que les parents mettent sur pieds leurs entreprises? Il n\u2019y a pas de raison (du moins pas que nous puissions identifier) qu\u2019on ne pourrait pas faire de m\u00eame avec tous les petits entrepreneurs de la province puisqu\u2019une fois que l\u2019entreprise est solide et que les imp\u00f4ts d\u00e9montrent que la famille a atteint le plus haut bar\u00e8me du programme d\u2019assistance, la famille pourrait assumer le cout du service de garde et en tant que province, nous pourrons nous f\u00e9liciter d\u2019avoir outill\u00e9 une petite entreprise qui contribuera \u00e0 notre d\u00e9veloppement \u00e9conomique. Vivement, un gouvernement qui voudra se joindre \u00e0 nous pour cette conversation et d\u00e9montrer par des actions qu\u2019on veut soutenir les productrices de nourriture de notre province!<\/p>\n<p>&nbsp;<\/p>\n<p>R\u00e9beka Frazer-Chiasson<\/p>\n<p>Co-propri\u00e9tarie, Ferme Terre Partag\u00e9e,<\/p>\n<p>Membre du Conseil administratif,<\/p>\n<p>l\u2019Union nationale des fermiers au N.-B.<\/p>\n","protected":false},"excerpt":{"rendered":"<p>Le 8 novembre, 2016 Depuis que l\u2019agriculture existe il y a au moins 10 000 ans, les femmes y ont jou\u00e9 un r\u00f4le vital. Que ce soit au niveau de [&hellip;]<\/p>\n","protected":false},"author":1,"featured_media":11391,"comment_status":"closed","ping_status":"open","sticky":false,"template":"","format":"standard","meta":{"footnotes":""},"categories":[135,18,138,136],"tags":[],"class_list":["post-11967","post","type-post","status-publish","format-standard","has-post-thumbnail","hentry","category-communiques-de-presse","category-nouvelles","category-problematiques","category-releve-agricole"],"yoast_head":"<!-- This site is optimized with the Yoast SEO plugin v26.7 - https:\/\/yoast.com\/wordpress\/plugins\/seo\/ -->\n<title>Opinion : Soutien pour les nouveaux agriculteurs inclut l\u2019acc\u00e8s au service de garderie - National Farmers Union in New Brunswick<\/title>\n<meta name=\"robots\" content=\"index, follow, max-snippet:-1, max-image-preview:large, max-video-preview:-1\" \/>\n<link rel=\"canonical\" href=\"https:\/\/www.nfunb.org\/fr\/opinion-soutien-pour-les-nouveaux-agriculteurs-inclut-lacces-au-service-de-garderie\/\" \/>\n<meta property=\"og:locale\" content=\"fr_FR\" \/>\n<meta property=\"og:type\" content=\"article\" \/>\n<meta property=\"og:title\" content=\"Opinion : Soutien pour les nouveaux agriculteurs inclut l\u2019acc\u00e8s au service de garderie - National Farmers Union in New Brunswick\" \/>\n<meta property=\"og:description\" content=\"Le 8 novembre, 2016 Depuis que l\u2019agriculture existe il y a au moins 10 000 ans, les femmes y ont jou\u00e9 un r\u00f4le vital. Que ce soit au niveau de [&hellip;]\" \/>\n<meta property=\"og:url\" content=\"https:\/\/www.nfunb.org\/fr\/opinion-soutien-pour-les-nouveaux-agriculteurs-inclut-lacces-au-service-de-garderie\/\" \/>\n<meta property=\"og:site_name\" content=\"National Farmers Union in New Brunswick\" \/>\n<meta property=\"article:publisher\" content=\"https:\/\/www.facebook.com\/NFUinNB\" \/>\n<meta property=\"article:published_time\" content=\"2016-11-08T18:32:36+00:00\" \/>\n<meta property=\"article:modified_time\" content=\"2022-01-21T20:01:54+00:00\" \/>\n<meta property=\"og:image\" content=\"https:\/\/www.nfunb.org\/wp-content\/uploads\/2021\/12\/IMG_0511.jpg\" \/>\n\t<meta property=\"og:image:width\" content=\"480\" \/>\n\t<meta property=\"og:image:height\" content=\"640\" \/>\n\t<meta property=\"og:image:type\" content=\"image\/jpeg\" \/>\n<meta name=\"author\" content=\"admin\" \/>\n<meta name=\"twitter:card\" content=\"summary_large_image\" \/>\n<meta name=\"twitter:label1\" content=\"\u00c9crit par\" \/>\n\t<meta name=\"twitter:data1\" content=\"admin\" \/>\n\t<meta name=\"twitter:label2\" content=\"Dur\u00e9e de lecture estim\u00e9e\" \/>\n\t<meta name=\"twitter:data2\" content=\"4 minutes\" \/>\n<script type=\"application\/ld+json\" class=\"yoast-schema-graph\">{\"@context\":\"https:\/\/schema.org\",\"@graph\":[{\"@type\":\"Article\",\"@id\":\"https:\/\/www.nfunb.org\/fr\/opinion-soutien-pour-les-nouveaux-agriculteurs-inclut-lacces-au-service-de-garderie\/#article\",\"isPartOf\":{\"@id\":\"https:\/\/www.nfunb.org\/fr\/opinion-soutien-pour-les-nouveaux-agriculteurs-inclut-lacces-au-service-de-garderie\/\"},\"author\":{\"name\":\"admin\",\"@id\":\"https:\/\/www.nfunb.org\/fr\/#\/schema\/person\/1350c3bd5aa20e59953cf65dc542243a\"},\"headline\":\"Opinion : Soutien pour les nouveaux agriculteurs inclut l\u2019acc\u00e8s au service de garderie\",\"datePublished\":\"2016-11-08T18:32:36+00:00\",\"dateModified\":\"2022-01-21T20:01:54+00:00\",\"mainEntityOfPage\":{\"@id\":\"https:\/\/www.nfunb.org\/fr\/opinion-soutien-pour-les-nouveaux-agriculteurs-inclut-lacces-au-service-de-garderie\/\"},\"wordCount\":826,\"publisher\":{\"@id\":\"https:\/\/www.nfunb.org\/fr\/#organization\"},\"image\":{\"@id\":\"https:\/\/www.nfunb.org\/fr\/opinion-soutien-pour-les-nouveaux-agriculteurs-inclut-lacces-au-service-de-garderie\/#primaryimage\"},\"thumbnailUrl\":\"https:\/\/www.nfunb.org\/wp-content\/uploads\/2021\/12\/IMG_0511.jpg\",\"articleSection\":[\"Communiqu\u00e9s de presse\",\"Nouvelles\",\"probl\u00e9matiques\",\"Rel\u00e8ve agricole\"],\"inLanguage\":\"fr-FR\"},{\"@type\":\"WebPage\",\"@id\":\"https:\/\/www.nfunb.org\/fr\/opinion-soutien-pour-les-nouveaux-agriculteurs-inclut-lacces-au-service-de-garderie\/\",\"url\":\"https:\/\/www.nfunb.org\/fr\/opinion-soutien-pour-les-nouveaux-agriculteurs-inclut-lacces-au-service-de-garderie\/\",\"name\":\"Opinion : Soutien pour les nouveaux agriculteurs inclut l\u2019acc\u00e8s au service de garderie - National Farmers Union in New Brunswick\",\"isPartOf\":{\"@id\":\"https:\/\/www.nfunb.org\/fr\/#website\"},\"primaryImageOfPage\":{\"@id\":\"https:\/\/www.nfunb.org\/fr\/opinion-soutien-pour-les-nouveaux-agriculteurs-inclut-lacces-au-service-de-garderie\/#primaryimage\"},\"image\":{\"@id\":\"https:\/\/www.nfunb.org\/fr\/opinion-soutien-pour-les-nouveaux-agriculteurs-inclut-lacces-au-service-de-garderie\/#primaryimage\"},\"thumbnailUrl\":\"https:\/\/www.nfunb.org\/wp-content\/uploads\/2021\/12\/IMG_0511.jpg\",\"datePublished\":\"2016-11-08T18:32:36+00:00\",\"dateModified\":\"2022-01-21T20:01:54+00:00\",\"breadcrumb\":{\"@id\":\"https:\/\/www.nfunb.org\/fr\/opinion-soutien-pour-les-nouveaux-agriculteurs-inclut-lacces-au-service-de-garderie\/#breadcrumb\"},\"inLanguage\":\"fr-FR\",\"potentialAction\":[{\"@type\":\"ReadAction\",\"target\":[\"https:\/\/www.nfunb.org\/fr\/opinion-soutien-pour-les-nouveaux-agriculteurs-inclut-lacces-au-service-de-garderie\/\"]}]},{\"@type\":\"ImageObject\",\"inLanguage\":\"fr-FR\",\"@id\":\"https:\/\/www.nfunb.org\/fr\/opinion-soutien-pour-les-nouveaux-agriculteurs-inclut-lacces-au-service-de-garderie\/#primaryimage\",\"url\":\"https:\/\/www.nfunb.org\/wp-content\/uploads\/2021\/12\/IMG_0511.jpg\",\"contentUrl\":\"https:\/\/www.nfunb.org\/wp-content\/uploads\/2021\/12\/IMG_0511.jpg\",\"width\":480,\"height\":640},{\"@type\":\"BreadcrumbList\",\"@id\":\"https:\/\/www.nfunb.org\/fr\/opinion-soutien-pour-les-nouveaux-agriculteurs-inclut-lacces-au-service-de-garderie\/#breadcrumb\",\"itemListElement\":[{\"@type\":\"ListItem\",\"position\":1,\"name\":\"Home\",\"item\":\"https:\/\/www.nfunb.org\/fr\/home\/\"},{\"@type\":\"ListItem\",\"position\":2,\"name\":\"Opinion : Soutien pour les nouveaux agriculteurs inclut l\u2019acc\u00e8s au service de garderie\"}]},{\"@type\":\"WebSite\",\"@id\":\"https:\/\/www.nfunb.org\/fr\/#website\",\"url\":\"https:\/\/www.nfunb.org\/fr\/\",\"name\":\"National Farmers Union in New Brunswick\",\"description\":\"Strong Communities. Sound Policies. Sustainable Farms\",\"publisher\":{\"@id\":\"https:\/\/www.nfunb.org\/fr\/#organization\"},\"potentialAction\":[{\"@type\":\"SearchAction\",\"target\":{\"@type\":\"EntryPoint\",\"urlTemplate\":\"https:\/\/www.nfunb.org\/fr\/?s={search_term_string}\"},\"query-input\":{\"@type\":\"PropertyValueSpecification\",\"valueRequired\":true,\"valueName\":\"search_term_string\"}}],\"inLanguage\":\"fr-FR\"},{\"@type\":\"Organization\",\"@id\":\"https:\/\/www.nfunb.org\/fr\/#organization\",\"name\":\"National Farmers Union in New Brunswick\",\"url\":\"https:\/\/www.nfunb.org\/fr\/\",\"logo\":{\"@type\":\"ImageObject\",\"inLanguage\":\"fr-FR\",\"@id\":\"https:\/\/www.nfunb.org\/fr\/#\/schema\/logo\/image\/\",\"url\":\"https:\/\/www.nfunb.org\/wp-content\/uploads\/2022\/01\/NFU_logo_CircleNB.png\",\"contentUrl\":\"https:\/\/www.nfunb.org\/wp-content\/uploads\/2022\/01\/NFU_logo_CircleNB.png\",\"width\":480,\"height\":480,\"caption\":\"National Farmers Union in New Brunswick\"},\"image\":{\"@id\":\"https:\/\/www.nfunb.org\/fr\/#\/schema\/logo\/image\/\"},\"sameAs\":[\"https:\/\/www.facebook.com\/NFUinNB\",\"https:\/\/www.instagram.com\/nfu.unf.nb\/\"]},{\"@type\":\"Person\",\"@id\":\"https:\/\/www.nfunb.org\/fr\/#\/schema\/person\/1350c3bd5aa20e59953cf65dc542243a\",\"name\":\"admin\",\"image\":{\"@type\":\"ImageObject\",\"inLanguage\":\"fr-FR\",\"@id\":\"https:\/\/www.nfunb.org\/fr\/#\/schema\/person\/image\/\",\"url\":\"https:\/\/secure.gravatar.com\/avatar\/26808d8fbe6a93b27a5be6fcee340112d06dadfad75e4e9c8533678c2951edde?s=96&d=mm&r=g\",\"contentUrl\":\"https:\/\/secure.gravatar.com\/avatar\/26808d8fbe6a93b27a5be6fcee340112d06dadfad75e4e9c8533678c2951edde?s=96&d=mm&r=g\",\"caption\":\"admin\"},\"sameAs\":[\"https:\/\/nfunb.org\/wordpress\/\"],\"url\":\"https:\/\/www.nfunb.org\/fr\/author\/admin\/\"}]}<\/script>\n<!-- \/ Yoast SEO plugin. -->","yoast_head_json":{"title":"Opinion : Soutien pour les nouveaux agriculteurs inclut l\u2019acc\u00e8s au service de garderie - National Farmers Union in New Brunswick","robots":{"index":"index","follow":"follow","max-snippet":"max-snippet:-1","max-image-preview":"max-image-preview:large","max-video-preview":"max-video-preview:-1"},"canonical":"https:\/\/www.nfunb.org\/fr\/opinion-soutien-pour-les-nouveaux-agriculteurs-inclut-lacces-au-service-de-garderie\/","og_locale":"fr_FR","og_type":"article","og_title":"Opinion : Soutien pour les nouveaux agriculteurs inclut l\u2019acc\u00e8s au service de garderie - National Farmers Union in New Brunswick","og_description":"Le 8 novembre, 2016 Depuis que l\u2019agriculture existe il y a au moins 10 000 ans, les femmes y ont jou\u00e9 un r\u00f4le vital. Que ce soit au niveau de [&hellip;]","og_url":"https:\/\/www.nfunb.org\/fr\/opinion-soutien-pour-les-nouveaux-agriculteurs-inclut-lacces-au-service-de-garderie\/","og_site_name":"National Farmers Union in New Brunswick","article_publisher":"https:\/\/www.facebook.com\/NFUinNB","article_published_time":"2016-11-08T18:32:36+00:00","article_modified_time":"2022-01-21T20:01:54+00:00","og_image":[{"width":480,"height":640,"url":"https:\/\/www.nfunb.org\/wp-content\/uploads\/2021\/12\/IMG_0511.jpg","type":"image\/jpeg"}],"author":"admin","twitter_card":"summary_large_image","twitter_misc":{"\u00c9crit par":"admin","Dur\u00e9e de lecture estim\u00e9e":"4 minutes"},"schema":{"@context":"https:\/\/schema.org","@graph":[{"@type":"Article","@id":"https:\/\/www.nfunb.org\/fr\/opinion-soutien-pour-les-nouveaux-agriculteurs-inclut-lacces-au-service-de-garderie\/#article","isPartOf":{"@id":"https:\/\/www.nfunb.org\/fr\/opinion-soutien-pour-les-nouveaux-agriculteurs-inclut-lacces-au-service-de-garderie\/"},"author":{"name":"admin","@id":"https:\/\/www.nfunb.org\/fr\/#\/schema\/person\/1350c3bd5aa20e59953cf65dc542243a"},"headline":"Opinion : Soutien pour les nouveaux agriculteurs inclut l\u2019acc\u00e8s au service de garderie","datePublished":"2016-11-08T18:32:36+00:00","dateModified":"2022-01-21T20:01:54+00:00","mainEntityOfPage":{"@id":"https:\/\/www.nfunb.org\/fr\/opinion-soutien-pour-les-nouveaux-agriculteurs-inclut-lacces-au-service-de-garderie\/"},"wordCount":826,"publisher":{"@id":"https:\/\/www.nfunb.org\/fr\/#organization"},"image":{"@id":"https:\/\/www.nfunb.org\/fr\/opinion-soutien-pour-les-nouveaux-agriculteurs-inclut-lacces-au-service-de-garderie\/#primaryimage"},"thumbnailUrl":"https:\/\/www.nfunb.org\/wp-content\/uploads\/2021\/12\/IMG_0511.jpg","articleSection":["Communiqu\u00e9s de presse","Nouvelles","probl\u00e9matiques","Rel\u00e8ve agricole"],"inLanguage":"fr-FR"},{"@type":"WebPage","@id":"https:\/\/www.nfunb.org\/fr\/opinion-soutien-pour-les-nouveaux-agriculteurs-inclut-lacces-au-service-de-garderie\/","url":"https:\/\/www.nfunb.org\/fr\/opinion-soutien-pour-les-nouveaux-agriculteurs-inclut-lacces-au-service-de-garderie\/","name":"Opinion : Soutien pour les nouveaux agriculteurs inclut l\u2019acc\u00e8s au service de garderie - National Farmers Union in New Brunswick","isPartOf":{"@id":"https:\/\/www.nfunb.org\/fr\/#website"},"primaryImageOfPage":{"@id":"https:\/\/www.nfunb.org\/fr\/opinion-soutien-pour-les-nouveaux-agriculteurs-inclut-lacces-au-service-de-garderie\/#primaryimage"},"image":{"@id":"https:\/\/www.nfunb.org\/fr\/opinion-soutien-pour-les-nouveaux-agriculteurs-inclut-lacces-au-service-de-garderie\/#primaryimage"},"thumbnailUrl":"https:\/\/www.nfunb.org\/wp-content\/uploads\/2021\/12\/IMG_0511.jpg","datePublished":"2016-11-08T18:32:36+00:00","dateModified":"2022-01-21T20:01:54+00:00","breadcrumb":{"@id":"https:\/\/www.nfunb.org\/fr\/opinion-soutien-pour-les-nouveaux-agriculteurs-inclut-lacces-au-service-de-garderie\/#breadcrumb"},"inLanguage":"fr-FR","potentialAction":[{"@type":"ReadAction","target":["https:\/\/www.nfunb.org\/fr\/opinion-soutien-pour-les-nouveaux-agriculteurs-inclut-lacces-au-service-de-garderie\/"]}]},{"@type":"ImageObject","inLanguage":"fr-FR","@id":"https:\/\/www.nfunb.org\/fr\/opinion-soutien-pour-les-nouveaux-agriculteurs-inclut-lacces-au-service-de-garderie\/#primaryimage","url":"https:\/\/www.nfunb.org\/wp-content\/uploads\/2021\/12\/IMG_0511.jpg","contentUrl":"https:\/\/www.nfunb.org\/wp-content\/uploads\/2021\/12\/IMG_0511.jpg","width":480,"height":640},{"@type":"BreadcrumbList","@id":"https:\/\/www.nfunb.org\/fr\/opinion-soutien-pour-les-nouveaux-agriculteurs-inclut-lacces-au-service-de-garderie\/#breadcrumb","itemListElement":[{"@type":"ListItem","position":1,"name":"Home","item":"https:\/\/www.nfunb.org\/fr\/home\/"},{"@type":"ListItem","position":2,"name":"Opinion : Soutien pour les nouveaux agriculteurs inclut l\u2019acc\u00e8s au service de garderie"}]},{"@type":"WebSite","@id":"https:\/\/www.nfunb.org\/fr\/#website","url":"https:\/\/www.nfunb.org\/fr\/","name":"National Farmers Union in New Brunswick","description":"Strong Communities. Sound Policies. Sustainable Farms","publisher":{"@id":"https:\/\/www.nfunb.org\/fr\/#organization"},"potentialAction":[{"@type":"SearchAction","target":{"@type":"EntryPoint","urlTemplate":"https:\/\/www.nfunb.org\/fr\/?s={search_term_string}"},"query-input":{"@type":"PropertyValueSpecification","valueRequired":true,"valueName":"search_term_string"}}],"inLanguage":"fr-FR"},{"@type":"Organization","@id":"https:\/\/www.nfunb.org\/fr\/#organization","name":"National Farmers Union in New Brunswick","url":"https:\/\/www.nfunb.org\/fr\/","logo":{"@type":"ImageObject","inLanguage":"fr-FR","@id":"https:\/\/www.nfunb.org\/fr\/#\/schema\/logo\/image\/","url":"https:\/\/www.nfunb.org\/wp-content\/uploads\/2022\/01\/NFU_logo_CircleNB.png","contentUrl":"https:\/\/www.nfunb.org\/wp-content\/uploads\/2022\/01\/NFU_logo_CircleNB.png","width":480,"height":480,"caption":"National Farmers Union in New Brunswick"},"image":{"@id":"https:\/\/www.nfunb.org\/fr\/#\/schema\/logo\/image\/"},"sameAs":["https:\/\/www.facebook.com\/NFUinNB","https:\/\/www.instagram.com\/nfu.unf.nb\/"]},{"@type":"Person","@id":"https:\/\/www.nfunb.org\/fr\/#\/schema\/person\/1350c3bd5aa20e59953cf65dc542243a","name":"admin","image":{"@type":"ImageObject","inLanguage":"fr-FR","@id":"https:\/\/www.nfunb.org\/fr\/#\/schema\/person\/image\/","url":"https:\/\/secure.gravatar.com\/avatar\/26808d8fbe6a93b27a5be6fcee340112d06dadfad75e4e9c8533678c2951edde?s=96&d=mm&r=g","contentUrl":"https:\/\/secure.gravatar.com\/avatar\/26808d8fbe6a93b27a5be6fcee340112d06dadfad75e4e9c8533678c2951edde?s=96&d=mm&r=g","caption":"admin"},"sameAs":["https:\/\/nfunb.org\/wordpress\/"],"url":"https:\/\/www.nfunb.org\/fr\/author\/admin\/"}]}},"_links":{"self":[{"href":"https:\/\/www.nfunb.org\/fr\/wp-json\/wp\/v2\/posts\/11967","targetHints":{"allow":["GET"]}}],"collection":[{"href":"https:\/\/www.nfunb.org\/fr\/wp-json\/wp\/v2\/posts"}],"about":[{"href":"https:\/\/www.nfunb.org\/fr\/wp-json\/wp\/v2\/types\/post"}],"author":[{"embeddable":true,"href":"https:\/\/www.nfunb.org\/fr\/wp-json\/wp\/v2\/users\/1"}],"replies":[{"embeddable":true,"href":"https:\/\/www.nfunb.org\/fr\/wp-json\/wp\/v2\/comments?post=11967"}],"version-history":[{"count":2,"href":"https:\/\/www.nfunb.org\/fr\/wp-json\/wp\/v2\/posts\/11967\/revisions"}],"predecessor-version":[{"id":12506,"href":"https:\/\/www.nfunb.org\/fr\/wp-json\/wp\/v2\/posts\/11967\/revisions\/12506"}],"wp:featuredmedia":[{"embeddable":true,"href":"https:\/\/www.nfunb.org\/fr\/wp-json\/wp\/v2\/media\/11391"}],"wp:attachment":[{"href":"https:\/\/www.nfunb.org\/fr\/wp-json\/wp\/v2\/media?parent=11967"}],"wp:term":[{"taxonomy":"category","embeddable":true,"href":"https:\/\/www.nfunb.org\/fr\/wp-json\/wp\/v2\/categories?post=11967"},{"taxonomy":"post_tag","embeddable":true,"href":"https:\/\/www.nfunb.org\/fr\/wp-json\/wp\/v2\/tags?post=11967"}],"curies":[{"name":"wp","href":"https:\/\/api.w.org\/{rel}","templated":true}]}}