{"id":12052,"date":"2015-12-21T15:47:02","date_gmt":"2015-12-21T19:47:02","guid":{"rendered":"https:\/\/nfunb.org\/wordpress\/?p=12052"},"modified":"2022-01-18T15:48:53","modified_gmt":"2022-01-18T19:48:53","slug":"la-souverainete-alimentaire-et-les-fermiers-au-nouveau-brunswick","status":"publish","type":"post","link":"https:\/\/www.nfunb.org\/fr\/la-souverainete-alimentaire-et-les-fermiers-au-nouveau-brunswick\/","title":{"rendered":"La souverainet\u00e9 alimentaire et les fermiers au Nouveau-Brunswick"},"content":{"rendered":"<p><em>Par R\u00e9beka Fraser-Chiasson, membre du CA de l\u2019UNF-NB, et copropri\u00e9taire de\u00a0<a href=\"http:\/\/frazerchiasson.wix.com\/est-1886-french\" target=\"_blank\" rel=\"noopener\">La Ferme Terre Partag\u00e9e<\/a>\u00a0\u00e0 Rogersville, N.-B.<\/em><\/p>\n<p>Le mois dernier, j\u2019ai \u00e9t\u00e9 demand\u00e9 d\u2019adresser les participants \u00e0 la conf\u00e9rence biennal du R\u00e9seau d\u2019action pour la s\u00e9curit\u00e9 alimentaire du Nouveau-Brunswick. La pr\u00e9paration pour l\u2019adresse et pour le panel de l\u2019apr\u00e8s-midi m\u2019a permis de r\u00e9fl\u00e9chir sur la s\u00e9curit\u00e9 alimentaire et la place des fermiers dans la conversation et l\u2019action sur l\u2019acc\u00e8s \u00e0 une alimentation saine.<\/p>\n<p>La s\u00e9curit\u00e9 alimentaire \u2013 l\u2019acc\u00e8s pour tous \u00e0 une alimentation suffisante, de bonne qualit\u00e9, s\u00e9curitaire et abordable \u2013 c\u2019est une objectif louable, grand et absolument n\u00e9cessaire. On se doit de le garder en t\u00eate lors de nos activit\u00e9s quotidiennes. En tant que fermi\u00e8re, j\u2019y pense surtout quand on r\u00e9fl\u00e9chit sur qui consomme nos aliments. Notre objectif, n\u2019est certainement pas atteint simplement parce qu\u2019on peut gagner notre vie de notre production. Ca ne sera jamais assez de juste avoir plus de march\u00e9s des fermiers ou plus de restaurants qui servent de la nourriture locale si cette nourriture ne se rend pas \u00e0 tous. Notre projet est clairement plus grand, mais c\u2019est aussi ici qu\u2019on voit que cette d\u00e9finition, de s\u00e9curit\u00e9 alimentaire, manque. Elle ne nous explique pas la piste \u00e0 suivre\u00a0: qui devrait produire cette nourriture, comment, o\u00f9, sa distribution, et encore plus.<\/p>\n<p><b>\u00a0<\/b><\/p>\n<figure id=\"attachment_12053\" aria-describedby=\"caption-attachment-12053\" style=\"width: 300px\" class=\"wp-caption alignleft\"><img loading=\"lazy\" decoding=\"async\" class=\"wp-image-12053 size-medium\" src=\"https:\/\/nfunb.org\/wordpress\/wp-content\/uploads\/2022\/01\/Fiddlehead-award-2015-300x212.jpg\" alt=\"\" width=\"300\" height=\"212\" srcset=\"https:\/\/www.nfunb.org\/wp-content\/uploads\/2022\/01\/Fiddlehead-award-2015-300x212.jpg 300w, https:\/\/www.nfunb.org\/wp-content\/uploads\/2022\/01\/Fiddlehead-award-2015.jpg 703w\" sizes=\"auto, (max-width: 300px) 100vw, 300px\" \/><figcaption id=\"caption-attachment-12053\" class=\"wp-caption-text\">Kevin Arseneau, R\u00e9beka Frazer-Chiasson et Jean-Eudes Chiasson, r\u00e9cipiendaires du prix \u2018T\u00eate de violon\u2019 lors de la conf\u00e9rence du R\u00e9seau d\u2019action sur la s\u00e9curit\u00e9 alimentaire au N.-B.<\/figcaption><\/figure>\n<p><b>La d\u00e9finition de souverainet\u00e9 alimentaire cr\u00e9e donc une place cruciale pour les fermiers puisque ce sont les \u201couvriers\u201d dans la construction de notre syst\u00e8me alimentaire. <\/b>Plus que produire pour produire ou pour gagner notre vie comme n\u2019importe quel autre m\u00e9tier, nous pourrions nous voir plut\u00f4t comme ceux qui mettent la main \u00e0 la p\u00e2te pour faire de ce projet de soci\u00e9t\u00e9 qu\u2019est l\u2019alimentation juste, \u00e9quitable et durable quelque chose de concret et r\u00e9alisable.On n\u2019a pas \u00e0 r\u00e9inventer la suite par contre.\u00a0<b>Autant que la s\u00e9curit\u00e9 alimentaire est l\u2019objectif, la souverainet\u00e9 alimentaire est cette piste \u00e0 suivre.\u00a0<\/b>D\u00e9fini par\u00a0<i>La Via Campesina,\u00a0<\/i>le plus grand regroupement de paysans au monde, elle dit que \u00ab\u00a0la souverainet\u00e9 alimentaire est le droit des peuples \u00e0 des aliments sains et culturellement appropri\u00e9s, produits par des m\u00e9thodes \u00e9cologiques et durables, et leur droit de d\u00e9finir leurs propres syst\u00e8mes agroalimentaires\u00a0\u00bb. Avec ce type de d\u00e9finition o\u00f9 on parle non-seulement de l\u2019acc\u00e8s mais de la production et du contr\u00f4le des communaut\u00e9s et des peuples sur son syst\u00e8me alimentaire, on s\u2019assure que nous sommes sur la m\u00eame voie.\u00a0 On ne risque pas l\u2019appropriation de la d\u00e9finition de s\u00e9curit\u00e9 alimentaire par des grosses cha\u00eenes, des multinationales, des compagnies transg\u00e9niques qui\u00a0peuvent nous faire croire un objectif louable pour faire avancer des politiques agricoles dans leurs int\u00e9r\u00eats.<\/p>\n<p>C\u2019est peut-\u00eatre de cette fa\u00e7on qu\u2019on peut aussi s\u2019assurer une rel\u00e8ve agricole. Quand les jeunes finissent le secondaire avec le d\u00e9sir de devenir infirmier ou enseignant, on assume toute suite que c\u2019est \u00e0 cause d\u2019un d\u00e9sir d\u2019aider les gens ou de contribuer \u00e0 leurs communaut\u00e9s. Lorsqu\u2019un jeune veut se diriger en agriculture, on n\u2019en vient pas n\u00e9cessairement \u00e0 la m\u00eame conclusion. On assume qu\u2019il ou elle aime les tracteurs, le travail de la terre ou travailler \u00e0 l\u2019ext\u00e9rieur. Mais le fait de promouvoir tous ces aspects du travail de la ferme \u2013 l\u2019ind\u00e9pendance, le plein air, le contact avec les animaux, et bien d\u2019autres, tout en faisant valoir le m\u00e9tier comme un service publique, louable, qui sert \u00e0 nourrir une population et \u00e0 mettre en pratique la vision qu\u2019\u00e0 une communaut\u00e9 pour assurer sa souverainet\u00e9 alimentaire, ne pourrait-il pas aller chercher bien des jeunes motiv\u00e9s, enthousiastes, et visionnaires?<\/p>\n","protected":false},"excerpt":{"rendered":"<p>Par R\u00e9beka Fraser-Chiasson, membre du CA de l\u2019UNF-NB, et copropri\u00e9taire de\u00a0La Ferme Terre Partag\u00e9e\u00a0\u00e0 Rogersville, N.-B. Le mois dernier, j\u2019ai \u00e9t\u00e9 demand\u00e9 d\u2019adresser les participants \u00e0 la conf\u00e9rence biennal du [&hellip;]<\/p>\n","protected":false},"author":1,"featured_media":0,"comment_status":"closed","ping_status":"open","sticky":false,"template":"","format":"standard","meta":{"footnotes":""},"categories":[18],"tags":[],"class_list":["post-12052","post","type-post","status-publish","format-standard","hentry","category-nouvelles"],"yoast_head":"<!-- This site is optimized with the Yoast SEO plugin v26.7 - https:\/\/yoast.com\/wordpress\/plugins\/seo\/ -->\n<title>La souverainet\u00e9 alimentaire et les fermiers au Nouveau-Brunswick - National Farmers Union in New Brunswick<\/title>\n<meta name=\"robots\" content=\"index, follow, max-snippet:-1, max-image-preview:large, max-video-preview:-1\" \/>\n<link rel=\"canonical\" href=\"https:\/\/www.nfunb.org\/fr\/la-souverainete-alimentaire-et-les-fermiers-au-nouveau-brunswick\/\" \/>\n<meta property=\"og:locale\" content=\"fr_FR\" \/>\n<meta property=\"og:type\" content=\"article\" \/>\n<meta property=\"og:title\" content=\"La souverainet\u00e9 alimentaire et les fermiers au Nouveau-Brunswick - National Farmers Union in New Brunswick\" \/>\n<meta property=\"og:description\" content=\"Par R\u00e9beka Fraser-Chiasson, membre du CA de l\u2019UNF-NB, et copropri\u00e9taire de\u00a0La Ferme Terre Partag\u00e9e\u00a0\u00e0 Rogersville, N.-B. Le mois dernier, j\u2019ai \u00e9t\u00e9 demand\u00e9 d\u2019adresser les participants \u00e0 la conf\u00e9rence biennal du [&hellip;]\" \/>\n<meta property=\"og:url\" content=\"https:\/\/www.nfunb.org\/fr\/la-souverainete-alimentaire-et-les-fermiers-au-nouveau-brunswick\/\" \/>\n<meta property=\"og:site_name\" content=\"National Farmers Union in New Brunswick\" \/>\n<meta property=\"article:publisher\" content=\"https:\/\/www.facebook.com\/NFUinNB\" \/>\n<meta property=\"article:published_time\" content=\"2015-12-21T19:47:02+00:00\" \/>\n<meta property=\"article:modified_time\" content=\"2022-01-18T19:48:53+00:00\" \/>\n<meta property=\"og:image\" content=\"https:\/\/nfunb.org\/wordpress\/wp-content\/uploads\/2022\/01\/Fiddlehead-award-2015-300x212.jpg\" \/>\n<meta name=\"author\" content=\"admin\" \/>\n<meta name=\"twitter:card\" content=\"summary_large_image\" \/>\n<meta name=\"twitter:label1\" content=\"\u00c9crit par\" \/>\n\t<meta name=\"twitter:data1\" content=\"admin\" \/>\n\t<meta name=\"twitter:label2\" content=\"Dur\u00e9e de lecture estim\u00e9e\" \/>\n\t<meta name=\"twitter:data2\" content=\"4 minutes\" \/>\n<script type=\"application\/ld+json\" class=\"yoast-schema-graph\">{\"@context\":\"https:\/\/schema.org\",\"@graph\":[{\"@type\":\"Article\",\"@id\":\"https:\/\/www.nfunb.org\/fr\/la-souverainete-alimentaire-et-les-fermiers-au-nouveau-brunswick\/#article\",\"isPartOf\":{\"@id\":\"https:\/\/www.nfunb.org\/fr\/la-souverainete-alimentaire-et-les-fermiers-au-nouveau-brunswick\/\"},\"author\":{\"name\":\"admin\",\"@id\":\"https:\/\/www.nfunb.org\/fr\/#\/schema\/person\/1350c3bd5aa20e59953cf65dc542243a\"},\"headline\":\"La souverainet\u00e9 alimentaire et les fermiers au Nouveau-Brunswick\",\"datePublished\":\"2015-12-21T19:47:02+00:00\",\"dateModified\":\"2022-01-18T19:48:53+00:00\",\"mainEntityOfPage\":{\"@id\":\"https:\/\/www.nfunb.org\/fr\/la-souverainete-alimentaire-et-les-fermiers-au-nouveau-brunswick\/\"},\"wordCount\":711,\"publisher\":{\"@id\":\"https:\/\/www.nfunb.org\/fr\/#organization\"},\"image\":{\"@id\":\"https:\/\/www.nfunb.org\/fr\/la-souverainete-alimentaire-et-les-fermiers-au-nouveau-brunswick\/#primaryimage\"},\"thumbnailUrl\":\"https:\/\/nfunb.org\/wordpress\/wp-content\/uploads\/2022\/01\/Fiddlehead-award-2015-300x212.jpg\",\"articleSection\":[\"Nouvelles\"],\"inLanguage\":\"fr-FR\"},{\"@type\":\"WebPage\",\"@id\":\"https:\/\/www.nfunb.org\/fr\/la-souverainete-alimentaire-et-les-fermiers-au-nouveau-brunswick\/\",\"url\":\"https:\/\/www.nfunb.org\/fr\/la-souverainete-alimentaire-et-les-fermiers-au-nouveau-brunswick\/\",\"name\":\"La souverainet\u00e9 alimentaire et les fermiers au Nouveau-Brunswick - National Farmers Union in New Brunswick\",\"isPartOf\":{\"@id\":\"https:\/\/www.nfunb.org\/fr\/#website\"},\"primaryImageOfPage\":{\"@id\":\"https:\/\/www.nfunb.org\/fr\/la-souverainete-alimentaire-et-les-fermiers-au-nouveau-brunswick\/#primaryimage\"},\"image\":{\"@id\":\"https:\/\/www.nfunb.org\/fr\/la-souverainete-alimentaire-et-les-fermiers-au-nouveau-brunswick\/#primaryimage\"},\"thumbnailUrl\":\"https:\/\/nfunb.org\/wordpress\/wp-content\/uploads\/2022\/01\/Fiddlehead-award-2015-300x212.jpg\",\"datePublished\":\"2015-12-21T19:47:02+00:00\",\"dateModified\":\"2022-01-18T19:48:53+00:00\",\"breadcrumb\":{\"@id\":\"https:\/\/www.nfunb.org\/fr\/la-souverainete-alimentaire-et-les-fermiers-au-nouveau-brunswick\/#breadcrumb\"},\"inLanguage\":\"fr-FR\",\"potentialAction\":[{\"@type\":\"ReadAction\",\"target\":[\"https:\/\/www.nfunb.org\/fr\/la-souverainete-alimentaire-et-les-fermiers-au-nouveau-brunswick\/\"]}]},{\"@type\":\"ImageObject\",\"inLanguage\":\"fr-FR\",\"@id\":\"https:\/\/www.nfunb.org\/fr\/la-souverainete-alimentaire-et-les-fermiers-au-nouveau-brunswick\/#primaryimage\",\"url\":\"https:\/\/nfunb.org\/wordpress\/wp-content\/uploads\/2022\/01\/Fiddlehead-award-2015-300x212.jpg\",\"contentUrl\":\"https:\/\/nfunb.org\/wordpress\/wp-content\/uploads\/2022\/01\/Fiddlehead-award-2015-300x212.jpg\"},{\"@type\":\"BreadcrumbList\",\"@id\":\"https:\/\/www.nfunb.org\/fr\/la-souverainete-alimentaire-et-les-fermiers-au-nouveau-brunswick\/#breadcrumb\",\"itemListElement\":[{\"@type\":\"ListItem\",\"position\":1,\"name\":\"Home\",\"item\":\"https:\/\/www.nfunb.org\/fr\/home\/\"},{\"@type\":\"ListItem\",\"position\":2,\"name\":\"La souverainet\u00e9 alimentaire et les fermiers au Nouveau-Brunswick\"}]},{\"@type\":\"WebSite\",\"@id\":\"https:\/\/www.nfunb.org\/fr\/#website\",\"url\":\"https:\/\/www.nfunb.org\/fr\/\",\"name\":\"National Farmers Union in New Brunswick\",\"description\":\"Strong Communities. Sound Policies. Sustainable Farms\",\"publisher\":{\"@id\":\"https:\/\/www.nfunb.org\/fr\/#organization\"},\"potentialAction\":[{\"@type\":\"SearchAction\",\"target\":{\"@type\":\"EntryPoint\",\"urlTemplate\":\"https:\/\/www.nfunb.org\/fr\/?s={search_term_string}\"},\"query-input\":{\"@type\":\"PropertyValueSpecification\",\"valueRequired\":true,\"valueName\":\"search_term_string\"}}],\"inLanguage\":\"fr-FR\"},{\"@type\":\"Organization\",\"@id\":\"https:\/\/www.nfunb.org\/fr\/#organization\",\"name\":\"National Farmers Union in New Brunswick\",\"url\":\"https:\/\/www.nfunb.org\/fr\/\",\"logo\":{\"@type\":\"ImageObject\",\"inLanguage\":\"fr-FR\",\"@id\":\"https:\/\/www.nfunb.org\/fr\/#\/schema\/logo\/image\/\",\"url\":\"https:\/\/www.nfunb.org\/wp-content\/uploads\/2022\/01\/NFU_logo_CircleNB.png\",\"contentUrl\":\"https:\/\/www.nfunb.org\/wp-content\/uploads\/2022\/01\/NFU_logo_CircleNB.png\",\"width\":480,\"height\":480,\"caption\":\"National Farmers Union in New Brunswick\"},\"image\":{\"@id\":\"https:\/\/www.nfunb.org\/fr\/#\/schema\/logo\/image\/\"},\"sameAs\":[\"https:\/\/www.facebook.com\/NFUinNB\",\"https:\/\/www.instagram.com\/nfu.unf.nb\/\"]},{\"@type\":\"Person\",\"@id\":\"https:\/\/www.nfunb.org\/fr\/#\/schema\/person\/1350c3bd5aa20e59953cf65dc542243a\",\"name\":\"admin\",\"image\":{\"@type\":\"ImageObject\",\"inLanguage\":\"fr-FR\",\"@id\":\"https:\/\/www.nfunb.org\/fr\/#\/schema\/person\/image\/\",\"url\":\"https:\/\/secure.gravatar.com\/avatar\/26808d8fbe6a93b27a5be6fcee340112d06dadfad75e4e9c8533678c2951edde?s=96&d=mm&r=g\",\"contentUrl\":\"https:\/\/secure.gravatar.com\/avatar\/26808d8fbe6a93b27a5be6fcee340112d06dadfad75e4e9c8533678c2951edde?s=96&d=mm&r=g\",\"caption\":\"admin\"},\"sameAs\":[\"https:\/\/nfunb.org\/wordpress\/\"],\"url\":\"https:\/\/www.nfunb.org\/fr\/author\/admin\/\"}]}<\/script>\n<!-- \/ Yoast SEO plugin. -->","yoast_head_json":{"title":"La souverainet\u00e9 alimentaire et les fermiers au Nouveau-Brunswick - National Farmers Union in New Brunswick","robots":{"index":"index","follow":"follow","max-snippet":"max-snippet:-1","max-image-preview":"max-image-preview:large","max-video-preview":"max-video-preview:-1"},"canonical":"https:\/\/www.nfunb.org\/fr\/la-souverainete-alimentaire-et-les-fermiers-au-nouveau-brunswick\/","og_locale":"fr_FR","og_type":"article","og_title":"La souverainet\u00e9 alimentaire et les fermiers au Nouveau-Brunswick - National Farmers Union in New Brunswick","og_description":"Par R\u00e9beka Fraser-Chiasson, membre du CA de l\u2019UNF-NB, et copropri\u00e9taire de\u00a0La Ferme Terre Partag\u00e9e\u00a0\u00e0 Rogersville, N.-B. Le mois dernier, j\u2019ai \u00e9t\u00e9 demand\u00e9 d\u2019adresser les participants \u00e0 la conf\u00e9rence biennal du [&hellip;]","og_url":"https:\/\/www.nfunb.org\/fr\/la-souverainete-alimentaire-et-les-fermiers-au-nouveau-brunswick\/","og_site_name":"National Farmers Union in New Brunswick","article_publisher":"https:\/\/www.facebook.com\/NFUinNB","article_published_time":"2015-12-21T19:47:02+00:00","article_modified_time":"2022-01-18T19:48:53+00:00","og_image":[{"url":"https:\/\/nfunb.org\/wordpress\/wp-content\/uploads\/2022\/01\/Fiddlehead-award-2015-300x212.jpg","type":"","width":"","height":""}],"author":"admin","twitter_card":"summary_large_image","twitter_misc":{"\u00c9crit par":"admin","Dur\u00e9e de lecture estim\u00e9e":"4 minutes"},"schema":{"@context":"https:\/\/schema.org","@graph":[{"@type":"Article","@id":"https:\/\/www.nfunb.org\/fr\/la-souverainete-alimentaire-et-les-fermiers-au-nouveau-brunswick\/#article","isPartOf":{"@id":"https:\/\/www.nfunb.org\/fr\/la-souverainete-alimentaire-et-les-fermiers-au-nouveau-brunswick\/"},"author":{"name":"admin","@id":"https:\/\/www.nfunb.org\/fr\/#\/schema\/person\/1350c3bd5aa20e59953cf65dc542243a"},"headline":"La souverainet\u00e9 alimentaire et les fermiers au Nouveau-Brunswick","datePublished":"2015-12-21T19:47:02+00:00","dateModified":"2022-01-18T19:48:53+00:00","mainEntityOfPage":{"@id":"https:\/\/www.nfunb.org\/fr\/la-souverainete-alimentaire-et-les-fermiers-au-nouveau-brunswick\/"},"wordCount":711,"publisher":{"@id":"https:\/\/www.nfunb.org\/fr\/#organization"},"image":{"@id":"https:\/\/www.nfunb.org\/fr\/la-souverainete-alimentaire-et-les-fermiers-au-nouveau-brunswick\/#primaryimage"},"thumbnailUrl":"https:\/\/nfunb.org\/wordpress\/wp-content\/uploads\/2022\/01\/Fiddlehead-award-2015-300x212.jpg","articleSection":["Nouvelles"],"inLanguage":"fr-FR"},{"@type":"WebPage","@id":"https:\/\/www.nfunb.org\/fr\/la-souverainete-alimentaire-et-les-fermiers-au-nouveau-brunswick\/","url":"https:\/\/www.nfunb.org\/fr\/la-souverainete-alimentaire-et-les-fermiers-au-nouveau-brunswick\/","name":"La souverainet\u00e9 alimentaire et les fermiers au Nouveau-Brunswick - National Farmers Union in New Brunswick","isPartOf":{"@id":"https:\/\/www.nfunb.org\/fr\/#website"},"primaryImageOfPage":{"@id":"https:\/\/www.nfunb.org\/fr\/la-souverainete-alimentaire-et-les-fermiers-au-nouveau-brunswick\/#primaryimage"},"image":{"@id":"https:\/\/www.nfunb.org\/fr\/la-souverainete-alimentaire-et-les-fermiers-au-nouveau-brunswick\/#primaryimage"},"thumbnailUrl":"https:\/\/nfunb.org\/wordpress\/wp-content\/uploads\/2022\/01\/Fiddlehead-award-2015-300x212.jpg","datePublished":"2015-12-21T19:47:02+00:00","dateModified":"2022-01-18T19:48:53+00:00","breadcrumb":{"@id":"https:\/\/www.nfunb.org\/fr\/la-souverainete-alimentaire-et-les-fermiers-au-nouveau-brunswick\/#breadcrumb"},"inLanguage":"fr-FR","potentialAction":[{"@type":"ReadAction","target":["https:\/\/www.nfunb.org\/fr\/la-souverainete-alimentaire-et-les-fermiers-au-nouveau-brunswick\/"]}]},{"@type":"ImageObject","inLanguage":"fr-FR","@id":"https:\/\/www.nfunb.org\/fr\/la-souverainete-alimentaire-et-les-fermiers-au-nouveau-brunswick\/#primaryimage","url":"https:\/\/nfunb.org\/wordpress\/wp-content\/uploads\/2022\/01\/Fiddlehead-award-2015-300x212.jpg","contentUrl":"https:\/\/nfunb.org\/wordpress\/wp-content\/uploads\/2022\/01\/Fiddlehead-award-2015-300x212.jpg"},{"@type":"BreadcrumbList","@id":"https:\/\/www.nfunb.org\/fr\/la-souverainete-alimentaire-et-les-fermiers-au-nouveau-brunswick\/#breadcrumb","itemListElement":[{"@type":"ListItem","position":1,"name":"Home","item":"https:\/\/www.nfunb.org\/fr\/home\/"},{"@type":"ListItem","position":2,"name":"La souverainet\u00e9 alimentaire et les fermiers au Nouveau-Brunswick"}]},{"@type":"WebSite","@id":"https:\/\/www.nfunb.org\/fr\/#website","url":"https:\/\/www.nfunb.org\/fr\/","name":"National Farmers Union in New Brunswick","description":"Strong Communities. Sound Policies. Sustainable Farms","publisher":{"@id":"https:\/\/www.nfunb.org\/fr\/#organization"},"potentialAction":[{"@type":"SearchAction","target":{"@type":"EntryPoint","urlTemplate":"https:\/\/www.nfunb.org\/fr\/?s={search_term_string}"},"query-input":{"@type":"PropertyValueSpecification","valueRequired":true,"valueName":"search_term_string"}}],"inLanguage":"fr-FR"},{"@type":"Organization","@id":"https:\/\/www.nfunb.org\/fr\/#organization","name":"National Farmers Union in New Brunswick","url":"https:\/\/www.nfunb.org\/fr\/","logo":{"@type":"ImageObject","inLanguage":"fr-FR","@id":"https:\/\/www.nfunb.org\/fr\/#\/schema\/logo\/image\/","url":"https:\/\/www.nfunb.org\/wp-content\/uploads\/2022\/01\/NFU_logo_CircleNB.png","contentUrl":"https:\/\/www.nfunb.org\/wp-content\/uploads\/2022\/01\/NFU_logo_CircleNB.png","width":480,"height":480,"caption":"National Farmers Union in New Brunswick"},"image":{"@id":"https:\/\/www.nfunb.org\/fr\/#\/schema\/logo\/image\/"},"sameAs":["https:\/\/www.facebook.com\/NFUinNB","https:\/\/www.instagram.com\/nfu.unf.nb\/"]},{"@type":"Person","@id":"https:\/\/www.nfunb.org\/fr\/#\/schema\/person\/1350c3bd5aa20e59953cf65dc542243a","name":"admin","image":{"@type":"ImageObject","inLanguage":"fr-FR","@id":"https:\/\/www.nfunb.org\/fr\/#\/schema\/person\/image\/","url":"https:\/\/secure.gravatar.com\/avatar\/26808d8fbe6a93b27a5be6fcee340112d06dadfad75e4e9c8533678c2951edde?s=96&d=mm&r=g","contentUrl":"https:\/\/secure.gravatar.com\/avatar\/26808d8fbe6a93b27a5be6fcee340112d06dadfad75e4e9c8533678c2951edde?s=96&d=mm&r=g","caption":"admin"},"sameAs":["https:\/\/nfunb.org\/wordpress\/"],"url":"https:\/\/www.nfunb.org\/fr\/author\/admin\/"}]}},"_links":{"self":[{"href":"https:\/\/www.nfunb.org\/fr\/wp-json\/wp\/v2\/posts\/12052","targetHints":{"allow":["GET"]}}],"collection":[{"href":"https:\/\/www.nfunb.org\/fr\/wp-json\/wp\/v2\/posts"}],"about":[{"href":"https:\/\/www.nfunb.org\/fr\/wp-json\/wp\/v2\/types\/post"}],"author":[{"embeddable":true,"href":"https:\/\/www.nfunb.org\/fr\/wp-json\/wp\/v2\/users\/1"}],"replies":[{"embeddable":true,"href":"https:\/\/www.nfunb.org\/fr\/wp-json\/wp\/v2\/comments?post=12052"}],"version-history":[{"count":1,"href":"https:\/\/www.nfunb.org\/fr\/wp-json\/wp\/v2\/posts\/12052\/revisions"}],"predecessor-version":[{"id":12055,"href":"https:\/\/www.nfunb.org\/fr\/wp-json\/wp\/v2\/posts\/12052\/revisions\/12055"}],"wp:attachment":[{"href":"https:\/\/www.nfunb.org\/fr\/wp-json\/wp\/v2\/media?parent=12052"}],"wp:term":[{"taxonomy":"category","embeddable":true,"href":"https:\/\/www.nfunb.org\/fr\/wp-json\/wp\/v2\/categories?post=12052"},{"taxonomy":"post_tag","embeddable":true,"href":"https:\/\/www.nfunb.org\/fr\/wp-json\/wp\/v2\/tags?post=12052"}],"curies":[{"name":"wp","href":"https:\/\/api.w.org\/{rel}","templated":true}]}}