{"id":12088,"date":"2015-07-02T16:12:16","date_gmt":"2015-07-02T20:12:16","guid":{"rendered":"https:\/\/nfunb.org\/wordpress\/?p=12088"},"modified":"2022-01-18T16:13:21","modified_gmt":"2022-01-18T20:13:21","slug":"tour-de-souverainete-alimentaire-au-pays-basque-date-limite-le-6-juillet","status":"publish","type":"post","link":"https:\/\/www.nfunb.org\/fr\/tour-de-souverainete-alimentaire-au-pays-basque-date-limite-le-6-juillet\/","title":{"rendered":"Tour de souverain\u00e9t\u00e9 alimentaire au Pays Basque : date limite le 6 juillet"},"content":{"rendered":"<h2>Opportunit\u00e9 de voyage et d\u2019apprentissage pour un jeune de l\u2019UNF, un membre du conseil ou pour un coordinateur r\u00e9gional<\/h2>\n<p>SVP trouvez ci-joint une opportunit\u00e9 \u00e0 derni\u00e8re minute pour un(e) membre des jeunes de l\u2019UNF de participer \u00e0 un tour organiz\u00e9 par une organization membre de La Via Campesina dans le Pays Basque avec le soutien de Food First.<\/p>\n<p>Les organizateurs payeront le vol, et le comit\u00e9 de programmes internationaux fournira les 500 \u00e0 600 euros n\u00e9cessaires pour les frais sur place.<\/p>\n<p>Si vous \u00eates un jeune de l\u2019UNF et vous \u00eates disponible et int\u00e9ress\u00e9, veuillez envoyer un message avant le 6 juillet \u00e0 Stephanie Wang, wang@nfu.ca, en repondant de mani\u00e8re br\u00e8ve aux questions suivantes:<\/p>\n<ol>\n<li><strong>\u00cates-vous membre de l\u2019UNF ? Membre associ\u00e9, fermier\/fermi\u00e8re ou jeune ?\u00a0<\/strong><\/li>\n<li><strong>Comment \u00eates vous impliqu\u00e9 avec le travail de l\u2019UNF et\/ou La Via Campesina ?<\/strong><\/li>\n<li><strong>\u00cates-vous d\u2019accord de partager votre exp\u00e9rience en \u00e9crivant des articles pour la\u00a0<em>Union Farmer Quarterly<\/em>\u00a0ou d\u2019autres publications et\/ou de pr\u00e9senter vos apprentissages avec d\u2019autres membres de l\u2019UNF ?\u00a0<\/strong><\/li>\n<\/ol>\n<p><img loading=\"lazy\" decoding=\"async\" class=\"aligncenter size-full wp-image-12089\" src=\"https:\/\/nfunb.org\/wordpress\/wp-content\/uploads\/2022\/01\/LVC-North-America-Invitation-EHNE-BIZKAIA-FOODFIRST-EN-page-001-550x778-1.jpg\" alt=\"\" width=\"550\" height=\"778\" srcset=\"https:\/\/www.nfunb.org\/wp-content\/uploads\/2022\/01\/LVC-North-America-Invitation-EHNE-BIZKAIA-FOODFIRST-EN-page-001-550x778-1.jpg 550w, https:\/\/www.nfunb.org\/wp-content\/uploads\/2022\/01\/LVC-North-America-Invitation-EHNE-BIZKAIA-FOODFIRST-EN-page-001-550x778-1-212x300.jpg 212w\" sizes=\"auto, (max-width: 550px) 100vw, 550px\" \/><\/p>\n","protected":false},"excerpt":{"rendered":"<p>Opportunit\u00e9 de voyage et d\u2019apprentissage pour un jeune de l\u2019UNF, un membre du conseil ou pour un coordinateur r\u00e9gional SVP trouvez ci-joint une opportunit\u00e9 \u00e0 derni\u00e8re minute pour un(e) membre [&hellip;]<\/p>\n","protected":false},"author":1,"featured_media":0,"comment_status":"closed","ping_status":"open","sticky":false,"template":"","format":"standard","meta":{"footnotes":""},"categories":[137,18],"tags":[],"class_list":["post-12088","post","type-post","status-publish","format-standard","hentry","category-evenements","category-nouvelles"],"yoast_head":"<!-- This site is optimized with the Yoast SEO plugin v26.7 - https:\/\/yoast.com\/wordpress\/plugins\/seo\/ -->\n<title>Tour de souverain\u00e9t\u00e9 alimentaire au Pays Basque : date limite le 6 juillet - National Farmers Union in New Brunswick<\/title>\n<meta name=\"robots\" content=\"index, follow, max-snippet:-1, max-image-preview:large, max-video-preview:-1\" \/>\n<link rel=\"canonical\" href=\"https:\/\/www.nfunb.org\/fr\/tour-de-souverainete-alimentaire-au-pays-basque-date-limite-le-6-juillet\/\" \/>\n<meta property=\"og:locale\" content=\"fr_FR\" \/>\n<meta property=\"og:type\" content=\"article\" \/>\n<meta property=\"og:title\" content=\"Tour de souverain\u00e9t\u00e9 alimentaire au Pays Basque : date limite le 6 juillet - National Farmers Union in New Brunswick\" \/>\n<meta property=\"og:description\" content=\"Opportunit\u00e9 de voyage et d\u2019apprentissage pour un jeune de l\u2019UNF, un membre du conseil ou pour un coordinateur r\u00e9gional SVP trouvez ci-joint une opportunit\u00e9 \u00e0 derni\u00e8re minute pour un(e) membre [&hellip;]\" \/>\n<meta property=\"og:url\" content=\"https:\/\/www.nfunb.org\/fr\/tour-de-souverainete-alimentaire-au-pays-basque-date-limite-le-6-juillet\/\" \/>\n<meta property=\"og:site_name\" content=\"National Farmers Union in New Brunswick\" \/>\n<meta property=\"article:publisher\" content=\"https:\/\/www.facebook.com\/NFUinNB\" \/>\n<meta property=\"article:published_time\" content=\"2015-07-02T20:12:16+00:00\" \/>\n<meta property=\"article:modified_time\" content=\"2022-01-18T20:13:21+00:00\" \/>\n<meta property=\"og:image\" content=\"https:\/\/nfunb.org\/wordpress\/wp-content\/uploads\/2022\/01\/LVC-North-America-Invitation-EHNE-BIZKAIA-FOODFIRST-EN-page-001-550x778-1.jpg\" \/>\n<meta name=\"author\" content=\"admin\" \/>\n<meta name=\"twitter:card\" content=\"summary_large_image\" \/>\n<meta name=\"twitter:label1\" content=\"\u00c9crit par\" \/>\n\t<meta name=\"twitter:data1\" content=\"admin\" \/>\n\t<meta name=\"twitter:label2\" content=\"Dur\u00e9e de lecture estim\u00e9e\" \/>\n\t<meta name=\"twitter:data2\" content=\"1 minute\" \/>\n<script type=\"application\/ld+json\" class=\"yoast-schema-graph\">{\"@context\":\"https:\/\/schema.org\",\"@graph\":[{\"@type\":\"Article\",\"@id\":\"https:\/\/www.nfunb.org\/fr\/tour-de-souverainete-alimentaire-au-pays-basque-date-limite-le-6-juillet\/#article\",\"isPartOf\":{\"@id\":\"https:\/\/www.nfunb.org\/fr\/tour-de-souverainete-alimentaire-au-pays-basque-date-limite-le-6-juillet\/\"},\"author\":{\"name\":\"admin\",\"@id\":\"https:\/\/www.nfunb.org\/fr\/#\/schema\/person\/1350c3bd5aa20e59953cf65dc542243a\"},\"headline\":\"Tour de souverain\u00e9t\u00e9 alimentaire au Pays Basque : date limite le 6 juillet\",\"datePublished\":\"2015-07-02T20:12:16+00:00\",\"dateModified\":\"2022-01-18T20:13:21+00:00\",\"mainEntityOfPage\":{\"@id\":\"https:\/\/www.nfunb.org\/fr\/tour-de-souverainete-alimentaire-au-pays-basque-date-limite-le-6-juillet\/\"},\"wordCount\":194,\"publisher\":{\"@id\":\"https:\/\/www.nfunb.org\/fr\/#organization\"},\"image\":{\"@id\":\"https:\/\/www.nfunb.org\/fr\/tour-de-souverainete-alimentaire-au-pays-basque-date-limite-le-6-juillet\/#primaryimage\"},\"thumbnailUrl\":\"https:\/\/nfunb.org\/wordpress\/wp-content\/uploads\/2022\/01\/LVC-North-America-Invitation-EHNE-BIZKAIA-FOODFIRST-EN-page-001-550x778-1.jpg\",\"articleSection\":[\"\u00c9v\u00e8nements\",\"Nouvelles\"],\"inLanguage\":\"fr-FR\"},{\"@type\":\"WebPage\",\"@id\":\"https:\/\/www.nfunb.org\/fr\/tour-de-souverainete-alimentaire-au-pays-basque-date-limite-le-6-juillet\/\",\"url\":\"https:\/\/www.nfunb.org\/fr\/tour-de-souverainete-alimentaire-au-pays-basque-date-limite-le-6-juillet\/\",\"name\":\"Tour de souverain\u00e9t\u00e9 alimentaire au Pays Basque : date limite le 6 juillet - National Farmers Union in New Brunswick\",\"isPartOf\":{\"@id\":\"https:\/\/www.nfunb.org\/fr\/#website\"},\"primaryImageOfPage\":{\"@id\":\"https:\/\/www.nfunb.org\/fr\/tour-de-souverainete-alimentaire-au-pays-basque-date-limite-le-6-juillet\/#primaryimage\"},\"image\":{\"@id\":\"https:\/\/www.nfunb.org\/fr\/tour-de-souverainete-alimentaire-au-pays-basque-date-limite-le-6-juillet\/#primaryimage\"},\"thumbnailUrl\":\"https:\/\/nfunb.org\/wordpress\/wp-content\/uploads\/2022\/01\/LVC-North-America-Invitation-EHNE-BIZKAIA-FOODFIRST-EN-page-001-550x778-1.jpg\",\"datePublished\":\"2015-07-02T20:12:16+00:00\",\"dateModified\":\"2022-01-18T20:13:21+00:00\",\"breadcrumb\":{\"@id\":\"https:\/\/www.nfunb.org\/fr\/tour-de-souverainete-alimentaire-au-pays-basque-date-limite-le-6-juillet\/#breadcrumb\"},\"inLanguage\":\"fr-FR\",\"potentialAction\":[{\"@type\":\"ReadAction\",\"target\":[\"https:\/\/www.nfunb.org\/fr\/tour-de-souverainete-alimentaire-au-pays-basque-date-limite-le-6-juillet\/\"]}]},{\"@type\":\"ImageObject\",\"inLanguage\":\"fr-FR\",\"@id\":\"https:\/\/www.nfunb.org\/fr\/tour-de-souverainete-alimentaire-au-pays-basque-date-limite-le-6-juillet\/#primaryimage\",\"url\":\"https:\/\/nfunb.org\/wordpress\/wp-content\/uploads\/2022\/01\/LVC-North-America-Invitation-EHNE-BIZKAIA-FOODFIRST-EN-page-001-550x778-1.jpg\",\"contentUrl\":\"https:\/\/nfunb.org\/wordpress\/wp-content\/uploads\/2022\/01\/LVC-North-America-Invitation-EHNE-BIZKAIA-FOODFIRST-EN-page-001-550x778-1.jpg\"},{\"@type\":\"BreadcrumbList\",\"@id\":\"https:\/\/www.nfunb.org\/fr\/tour-de-souverainete-alimentaire-au-pays-basque-date-limite-le-6-juillet\/#breadcrumb\",\"itemListElement\":[{\"@type\":\"ListItem\",\"position\":1,\"name\":\"Home\",\"item\":\"https:\/\/www.nfunb.org\/fr\/home\/\"},{\"@type\":\"ListItem\",\"position\":2,\"name\":\"Tour de souverain\u00e9t\u00e9 alimentaire au Pays Basque : date limite le 6 juillet\"}]},{\"@type\":\"WebSite\",\"@id\":\"https:\/\/www.nfunb.org\/fr\/#website\",\"url\":\"https:\/\/www.nfunb.org\/fr\/\",\"name\":\"National Farmers Union in New Brunswick\",\"description\":\"Strong Communities. Sound Policies. Sustainable Farms\",\"publisher\":{\"@id\":\"https:\/\/www.nfunb.org\/fr\/#organization\"},\"potentialAction\":[{\"@type\":\"SearchAction\",\"target\":{\"@type\":\"EntryPoint\",\"urlTemplate\":\"https:\/\/www.nfunb.org\/fr\/?s={search_term_string}\"},\"query-input\":{\"@type\":\"PropertyValueSpecification\",\"valueRequired\":true,\"valueName\":\"search_term_string\"}}],\"inLanguage\":\"fr-FR\"},{\"@type\":\"Organization\",\"@id\":\"https:\/\/www.nfunb.org\/fr\/#organization\",\"name\":\"National Farmers Union in New Brunswick\",\"url\":\"https:\/\/www.nfunb.org\/fr\/\",\"logo\":{\"@type\":\"ImageObject\",\"inLanguage\":\"fr-FR\",\"@id\":\"https:\/\/www.nfunb.org\/fr\/#\/schema\/logo\/image\/\",\"url\":\"https:\/\/www.nfunb.org\/wp-content\/uploads\/2022\/01\/NFU_logo_CircleNB.png\",\"contentUrl\":\"https:\/\/www.nfunb.org\/wp-content\/uploads\/2022\/01\/NFU_logo_CircleNB.png\",\"width\":480,\"height\":480,\"caption\":\"National Farmers Union in New Brunswick\"},\"image\":{\"@id\":\"https:\/\/www.nfunb.org\/fr\/#\/schema\/logo\/image\/\"},\"sameAs\":[\"https:\/\/www.facebook.com\/NFUinNB\",\"https:\/\/www.instagram.com\/nfu.unf.nb\/\"]},{\"@type\":\"Person\",\"@id\":\"https:\/\/www.nfunb.org\/fr\/#\/schema\/person\/1350c3bd5aa20e59953cf65dc542243a\",\"name\":\"admin\",\"image\":{\"@type\":\"ImageObject\",\"inLanguage\":\"fr-FR\",\"@id\":\"https:\/\/www.nfunb.org\/fr\/#\/schema\/person\/image\/\",\"url\":\"https:\/\/secure.gravatar.com\/avatar\/26808d8fbe6a93b27a5be6fcee340112d06dadfad75e4e9c8533678c2951edde?s=96&d=mm&r=g\",\"contentUrl\":\"https:\/\/secure.gravatar.com\/avatar\/26808d8fbe6a93b27a5be6fcee340112d06dadfad75e4e9c8533678c2951edde?s=96&d=mm&r=g\",\"caption\":\"admin\"},\"sameAs\":[\"https:\/\/nfunb.org\/wordpress\/\"],\"url\":\"https:\/\/www.nfunb.org\/fr\/author\/admin\/\"}]}<\/script>\n<!-- \/ Yoast SEO plugin. -->","yoast_head_json":{"title":"Tour de souverain\u00e9t\u00e9 alimentaire au Pays Basque : date limite le 6 juillet - National Farmers Union in New Brunswick","robots":{"index":"index","follow":"follow","max-snippet":"max-snippet:-1","max-image-preview":"max-image-preview:large","max-video-preview":"max-video-preview:-1"},"canonical":"https:\/\/www.nfunb.org\/fr\/tour-de-souverainete-alimentaire-au-pays-basque-date-limite-le-6-juillet\/","og_locale":"fr_FR","og_type":"article","og_title":"Tour de souverain\u00e9t\u00e9 alimentaire au Pays Basque : date limite le 6 juillet - National Farmers Union in New Brunswick","og_description":"Opportunit\u00e9 de voyage et d\u2019apprentissage pour un jeune de l\u2019UNF, un membre du conseil ou pour un coordinateur r\u00e9gional SVP trouvez ci-joint une opportunit\u00e9 \u00e0 derni\u00e8re minute pour un(e) membre [&hellip;]","og_url":"https:\/\/www.nfunb.org\/fr\/tour-de-souverainete-alimentaire-au-pays-basque-date-limite-le-6-juillet\/","og_site_name":"National Farmers Union in New Brunswick","article_publisher":"https:\/\/www.facebook.com\/NFUinNB","article_published_time":"2015-07-02T20:12:16+00:00","article_modified_time":"2022-01-18T20:13:21+00:00","og_image":[{"url":"https:\/\/nfunb.org\/wordpress\/wp-content\/uploads\/2022\/01\/LVC-North-America-Invitation-EHNE-BIZKAIA-FOODFIRST-EN-page-001-550x778-1.jpg","type":"","width":"","height":""}],"author":"admin","twitter_card":"summary_large_image","twitter_misc":{"\u00c9crit par":"admin","Dur\u00e9e de lecture estim\u00e9e":"1 minute"},"schema":{"@context":"https:\/\/schema.org","@graph":[{"@type":"Article","@id":"https:\/\/www.nfunb.org\/fr\/tour-de-souverainete-alimentaire-au-pays-basque-date-limite-le-6-juillet\/#article","isPartOf":{"@id":"https:\/\/www.nfunb.org\/fr\/tour-de-souverainete-alimentaire-au-pays-basque-date-limite-le-6-juillet\/"},"author":{"name":"admin","@id":"https:\/\/www.nfunb.org\/fr\/#\/schema\/person\/1350c3bd5aa20e59953cf65dc542243a"},"headline":"Tour de souverain\u00e9t\u00e9 alimentaire au Pays Basque : date limite le 6 juillet","datePublished":"2015-07-02T20:12:16+00:00","dateModified":"2022-01-18T20:13:21+00:00","mainEntityOfPage":{"@id":"https:\/\/www.nfunb.org\/fr\/tour-de-souverainete-alimentaire-au-pays-basque-date-limite-le-6-juillet\/"},"wordCount":194,"publisher":{"@id":"https:\/\/www.nfunb.org\/fr\/#organization"},"image":{"@id":"https:\/\/www.nfunb.org\/fr\/tour-de-souverainete-alimentaire-au-pays-basque-date-limite-le-6-juillet\/#primaryimage"},"thumbnailUrl":"https:\/\/nfunb.org\/wordpress\/wp-content\/uploads\/2022\/01\/LVC-North-America-Invitation-EHNE-BIZKAIA-FOODFIRST-EN-page-001-550x778-1.jpg","articleSection":["\u00c9v\u00e8nements","Nouvelles"],"inLanguage":"fr-FR"},{"@type":"WebPage","@id":"https:\/\/www.nfunb.org\/fr\/tour-de-souverainete-alimentaire-au-pays-basque-date-limite-le-6-juillet\/","url":"https:\/\/www.nfunb.org\/fr\/tour-de-souverainete-alimentaire-au-pays-basque-date-limite-le-6-juillet\/","name":"Tour de souverain\u00e9t\u00e9 alimentaire au Pays Basque : date limite le 6 juillet - National Farmers Union in New Brunswick","isPartOf":{"@id":"https:\/\/www.nfunb.org\/fr\/#website"},"primaryImageOfPage":{"@id":"https:\/\/www.nfunb.org\/fr\/tour-de-souverainete-alimentaire-au-pays-basque-date-limite-le-6-juillet\/#primaryimage"},"image":{"@id":"https:\/\/www.nfunb.org\/fr\/tour-de-souverainete-alimentaire-au-pays-basque-date-limite-le-6-juillet\/#primaryimage"},"thumbnailUrl":"https:\/\/nfunb.org\/wordpress\/wp-content\/uploads\/2022\/01\/LVC-North-America-Invitation-EHNE-BIZKAIA-FOODFIRST-EN-page-001-550x778-1.jpg","datePublished":"2015-07-02T20:12:16+00:00","dateModified":"2022-01-18T20:13:21+00:00","breadcrumb":{"@id":"https:\/\/www.nfunb.org\/fr\/tour-de-souverainete-alimentaire-au-pays-basque-date-limite-le-6-juillet\/#breadcrumb"},"inLanguage":"fr-FR","potentialAction":[{"@type":"ReadAction","target":["https:\/\/www.nfunb.org\/fr\/tour-de-souverainete-alimentaire-au-pays-basque-date-limite-le-6-juillet\/"]}]},{"@type":"ImageObject","inLanguage":"fr-FR","@id":"https:\/\/www.nfunb.org\/fr\/tour-de-souverainete-alimentaire-au-pays-basque-date-limite-le-6-juillet\/#primaryimage","url":"https:\/\/nfunb.org\/wordpress\/wp-content\/uploads\/2022\/01\/LVC-North-America-Invitation-EHNE-BIZKAIA-FOODFIRST-EN-page-001-550x778-1.jpg","contentUrl":"https:\/\/nfunb.org\/wordpress\/wp-content\/uploads\/2022\/01\/LVC-North-America-Invitation-EHNE-BIZKAIA-FOODFIRST-EN-page-001-550x778-1.jpg"},{"@type":"BreadcrumbList","@id":"https:\/\/www.nfunb.org\/fr\/tour-de-souverainete-alimentaire-au-pays-basque-date-limite-le-6-juillet\/#breadcrumb","itemListElement":[{"@type":"ListItem","position":1,"name":"Home","item":"https:\/\/www.nfunb.org\/fr\/home\/"},{"@type":"ListItem","position":2,"name":"Tour de souverain\u00e9t\u00e9 alimentaire au Pays Basque : date limite le 6 juillet"}]},{"@type":"WebSite","@id":"https:\/\/www.nfunb.org\/fr\/#website","url":"https:\/\/www.nfunb.org\/fr\/","name":"National Farmers Union in New Brunswick","description":"Strong Communities. Sound Policies. Sustainable Farms","publisher":{"@id":"https:\/\/www.nfunb.org\/fr\/#organization"},"potentialAction":[{"@type":"SearchAction","target":{"@type":"EntryPoint","urlTemplate":"https:\/\/www.nfunb.org\/fr\/?s={search_term_string}"},"query-input":{"@type":"PropertyValueSpecification","valueRequired":true,"valueName":"search_term_string"}}],"inLanguage":"fr-FR"},{"@type":"Organization","@id":"https:\/\/www.nfunb.org\/fr\/#organization","name":"National Farmers Union in New Brunswick","url":"https:\/\/www.nfunb.org\/fr\/","logo":{"@type":"ImageObject","inLanguage":"fr-FR","@id":"https:\/\/www.nfunb.org\/fr\/#\/schema\/logo\/image\/","url":"https:\/\/www.nfunb.org\/wp-content\/uploads\/2022\/01\/NFU_logo_CircleNB.png","contentUrl":"https:\/\/www.nfunb.org\/wp-content\/uploads\/2022\/01\/NFU_logo_CircleNB.png","width":480,"height":480,"caption":"National Farmers Union in New Brunswick"},"image":{"@id":"https:\/\/www.nfunb.org\/fr\/#\/schema\/logo\/image\/"},"sameAs":["https:\/\/www.facebook.com\/NFUinNB","https:\/\/www.instagram.com\/nfu.unf.nb\/"]},{"@type":"Person","@id":"https:\/\/www.nfunb.org\/fr\/#\/schema\/person\/1350c3bd5aa20e59953cf65dc542243a","name":"admin","image":{"@type":"ImageObject","inLanguage":"fr-FR","@id":"https:\/\/www.nfunb.org\/fr\/#\/schema\/person\/image\/","url":"https:\/\/secure.gravatar.com\/avatar\/26808d8fbe6a93b27a5be6fcee340112d06dadfad75e4e9c8533678c2951edde?s=96&d=mm&r=g","contentUrl":"https:\/\/secure.gravatar.com\/avatar\/26808d8fbe6a93b27a5be6fcee340112d06dadfad75e4e9c8533678c2951edde?s=96&d=mm&r=g","caption":"admin"},"sameAs":["https:\/\/nfunb.org\/wordpress\/"],"url":"https:\/\/www.nfunb.org\/fr\/author\/admin\/"}]}},"_links":{"self":[{"href":"https:\/\/www.nfunb.org\/fr\/wp-json\/wp\/v2\/posts\/12088","targetHints":{"allow":["GET"]}}],"collection":[{"href":"https:\/\/www.nfunb.org\/fr\/wp-json\/wp\/v2\/posts"}],"about":[{"href":"https:\/\/www.nfunb.org\/fr\/wp-json\/wp\/v2\/types\/post"}],"author":[{"embeddable":true,"href":"https:\/\/www.nfunb.org\/fr\/wp-json\/wp\/v2\/users\/1"}],"replies":[{"embeddable":true,"href":"https:\/\/www.nfunb.org\/fr\/wp-json\/wp\/v2\/comments?post=12088"}],"version-history":[{"count":1,"href":"https:\/\/www.nfunb.org\/fr\/wp-json\/wp\/v2\/posts\/12088\/revisions"}],"predecessor-version":[{"id":12091,"href":"https:\/\/www.nfunb.org\/fr\/wp-json\/wp\/v2\/posts\/12088\/revisions\/12091"}],"wp:attachment":[{"href":"https:\/\/www.nfunb.org\/fr\/wp-json\/wp\/v2\/media?parent=12088"}],"wp:term":[{"taxonomy":"category","embeddable":true,"href":"https:\/\/www.nfunb.org\/fr\/wp-json\/wp\/v2\/categories?post=12088"},{"taxonomy":"post_tag","embeddable":true,"href":"https:\/\/www.nfunb.org\/fr\/wp-json\/wp\/v2\/tags?post=12088"}],"curies":[{"name":"wp","href":"https:\/\/api.w.org\/{rel}","templated":true}]}}