{"id":12095,"date":"2015-06-16T16:16:15","date_gmt":"2015-06-16T20:16:15","guid":{"rendered":"https:\/\/nfunb.org\/wordpress\/?p=12095"},"modified":"2022-01-25T10:12:30","modified_gmt":"2022-01-25T14:12:30","slug":"projet-de-loi-sur-la-securite-alimentaire-mise-a-jour","status":"publish","type":"post","link":"https:\/\/www.nfunb.org\/fr\/projet-de-loi-sur-la-securite-alimentaire-mise-a-jour\/","title":{"rendered":"Projet de loi sur la s\u00e9curit\u00e9 alimentaire \u2013 Mise-\u00e0-jour"},"content":{"rendered":"<p>Apr\u00e8s plusieurs ann\u00e9es de demandes aupr\u00e8s de diff\u00e9rents gouvernements de mettre en \u0153uvre une politique alimentaire locale qui permet aux fermiers d\u2019avoir acc\u00e8s aux march\u00e9s locaux, augmentant ainsi la consommation d\u2019aliments locaux et la sensibilisation dans la province, une opportunit\u00e9 s\u2019est pr\u00e9sent\u00e9e d\u2019appuyer et de mettre en application une l\u00e9gislation qui renforcerait l\u2019industrie agricole, qui fournirait aux fermiers un acc\u00e8s aux contrats gouvernementaux et institutionnels, et qui enseignerait des comp\u00e9tences de production alimentaire dans les \u00e9coles.<\/p>\n<p>En janvier 2015, lorsque les membres du Conseil d\u2019administration ont rencontr\u00e9 le nouveau Ministre de l\u2019Agriculture, de l\u2019Aquaculture et des P\u00eaches, l\u2019Hon. Rick Doucet, nous avons demand\u00e9 une strat\u00e9gie alimentaire locale pour prot\u00e9ger les fermiers du Nouveau-Brunswick, l\u2019industrie agricole du Nouveau-Brunswick et la sant\u00e9 des N\u00e9o-Brunswickois. Le Ministre a d\u00e9clar\u00e9 qu\u2019il ne croyait pas que l\u2019alimentation locale puisse \u00eatre l\u00e9gif\u00e9r\u00e9e, que cela devait venir de la demande des consommateurs afin d\u2019\u00eatre efficace. Le Ministre a \u00e9galement demand\u00e9 \u00e0 l\u2019UNF de continuer \u00e0 fournir des suggestions sur une strat\u00e9gie alimentaire locale et il a dit qu\u2019il allait inviter toutes les parties prenantes \u00e0 une rencontre pour discuter le sujet. Nous sommes maintenant rendus au mois de mai et aucune date n\u2019a encore \u00e9t\u00e9 fix\u00e9e pour cette rencontre. En f\u00e9vrier 2015, le d\u00e9put\u00e9 provincial de Fredericton South, David Coon, pr\u00e9senta le Projet de loi 11, Loi sur la s\u00e9curit\u00e9 alimentaire locale \u00e0 l\u2019Assembl\u00e9e l\u00e9gislative du Nouveau-Brunswick.<\/p>\n<p>La<strong>\u00a0s\u00e9curit\u00e9 alimentaire<\/strong>\u00a0est un acc\u00e8s fiable \u00e0 de la nourriture salubre, abordable et nutritive pour tout le monde en tout temps. Bien que cela soit un objectif tr\u00e8s important, cela n\u2019inclut pas les fermiers ou les autres producteurs d\u2019aliments. C\u2019est pourquoi en 1996 La Via Campesina, l\u2019organisme partenaire international de l\u2019UNF, a d\u00e9finit la\u00a0<strong>souverainet\u00e9 alimentaire, qui est un droit fondamental de tous les peuples, de toutes les nations et de tous les \u00e9tats, de contr\u00f4ler les syst\u00e8mes et politiques alimentaires et agricoles, de s\u2019assurer que tout le monde a des aliments ad\u00e9quats, abordables, nutritifs et culturellement appropri\u00e9s.<\/strong>\u00a0Bien qu\u2019elle f\u00fbt intitul\u00e9e la Loi sur la s\u00e9curit\u00e9 alimentaire locale, le Projet de loi 11 allait au-del\u00e0 de la d\u00e9finition de la s\u00e9curit\u00e9 alimentaire et consid\u00e9rait fortement le r\u00f4le des fermiers et autres producteurs agricoles. \u00a0<a href=\"http:\/\/www1.gnb.ca\/legis\/bill\/editform-f.asp?ID=1146&amp;legi=58&amp;num=1&amp;page=\" target=\"_blank\" rel=\"noopener\">Lire le projet de loi ici.\u00a0<\/a><\/p>\n<p>L\u2019UNF-NB a \u00e9crit au Ministre Doucet exprimant imm\u00e9diatement notre appui pour cette loi et en l\u2019appuyant publiquement par l\u2019entremise d\u2019un communiqu\u00e9 de presse et d\u2019une couverture m\u00e9diatique subs\u00e9quente. Bien que l\u2019UNF-NB soit un organisme non partisan, nous demeurons sympathisants d\u2019une l\u00e9gislation sur la s\u00e9curit\u00e9 alimentaire locale pour la province. Durant la premi\u00e8re moiti\u00e9 du d\u00e9bat le 23 avril, le Ministre a demand\u00e9 que le projet de loi soit rejet\u00e9. Par cons\u00e9quence, en guise d\u2019appui au projet de loi, l\u2019UNF a \u00e9crit une autre lettre au Ministre et fut capable d\u2019obtenir une conf\u00e9rence t\u00e9l\u00e9phonique de derni\u00e8re minute avec lui. Nous avons organis\u00e9 une p\u00e9tition en ligne qui, en 3 jours seulement, a recueilli plus de 650 signatures.\u00a0 Nous avons organis\u00e9 un rassemblement devant l\u2019Assembl\u00e9e l\u00e9gislative auquel 30 personnes ont particip\u00e9.\u00a0<strong>Plus de 50 personnes, dont un tiers \u00e9taient membres de l\u2019UNF-NB, ont entr\u00e9 dans la l\u00e9gislature pour entendre les 30 derni\u00e8res minutes du d\u00e9bat et \u00e9couter le vote.<\/strong>\u00a0L\u2019appui public pour la l\u00e9gislation sur la s\u00e9curit\u00e9 alimentaire locale \u00e9tait clair et le manque d\u2019appui du public ne peut plus \u00eatre utilis\u00e9 comme une raison par le gouvernement de remettre \u00e0 plus tard ce type de l\u00e9gislation.<\/p>\n<p>Bien que le gouvernement Lib\u00e9ral ait vot\u00e9 \u00e0 l\u2019unanimit\u00e9 contre le projet de loi, en d\u00e9pit de plusieurs bonnes conversations avec des d\u00e9put\u00e9s lib\u00e9raux qui semblaient appuyer la l\u00e9gislation, la conversation a \u00e9t\u00e9 ramen\u00e9e au premier rang. Durant le rassemblement, le Ministre Doucet a promis de rassembler les parties prenantes autour de la table pour d\u00e9velopper une strat\u00e9gie alimentaire locale d\u2019ici l\u2019automne 2015.\u00a0 Nous allons travailler de concert avec le Ministre et le minist\u00e8re alors qu\u2019une strat\u00e9gie alimentaire locale est mise au point. L\u2019UNF-NB va continuer \u00e0 se tenir debout pour les droits des fermiers du Nouveau-Brunswick et les appuyer avec une strat\u00e9gie qui va nourrir les gens avec des aliments locaux, sains et abordables qui permettent aux fermiers de gagner un revenu de subsistance pour leurs travaux.<\/p>\n<p>&nbsp;<\/p>\n<h2>Couverture m\u00e9diatique\u00a0:<\/h2>\n<p><a href=\"http:\/\/nfunb.org\/fr\/2015\/04\/cbc-radio-the-shift-supporting-local-food-by-law\/\" target=\"_blank\" rel=\"noopener\">Supporting Local Food by Law<\/a>\u00a0Entrevue avec Amanda Wildeman, Directrice g\u00e9n\u00e9rale de l\u2019UNF-NB sur The Shift de CBC, le 29 avril 2015.<\/p>\n<p><a href=\"http:\/\/www.cbc.ca\/player\/News\/Canada\/NB\/ID\/2665985033\/\" target=\"_blank\" rel=\"noopener\">CBC\u2019s New Brunswick News\u00a0<\/a>(Couverture commence \u00e0\u00a027m15s) \u2013 le 30 avril, 2015<\/p>\n<p><a href=\"http:\/\/ici.radio-canada.ca\/regions\/atlantique\/2015\/04\/30\/003-securite-alimentaire-produits-locaux-projet-loi-verts-fredericton.shtml\" target=\"_blank\" rel=\"noopener\">Fredericton rejette un projet de loi qui aurait donn\u00e9 la pr\u00e9f\u00e9rence aux aliments locaux<\/a>, Radio-Canada, le 30 avril, 2015<\/p>\n<p><a href=\"http:\/\/nbmediacoop.org\/2015\/04\/30\/liberals-defeat-coons-food-bill\/\" target=\"_blank\" rel=\"noopener\">Liberals defeat Coon\u2019s food bill,<\/a>\u00a0NB Media Coop, le 30 avril, 2015<\/p>\n<p><a href=\"http:\/\/globalnews.ca\/news\/1971968\/n-b-farmers-vow-to-continue-push-for-legislation-after-local-food-security-bill-defeated\/\" target=\"_blank\" rel=\"noopener\">N.B. farmers vow to continue push for legislation after local food security bill defeated<\/a>, Global News, le 30 avril, 2015<\/p>\n<p><a href=\"http:\/\/www.radio-canada.ca\/widgets\/mediaconsole\/medianet\/7270576\" target=\"_blank\" rel=\"noopener\">Radio-Canada Nouvelles 18h<\/a>\u00a0(Entrevue commence \u00e0 5m17s) \u2013 le 30 avril, 2015<\/p>\n","protected":false},"excerpt":{"rendered":"<p>Apr\u00e8s plusieurs ann\u00e9es de demandes aupr\u00e8s de diff\u00e9rents gouvernements de mettre en \u0153uvre une politique alimentaire locale qui permet aux fermiers d\u2019avoir acc\u00e8s aux march\u00e9s locaux, augmentant ainsi la consommation [&hellip;]<\/p>\n","protected":false},"author":1,"featured_media":12096,"comment_status":"closed","ping_status":"open","sticky":false,"template":"","format":"standard","meta":{"footnotes":""},"categories":[18,138],"tags":[],"class_list":["post-12095","post","type-post","status-publish","format-standard","has-post-thumbnail","hentry","category-nouvelles","category-problematiques"],"yoast_head":"<!-- This site is optimized with the Yoast SEO plugin v26.7 - https:\/\/yoast.com\/wordpress\/plugins\/seo\/ -->\n<title>Projet de loi sur la s\u00e9curit\u00e9 alimentaire \u2013 Mise-\u00e0-jour - National Farmers Union in New Brunswick<\/title>\n<meta name=\"robots\" content=\"index, follow, max-snippet:-1, max-image-preview:large, max-video-preview:-1\" \/>\n<link rel=\"canonical\" href=\"https:\/\/www.nfunb.org\/fr\/projet-de-loi-sur-la-securite-alimentaire-mise-a-jour\/\" \/>\n<meta property=\"og:locale\" content=\"fr_FR\" \/>\n<meta property=\"og:type\" content=\"article\" \/>\n<meta property=\"og:title\" content=\"Projet de loi sur la s\u00e9curit\u00e9 alimentaire \u2013 Mise-\u00e0-jour - National Farmers Union in New Brunswick\" \/>\n<meta property=\"og:description\" content=\"Apr\u00e8s plusieurs ann\u00e9es de demandes aupr\u00e8s de diff\u00e9rents gouvernements de mettre en \u0153uvre une politique alimentaire locale qui permet aux fermiers d\u2019avoir acc\u00e8s aux march\u00e9s locaux, augmentant ainsi la consommation [&hellip;]\" \/>\n<meta property=\"og:url\" content=\"https:\/\/www.nfunb.org\/fr\/projet-de-loi-sur-la-securite-alimentaire-mise-a-jour\/\" \/>\n<meta property=\"og:site_name\" content=\"National Farmers Union in New Brunswick\" \/>\n<meta property=\"article:publisher\" content=\"https:\/\/www.facebook.com\/NFUinNB\" \/>\n<meta property=\"article:published_time\" content=\"2015-06-16T20:16:15+00:00\" \/>\n<meta property=\"article:modified_time\" content=\"2022-01-25T14:12:30+00:00\" \/>\n<meta property=\"og:image\" content=\"https:\/\/www.nfunb.org\/wp-content\/uploads\/2022\/01\/IMG_3895-1024x768-550x413-1.jpg\" \/>\n\t<meta property=\"og:image:width\" content=\"550\" \/>\n\t<meta property=\"og:image:height\" content=\"413\" \/>\n\t<meta property=\"og:image:type\" content=\"image\/jpeg\" \/>\n<meta name=\"author\" content=\"admin\" \/>\n<meta name=\"twitter:card\" content=\"summary_large_image\" \/>\n<meta name=\"twitter:label1\" content=\"\u00c9crit par\" \/>\n\t<meta name=\"twitter:data1\" content=\"admin\" \/>\n\t<meta name=\"twitter:label2\" content=\"Dur\u00e9e de lecture estim\u00e9e\" \/>\n\t<meta name=\"twitter:data2\" content=\"4 minutes\" \/>\n<script type=\"application\/ld+json\" class=\"yoast-schema-graph\">{\"@context\":\"https:\/\/schema.org\",\"@graph\":[{\"@type\":\"Article\",\"@id\":\"https:\/\/www.nfunb.org\/fr\/projet-de-loi-sur-la-securite-alimentaire-mise-a-jour\/#article\",\"isPartOf\":{\"@id\":\"https:\/\/www.nfunb.org\/fr\/projet-de-loi-sur-la-securite-alimentaire-mise-a-jour\/\"},\"author\":{\"name\":\"admin\",\"@id\":\"https:\/\/www.nfunb.org\/fr\/#\/schema\/person\/1350c3bd5aa20e59953cf65dc542243a\"},\"headline\":\"Projet de loi sur la s\u00e9curit\u00e9 alimentaire \u2013 Mise-\u00e0-jour\",\"datePublished\":\"2015-06-16T20:16:15+00:00\",\"dateModified\":\"2022-01-25T14:12:30+00:00\",\"mainEntityOfPage\":{\"@id\":\"https:\/\/www.nfunb.org\/fr\/projet-de-loi-sur-la-securite-alimentaire-mise-a-jour\/\"},\"wordCount\":898,\"publisher\":{\"@id\":\"https:\/\/www.nfunb.org\/fr\/#organization\"},\"image\":{\"@id\":\"https:\/\/www.nfunb.org\/fr\/projet-de-loi-sur-la-securite-alimentaire-mise-a-jour\/#primaryimage\"},\"thumbnailUrl\":\"https:\/\/www.nfunb.org\/wp-content\/uploads\/2022\/01\/IMG_3895-1024x768-550x413-1.jpg\",\"articleSection\":[\"Nouvelles\",\"probl\u00e9matiques\"],\"inLanguage\":\"fr-FR\"},{\"@type\":\"WebPage\",\"@id\":\"https:\/\/www.nfunb.org\/fr\/projet-de-loi-sur-la-securite-alimentaire-mise-a-jour\/\",\"url\":\"https:\/\/www.nfunb.org\/fr\/projet-de-loi-sur-la-securite-alimentaire-mise-a-jour\/\",\"name\":\"Projet de loi sur la s\u00e9curit\u00e9 alimentaire \u2013 Mise-\u00e0-jour - National Farmers Union in New Brunswick\",\"isPartOf\":{\"@id\":\"https:\/\/www.nfunb.org\/fr\/#website\"},\"primaryImageOfPage\":{\"@id\":\"https:\/\/www.nfunb.org\/fr\/projet-de-loi-sur-la-securite-alimentaire-mise-a-jour\/#primaryimage\"},\"image\":{\"@id\":\"https:\/\/www.nfunb.org\/fr\/projet-de-loi-sur-la-securite-alimentaire-mise-a-jour\/#primaryimage\"},\"thumbnailUrl\":\"https:\/\/www.nfunb.org\/wp-content\/uploads\/2022\/01\/IMG_3895-1024x768-550x413-1.jpg\",\"datePublished\":\"2015-06-16T20:16:15+00:00\",\"dateModified\":\"2022-01-25T14:12:30+00:00\",\"breadcrumb\":{\"@id\":\"https:\/\/www.nfunb.org\/fr\/projet-de-loi-sur-la-securite-alimentaire-mise-a-jour\/#breadcrumb\"},\"inLanguage\":\"fr-FR\",\"potentialAction\":[{\"@type\":\"ReadAction\",\"target\":[\"https:\/\/www.nfunb.org\/fr\/projet-de-loi-sur-la-securite-alimentaire-mise-a-jour\/\"]}]},{\"@type\":\"ImageObject\",\"inLanguage\":\"fr-FR\",\"@id\":\"https:\/\/www.nfunb.org\/fr\/projet-de-loi-sur-la-securite-alimentaire-mise-a-jour\/#primaryimage\",\"url\":\"https:\/\/www.nfunb.org\/wp-content\/uploads\/2022\/01\/IMG_3895-1024x768-550x413-1.jpg\",\"contentUrl\":\"https:\/\/www.nfunb.org\/wp-content\/uploads\/2022\/01\/IMG_3895-1024x768-550x413-1.jpg\",\"width\":550,\"height\":413},{\"@type\":\"BreadcrumbList\",\"@id\":\"https:\/\/www.nfunb.org\/fr\/projet-de-loi-sur-la-securite-alimentaire-mise-a-jour\/#breadcrumb\",\"itemListElement\":[{\"@type\":\"ListItem\",\"position\":1,\"name\":\"Home\",\"item\":\"https:\/\/www.nfunb.org\/fr\/home\/\"},{\"@type\":\"ListItem\",\"position\":2,\"name\":\"Projet de loi sur la s\u00e9curit\u00e9 alimentaire \u2013 Mise-\u00e0-jour\"}]},{\"@type\":\"WebSite\",\"@id\":\"https:\/\/www.nfunb.org\/fr\/#website\",\"url\":\"https:\/\/www.nfunb.org\/fr\/\",\"name\":\"National Farmers Union in New Brunswick\",\"description\":\"Strong Communities. Sound Policies. Sustainable Farms\",\"publisher\":{\"@id\":\"https:\/\/www.nfunb.org\/fr\/#organization\"},\"potentialAction\":[{\"@type\":\"SearchAction\",\"target\":{\"@type\":\"EntryPoint\",\"urlTemplate\":\"https:\/\/www.nfunb.org\/fr\/?s={search_term_string}\"},\"query-input\":{\"@type\":\"PropertyValueSpecification\",\"valueRequired\":true,\"valueName\":\"search_term_string\"}}],\"inLanguage\":\"fr-FR\"},{\"@type\":\"Organization\",\"@id\":\"https:\/\/www.nfunb.org\/fr\/#organization\",\"name\":\"National Farmers Union in New Brunswick\",\"url\":\"https:\/\/www.nfunb.org\/fr\/\",\"logo\":{\"@type\":\"ImageObject\",\"inLanguage\":\"fr-FR\",\"@id\":\"https:\/\/www.nfunb.org\/fr\/#\/schema\/logo\/image\/\",\"url\":\"https:\/\/www.nfunb.org\/wp-content\/uploads\/2022\/01\/NFU_logo_CircleNB.png\",\"contentUrl\":\"https:\/\/www.nfunb.org\/wp-content\/uploads\/2022\/01\/NFU_logo_CircleNB.png\",\"width\":480,\"height\":480,\"caption\":\"National Farmers Union in New Brunswick\"},\"image\":{\"@id\":\"https:\/\/www.nfunb.org\/fr\/#\/schema\/logo\/image\/\"},\"sameAs\":[\"https:\/\/www.facebook.com\/NFUinNB\",\"https:\/\/www.instagram.com\/nfu.unf.nb\/\"]},{\"@type\":\"Person\",\"@id\":\"https:\/\/www.nfunb.org\/fr\/#\/schema\/person\/1350c3bd5aa20e59953cf65dc542243a\",\"name\":\"admin\",\"image\":{\"@type\":\"ImageObject\",\"inLanguage\":\"fr-FR\",\"@id\":\"https:\/\/www.nfunb.org\/fr\/#\/schema\/person\/image\/\",\"url\":\"https:\/\/secure.gravatar.com\/avatar\/26808d8fbe6a93b27a5be6fcee340112d06dadfad75e4e9c8533678c2951edde?s=96&d=mm&r=g\",\"contentUrl\":\"https:\/\/secure.gravatar.com\/avatar\/26808d8fbe6a93b27a5be6fcee340112d06dadfad75e4e9c8533678c2951edde?s=96&d=mm&r=g\",\"caption\":\"admin\"},\"sameAs\":[\"https:\/\/nfunb.org\/wordpress\/\"],\"url\":\"https:\/\/www.nfunb.org\/fr\/author\/admin\/\"}]}<\/script>\n<!-- \/ Yoast SEO plugin. -->","yoast_head_json":{"title":"Projet de loi sur la s\u00e9curit\u00e9 alimentaire \u2013 Mise-\u00e0-jour - National Farmers Union in New Brunswick","robots":{"index":"index","follow":"follow","max-snippet":"max-snippet:-1","max-image-preview":"max-image-preview:large","max-video-preview":"max-video-preview:-1"},"canonical":"https:\/\/www.nfunb.org\/fr\/projet-de-loi-sur-la-securite-alimentaire-mise-a-jour\/","og_locale":"fr_FR","og_type":"article","og_title":"Projet de loi sur la s\u00e9curit\u00e9 alimentaire \u2013 Mise-\u00e0-jour - National Farmers Union in New Brunswick","og_description":"Apr\u00e8s plusieurs ann\u00e9es de demandes aupr\u00e8s de diff\u00e9rents gouvernements de mettre en \u0153uvre une politique alimentaire locale qui permet aux fermiers d\u2019avoir acc\u00e8s aux march\u00e9s locaux, augmentant ainsi la consommation [&hellip;]","og_url":"https:\/\/www.nfunb.org\/fr\/projet-de-loi-sur-la-securite-alimentaire-mise-a-jour\/","og_site_name":"National Farmers Union in New Brunswick","article_publisher":"https:\/\/www.facebook.com\/NFUinNB","article_published_time":"2015-06-16T20:16:15+00:00","article_modified_time":"2022-01-25T14:12:30+00:00","og_image":[{"width":550,"height":413,"url":"https:\/\/www.nfunb.org\/wp-content\/uploads\/2022\/01\/IMG_3895-1024x768-550x413-1.jpg","type":"image\/jpeg"}],"author":"admin","twitter_card":"summary_large_image","twitter_misc":{"\u00c9crit par":"admin","Dur\u00e9e de lecture estim\u00e9e":"4 minutes"},"schema":{"@context":"https:\/\/schema.org","@graph":[{"@type":"Article","@id":"https:\/\/www.nfunb.org\/fr\/projet-de-loi-sur-la-securite-alimentaire-mise-a-jour\/#article","isPartOf":{"@id":"https:\/\/www.nfunb.org\/fr\/projet-de-loi-sur-la-securite-alimentaire-mise-a-jour\/"},"author":{"name":"admin","@id":"https:\/\/www.nfunb.org\/fr\/#\/schema\/person\/1350c3bd5aa20e59953cf65dc542243a"},"headline":"Projet de loi sur la s\u00e9curit\u00e9 alimentaire \u2013 Mise-\u00e0-jour","datePublished":"2015-06-16T20:16:15+00:00","dateModified":"2022-01-25T14:12:30+00:00","mainEntityOfPage":{"@id":"https:\/\/www.nfunb.org\/fr\/projet-de-loi-sur-la-securite-alimentaire-mise-a-jour\/"},"wordCount":898,"publisher":{"@id":"https:\/\/www.nfunb.org\/fr\/#organization"},"image":{"@id":"https:\/\/www.nfunb.org\/fr\/projet-de-loi-sur-la-securite-alimentaire-mise-a-jour\/#primaryimage"},"thumbnailUrl":"https:\/\/www.nfunb.org\/wp-content\/uploads\/2022\/01\/IMG_3895-1024x768-550x413-1.jpg","articleSection":["Nouvelles","probl\u00e9matiques"],"inLanguage":"fr-FR"},{"@type":"WebPage","@id":"https:\/\/www.nfunb.org\/fr\/projet-de-loi-sur-la-securite-alimentaire-mise-a-jour\/","url":"https:\/\/www.nfunb.org\/fr\/projet-de-loi-sur-la-securite-alimentaire-mise-a-jour\/","name":"Projet de loi sur la s\u00e9curit\u00e9 alimentaire \u2013 Mise-\u00e0-jour - National Farmers Union in New Brunswick","isPartOf":{"@id":"https:\/\/www.nfunb.org\/fr\/#website"},"primaryImageOfPage":{"@id":"https:\/\/www.nfunb.org\/fr\/projet-de-loi-sur-la-securite-alimentaire-mise-a-jour\/#primaryimage"},"image":{"@id":"https:\/\/www.nfunb.org\/fr\/projet-de-loi-sur-la-securite-alimentaire-mise-a-jour\/#primaryimage"},"thumbnailUrl":"https:\/\/www.nfunb.org\/wp-content\/uploads\/2022\/01\/IMG_3895-1024x768-550x413-1.jpg","datePublished":"2015-06-16T20:16:15+00:00","dateModified":"2022-01-25T14:12:30+00:00","breadcrumb":{"@id":"https:\/\/www.nfunb.org\/fr\/projet-de-loi-sur-la-securite-alimentaire-mise-a-jour\/#breadcrumb"},"inLanguage":"fr-FR","potentialAction":[{"@type":"ReadAction","target":["https:\/\/www.nfunb.org\/fr\/projet-de-loi-sur-la-securite-alimentaire-mise-a-jour\/"]}]},{"@type":"ImageObject","inLanguage":"fr-FR","@id":"https:\/\/www.nfunb.org\/fr\/projet-de-loi-sur-la-securite-alimentaire-mise-a-jour\/#primaryimage","url":"https:\/\/www.nfunb.org\/wp-content\/uploads\/2022\/01\/IMG_3895-1024x768-550x413-1.jpg","contentUrl":"https:\/\/www.nfunb.org\/wp-content\/uploads\/2022\/01\/IMG_3895-1024x768-550x413-1.jpg","width":550,"height":413},{"@type":"BreadcrumbList","@id":"https:\/\/www.nfunb.org\/fr\/projet-de-loi-sur-la-securite-alimentaire-mise-a-jour\/#breadcrumb","itemListElement":[{"@type":"ListItem","position":1,"name":"Home","item":"https:\/\/www.nfunb.org\/fr\/home\/"},{"@type":"ListItem","position":2,"name":"Projet de loi sur la s\u00e9curit\u00e9 alimentaire \u2013 Mise-\u00e0-jour"}]},{"@type":"WebSite","@id":"https:\/\/www.nfunb.org\/fr\/#website","url":"https:\/\/www.nfunb.org\/fr\/","name":"National Farmers Union in New Brunswick","description":"Strong Communities. Sound Policies. Sustainable Farms","publisher":{"@id":"https:\/\/www.nfunb.org\/fr\/#organization"},"potentialAction":[{"@type":"SearchAction","target":{"@type":"EntryPoint","urlTemplate":"https:\/\/www.nfunb.org\/fr\/?s={search_term_string}"},"query-input":{"@type":"PropertyValueSpecification","valueRequired":true,"valueName":"search_term_string"}}],"inLanguage":"fr-FR"},{"@type":"Organization","@id":"https:\/\/www.nfunb.org\/fr\/#organization","name":"National Farmers Union in New Brunswick","url":"https:\/\/www.nfunb.org\/fr\/","logo":{"@type":"ImageObject","inLanguage":"fr-FR","@id":"https:\/\/www.nfunb.org\/fr\/#\/schema\/logo\/image\/","url":"https:\/\/www.nfunb.org\/wp-content\/uploads\/2022\/01\/NFU_logo_CircleNB.png","contentUrl":"https:\/\/www.nfunb.org\/wp-content\/uploads\/2022\/01\/NFU_logo_CircleNB.png","width":480,"height":480,"caption":"National Farmers Union in New Brunswick"},"image":{"@id":"https:\/\/www.nfunb.org\/fr\/#\/schema\/logo\/image\/"},"sameAs":["https:\/\/www.facebook.com\/NFUinNB","https:\/\/www.instagram.com\/nfu.unf.nb\/"]},{"@type":"Person","@id":"https:\/\/www.nfunb.org\/fr\/#\/schema\/person\/1350c3bd5aa20e59953cf65dc542243a","name":"admin","image":{"@type":"ImageObject","inLanguage":"fr-FR","@id":"https:\/\/www.nfunb.org\/fr\/#\/schema\/person\/image\/","url":"https:\/\/secure.gravatar.com\/avatar\/26808d8fbe6a93b27a5be6fcee340112d06dadfad75e4e9c8533678c2951edde?s=96&d=mm&r=g","contentUrl":"https:\/\/secure.gravatar.com\/avatar\/26808d8fbe6a93b27a5be6fcee340112d06dadfad75e4e9c8533678c2951edde?s=96&d=mm&r=g","caption":"admin"},"sameAs":["https:\/\/nfunb.org\/wordpress\/"],"url":"https:\/\/www.nfunb.org\/fr\/author\/admin\/"}]}},"_links":{"self":[{"href":"https:\/\/www.nfunb.org\/fr\/wp-json\/wp\/v2\/posts\/12095","targetHints":{"allow":["GET"]}}],"collection":[{"href":"https:\/\/www.nfunb.org\/fr\/wp-json\/wp\/v2\/posts"}],"about":[{"href":"https:\/\/www.nfunb.org\/fr\/wp-json\/wp\/v2\/types\/post"}],"author":[{"embeddable":true,"href":"https:\/\/www.nfunb.org\/fr\/wp-json\/wp\/v2\/users\/1"}],"replies":[{"embeddable":true,"href":"https:\/\/www.nfunb.org\/fr\/wp-json\/wp\/v2\/comments?post=12095"}],"version-history":[{"count":2,"href":"https:\/\/www.nfunb.org\/fr\/wp-json\/wp\/v2\/posts\/12095\/revisions"}],"predecessor-version":[{"id":12592,"href":"https:\/\/www.nfunb.org\/fr\/wp-json\/wp\/v2\/posts\/12095\/revisions\/12592"}],"wp:featuredmedia":[{"embeddable":true,"href":"https:\/\/www.nfunb.org\/fr\/wp-json\/wp\/v2\/media\/12096"}],"wp:attachment":[{"href":"https:\/\/www.nfunb.org\/fr\/wp-json\/wp\/v2\/media?parent=12095"}],"wp:term":[{"taxonomy":"category","embeddable":true,"href":"https:\/\/www.nfunb.org\/fr\/wp-json\/wp\/v2\/categories?post=12095"},{"taxonomy":"post_tag","embeddable":true,"href":"https:\/\/www.nfunb.org\/fr\/wp-json\/wp\/v2\/tags?post=12095"}],"curies":[{"name":"wp","href":"https:\/\/api.w.org\/{rel}","templated":true}]}}