{"id":12099,"date":"2015-06-10T16:18:09","date_gmt":"2015-06-10T20:18:09","guid":{"rendered":"https:\/\/nfunb.org\/wordpress\/?p=12099"},"modified":"2022-01-25T10:14:57","modified_gmt":"2022-01-25T14:14:57","slug":"gerard-clara-hall-la-serie-des-fermiers-de-lunf-nb","status":"publish","type":"post","link":"https:\/\/www.nfunb.org\/fr\/gerard-clara-hall-la-serie-des-fermiers-de-lunf-nb\/","title":{"rendered":"G\u00e9rard &#038; Clara Hall \u2013 La s\u00e9rie des fermiers de l\u2019UNF-NB"},"content":{"rendered":"<p><em>L\u2019histoire de G\u00e9rard &amp; Clara Hall \u00e9tait partag\u00e9e la premi\u00e8re fois dans<\/em><\/p>\n<p><a href=\"https:\/\/nfunb.org\/wordpress\/wp-content\/uploads\/2021\/12\/Spring-2015-FINAL.pdf\">l\u2019\u00c9dition du printemps de Ferme &amp; Famille N.-B.<\/a><\/p>\n<p>G\u00e9rard et Clara Hall sont tous deux des producteurs exp\u00e9riment\u00e9s de bleuets sauvages. Ils poss\u00e8dent et op\u00e8rent tous deux leurs propres entreprises agricoles dans le comt\u00e9 de Gloucester.\u00a0 Celle de G\u00e9rard s\u2019appelle la\u00a0<strong>Bleueti\u00e8re Nord-Est Inc.<\/strong>, \u00e0 Saint-Isidore et elle fut incorpor\u00e9e en 1986. Avec plus de 1000 acres de terre en production de bleuets sauvages, la compagnie offre \u00e9galement des services pour \u00e9tablir, irriguer et r\u00e9colter d\u2019autres champs priv\u00e9s. Ils commencent \u00e0 faire des exp\u00e9riences avec des vari\u00e9t\u00e9s additionnelles, y compris des bleuets en corymbes et la camerise.<\/p>\n<p>Apr\u00e8s avoir travaill\u00e9 plusieurs ann\u00e9es \u00e0 la r\u00e9colte de bleuets dans la r\u00e9gion et en travaillant avec son mari, environ 20 ans pass\u00e9s Clara a achet\u00e9 600 acres avec sa soeur et, environ 10 ans pass\u00e9s, elle devint l\u2019unique propri\u00e9taire de\u00a0<strong>Les Bleueti\u00e8res Acadiennes<\/strong>.\u00a0 Clara d\u00e9clare qu\u2019elle et G\u00e9rard font bonne \u00e9quipe et qu\u2019ils travaillent ensemble sur plusieurs projets.<\/p>\n<p>Typiquement, le personnel de G\u00e9rard entame la saison d\u00e8s la mi-mai et environ 20 personnes vont continuer \u00e0 travailler durant toute la saison jusqu\u2019en d\u00e9cembre. Au plus fort de la r\u00e9colte, la Bleueti\u00e8re Nord-Est Inc. emploie jusqu\u2019\u00e0 quarante personnes dans la r\u00e9gion. G\u00e9rard dit qu\u2019\u00e9tant donn\u00e9 que son entreprise existe depuis si longtemps, il n\u2019a pas de difficult\u00e9 \u00e0 trouver du personnel, certains d\u2019entre-eux ayant travaill\u00e9 avec lui durant la majeure partie des 30 derni\u00e8res ann\u00e9es.<\/p>\n<p>Lorsqu\u2019on lui demande ce qu\u2019il aime le plus \u00e0 propos de son travail, il r\u00e9pond que c\u2019est la libert\u00e9, le travail dans la nature et l\u2019ind\u00e9pendance. Il est semi-retrait\u00e9 et il trouve cela difficile de faire la transition \u00e0 une retraite compl\u00e8te parce qu\u2019\u00e0 chaque ann\u00e9e, quand le printemps arrive, il se sent repos\u00e9 de l\u2019arr\u00eat de l\u2019hiver et revigor\u00e9 pour entamer la nouvelle saison. De tout cela, Clara aime le plus \u00eatre \u00e0 l\u2019ext\u00e9rieur, dans les champs et voir la germination de nouvelles plantes. Elle a eu une carri\u00e8re vari\u00e9e et elle s\u2019est d\u00e9vou\u00e9e \u00e0 temps plein \u00e0 la production des bleuets durant les deux derni\u00e8res ann\u00e9es. Elle continue \u00e0 faire de la recherche et \u00e0 mettre en application des techniques qui aident \u00e0 prot\u00e9ger la nature, y compris la construction d\u2019abris pour les pollinisateurs, afin qu\u2019ils puissent retourner \u00e0 chaque ann\u00e9e, et elle plantent des fleurs sauvages autour des champs de bleuets pour attirer et nourrir les abeilles.<\/p>\n<p>G\u00e9rard et Clara ont trois enfants adultes, qui ont tous continu\u00e9 \u00e0 travailler en agriculture. Deux fils travaillent dans la production de canneberges et de bleuets en corymbes, l\u2019un au Nouveau-Brunswick et l\u2019autre en Colombie-Britannique. Leur fille \u00e9tudie l\u2019agriculture biologique en Ontario. Le conseil de G\u00e9rard pour les nouveaux fermiers est d\u2019\u00eatre pr\u00eats \u00e0 investir \u00e0 la fois du temps et de l\u2019argent, mais le plus important est d\u2019avoir une forte capacit\u00e9 de b\u00e2tir des partenariats. Elle dit que le secteur agricole a un grand potentiel, mais sans la capacit\u00e9 de travailler ensemble, il sera trop difficile de faire comp\u00e9tition aux grosses compagnies.<\/p>\n<p>Clara est membre de l\u2019UNF parce qu\u2019elle croit que<strong>\u00a0l\u2019UNF travaille pour des buts qui sont b\u00e9n\u00e9fiques pour les fermiers<\/strong>. G\u00e9rard est membre de l\u2019UNF-NB parce qu\u2019il croit que trop d\u2019organisations passent leur temps \u00e0 d\u00e9fendre les int\u00e9r\u00eats et les programmes des gouvernements et il croit que\u00a0<strong>l\u2019Union nationale des fermiers d\u00e9fend mieux les fermiers et qu\u2019elle n\u2019a pas peur de s\u2019exprimer contre les d\u00e9cisions gouvernementales.<\/strong><\/p>\n<p>Si vous cherchez des services de consultation pour votre op\u00e9ration bleueti\u00e8re, contactez G\u00e9rard \u00e0 la Bleueti\u00e8re du Nord-Est au (506) 358-2440.<\/p>\n","protected":false},"excerpt":{"rendered":"<p>L\u2019histoire de G\u00e9rard &amp; Clara Hall \u00e9tait partag\u00e9e la premi\u00e8re fois dans l\u2019\u00c9dition du printemps de Ferme &amp; Famille N.-B. G\u00e9rard et Clara Hall sont tous deux des producteurs exp\u00e9riment\u00e9s [&hellip;]<\/p>\n","protected":false},"author":1,"featured_media":12028,"comment_status":"closed","ping_status":"open","sticky":false,"template":"","format":"standard","meta":{"footnotes":""},"categories":[134,18],"tags":[],"class_list":["post-12099","post","type-post","status-publish","format-standard","has-post-thumbnail","hentry","category-fermier-vedette","category-nouvelles"],"yoast_head":"<!-- This site is optimized with the Yoast SEO plugin v26.7 - https:\/\/yoast.com\/wordpress\/plugins\/seo\/ -->\n<title>G\u00e9rard &amp; Clara Hall \u2013 La s\u00e9rie des fermiers de l\u2019UNF-NB - National Farmers Union in New Brunswick<\/title>\n<meta name=\"robots\" content=\"index, follow, max-snippet:-1, max-image-preview:large, max-video-preview:-1\" \/>\n<link rel=\"canonical\" href=\"https:\/\/www.nfunb.org\/fr\/gerard-clara-hall-la-serie-des-fermiers-de-lunf-nb\/\" \/>\n<meta property=\"og:locale\" content=\"fr_FR\" \/>\n<meta property=\"og:type\" content=\"article\" \/>\n<meta property=\"og:title\" content=\"G\u00e9rard &amp; Clara Hall \u2013 La s\u00e9rie des fermiers de l\u2019UNF-NB - National Farmers Union in New Brunswick\" \/>\n<meta property=\"og:description\" content=\"L\u2019histoire de G\u00e9rard &amp; Clara Hall \u00e9tait partag\u00e9e la premi\u00e8re fois dans l\u2019\u00c9dition du printemps de Ferme &amp; Famille N.-B. G\u00e9rard et Clara Hall sont tous deux des producteurs exp\u00e9riment\u00e9s [&hellip;]\" \/>\n<meta property=\"og:url\" content=\"https:\/\/www.nfunb.org\/fr\/gerard-clara-hall-la-serie-des-fermiers-de-lunf-nb\/\" \/>\n<meta property=\"og:site_name\" content=\"National Farmers Union in New Brunswick\" \/>\n<meta property=\"article:publisher\" content=\"https:\/\/www.facebook.com\/NFUinNB\" \/>\n<meta property=\"article:published_time\" content=\"2015-06-10T20:18:09+00:00\" \/>\n<meta property=\"article:modified_time\" content=\"2022-01-25T14:14:57+00:00\" \/>\n<meta property=\"og:image\" content=\"https:\/\/www.nfunb.org\/wp-content\/uploads\/2022\/01\/bleuet-sauvage.jpg\" \/>\n\t<meta property=\"og:image:width\" content=\"384\" \/>\n\t<meta property=\"og:image:height\" content=\"288\" \/>\n\t<meta property=\"og:image:type\" content=\"image\/jpeg\" \/>\n<meta name=\"author\" content=\"admin\" \/>\n<meta name=\"twitter:card\" content=\"summary_large_image\" \/>\n<meta name=\"twitter:label1\" content=\"\u00c9crit par\" \/>\n\t<meta name=\"twitter:data1\" content=\"admin\" \/>\n\t<meta name=\"twitter:label2\" content=\"Dur\u00e9e de lecture estim\u00e9e\" \/>\n\t<meta name=\"twitter:data2\" content=\"3 minutes\" \/>\n<script type=\"application\/ld+json\" class=\"yoast-schema-graph\">{\"@context\":\"https:\/\/schema.org\",\"@graph\":[{\"@type\":\"Article\",\"@id\":\"https:\/\/www.nfunb.org\/fr\/gerard-clara-hall-la-serie-des-fermiers-de-lunf-nb\/#article\",\"isPartOf\":{\"@id\":\"https:\/\/www.nfunb.org\/fr\/gerard-clara-hall-la-serie-des-fermiers-de-lunf-nb\/\"},\"author\":{\"name\":\"admin\",\"@id\":\"https:\/\/www.nfunb.org\/fr\/#\/schema\/person\/1350c3bd5aa20e59953cf65dc542243a\"},\"headline\":\"G\u00e9rard &#038; Clara Hall \u2013 La s\u00e9rie des fermiers de l\u2019UNF-NB\",\"datePublished\":\"2015-06-10T20:18:09+00:00\",\"dateModified\":\"2022-01-25T14:14:57+00:00\",\"mainEntityOfPage\":{\"@id\":\"https:\/\/www.nfunb.org\/fr\/gerard-clara-hall-la-serie-des-fermiers-de-lunf-nb\/\"},\"wordCount\":683,\"publisher\":{\"@id\":\"https:\/\/www.nfunb.org\/fr\/#organization\"},\"image\":{\"@id\":\"https:\/\/www.nfunb.org\/fr\/gerard-clara-hall-la-serie-des-fermiers-de-lunf-nb\/#primaryimage\"},\"thumbnailUrl\":\"https:\/\/www.nfunb.org\/wp-content\/uploads\/2022\/01\/bleuet-sauvage.jpg\",\"articleSection\":[\"Fermier vedette\",\"Nouvelles\"],\"inLanguage\":\"fr-FR\"},{\"@type\":\"WebPage\",\"@id\":\"https:\/\/www.nfunb.org\/fr\/gerard-clara-hall-la-serie-des-fermiers-de-lunf-nb\/\",\"url\":\"https:\/\/www.nfunb.org\/fr\/gerard-clara-hall-la-serie-des-fermiers-de-lunf-nb\/\",\"name\":\"G\u00e9rard & Clara Hall \u2013 La s\u00e9rie des fermiers de l\u2019UNF-NB - National Farmers Union in New Brunswick\",\"isPartOf\":{\"@id\":\"https:\/\/www.nfunb.org\/fr\/#website\"},\"primaryImageOfPage\":{\"@id\":\"https:\/\/www.nfunb.org\/fr\/gerard-clara-hall-la-serie-des-fermiers-de-lunf-nb\/#primaryimage\"},\"image\":{\"@id\":\"https:\/\/www.nfunb.org\/fr\/gerard-clara-hall-la-serie-des-fermiers-de-lunf-nb\/#primaryimage\"},\"thumbnailUrl\":\"https:\/\/www.nfunb.org\/wp-content\/uploads\/2022\/01\/bleuet-sauvage.jpg\",\"datePublished\":\"2015-06-10T20:18:09+00:00\",\"dateModified\":\"2022-01-25T14:14:57+00:00\",\"breadcrumb\":{\"@id\":\"https:\/\/www.nfunb.org\/fr\/gerard-clara-hall-la-serie-des-fermiers-de-lunf-nb\/#breadcrumb\"},\"inLanguage\":\"fr-FR\",\"potentialAction\":[{\"@type\":\"ReadAction\",\"target\":[\"https:\/\/www.nfunb.org\/fr\/gerard-clara-hall-la-serie-des-fermiers-de-lunf-nb\/\"]}]},{\"@type\":\"ImageObject\",\"inLanguage\":\"fr-FR\",\"@id\":\"https:\/\/www.nfunb.org\/fr\/gerard-clara-hall-la-serie-des-fermiers-de-lunf-nb\/#primaryimage\",\"url\":\"https:\/\/www.nfunb.org\/wp-content\/uploads\/2022\/01\/bleuet-sauvage.jpg\",\"contentUrl\":\"https:\/\/www.nfunb.org\/wp-content\/uploads\/2022\/01\/bleuet-sauvage.jpg\",\"width\":384,\"height\":288},{\"@type\":\"BreadcrumbList\",\"@id\":\"https:\/\/www.nfunb.org\/fr\/gerard-clara-hall-la-serie-des-fermiers-de-lunf-nb\/#breadcrumb\",\"itemListElement\":[{\"@type\":\"ListItem\",\"position\":1,\"name\":\"Home\",\"item\":\"https:\/\/www.nfunb.org\/fr\/home\/\"},{\"@type\":\"ListItem\",\"position\":2,\"name\":\"G\u00e9rard &#038; Clara Hall \u2013 La s\u00e9rie des fermiers de l\u2019UNF-NB\"}]},{\"@type\":\"WebSite\",\"@id\":\"https:\/\/www.nfunb.org\/fr\/#website\",\"url\":\"https:\/\/www.nfunb.org\/fr\/\",\"name\":\"National Farmers Union in New Brunswick\",\"description\":\"Strong Communities. Sound Policies. Sustainable Farms\",\"publisher\":{\"@id\":\"https:\/\/www.nfunb.org\/fr\/#organization\"},\"potentialAction\":[{\"@type\":\"SearchAction\",\"target\":{\"@type\":\"EntryPoint\",\"urlTemplate\":\"https:\/\/www.nfunb.org\/fr\/?s={search_term_string}\"},\"query-input\":{\"@type\":\"PropertyValueSpecification\",\"valueRequired\":true,\"valueName\":\"search_term_string\"}}],\"inLanguage\":\"fr-FR\"},{\"@type\":\"Organization\",\"@id\":\"https:\/\/www.nfunb.org\/fr\/#organization\",\"name\":\"National Farmers Union in New Brunswick\",\"url\":\"https:\/\/www.nfunb.org\/fr\/\",\"logo\":{\"@type\":\"ImageObject\",\"inLanguage\":\"fr-FR\",\"@id\":\"https:\/\/www.nfunb.org\/fr\/#\/schema\/logo\/image\/\",\"url\":\"https:\/\/www.nfunb.org\/wp-content\/uploads\/2022\/01\/NFU_logo_CircleNB.png\",\"contentUrl\":\"https:\/\/www.nfunb.org\/wp-content\/uploads\/2022\/01\/NFU_logo_CircleNB.png\",\"width\":480,\"height\":480,\"caption\":\"National Farmers Union in New Brunswick\"},\"image\":{\"@id\":\"https:\/\/www.nfunb.org\/fr\/#\/schema\/logo\/image\/\"},\"sameAs\":[\"https:\/\/www.facebook.com\/NFUinNB\",\"https:\/\/www.instagram.com\/nfu.unf.nb\/\"]},{\"@type\":\"Person\",\"@id\":\"https:\/\/www.nfunb.org\/fr\/#\/schema\/person\/1350c3bd5aa20e59953cf65dc542243a\",\"name\":\"admin\",\"image\":{\"@type\":\"ImageObject\",\"inLanguage\":\"fr-FR\",\"@id\":\"https:\/\/www.nfunb.org\/fr\/#\/schema\/person\/image\/\",\"url\":\"https:\/\/secure.gravatar.com\/avatar\/26808d8fbe6a93b27a5be6fcee340112d06dadfad75e4e9c8533678c2951edde?s=96&d=mm&r=g\",\"contentUrl\":\"https:\/\/secure.gravatar.com\/avatar\/26808d8fbe6a93b27a5be6fcee340112d06dadfad75e4e9c8533678c2951edde?s=96&d=mm&r=g\",\"caption\":\"admin\"},\"sameAs\":[\"https:\/\/nfunb.org\/wordpress\/\"],\"url\":\"https:\/\/www.nfunb.org\/fr\/author\/admin\/\"}]}<\/script>\n<!-- \/ Yoast SEO plugin. -->","yoast_head_json":{"title":"G\u00e9rard & Clara Hall \u2013 La s\u00e9rie des fermiers de l\u2019UNF-NB - National Farmers Union in New Brunswick","robots":{"index":"index","follow":"follow","max-snippet":"max-snippet:-1","max-image-preview":"max-image-preview:large","max-video-preview":"max-video-preview:-1"},"canonical":"https:\/\/www.nfunb.org\/fr\/gerard-clara-hall-la-serie-des-fermiers-de-lunf-nb\/","og_locale":"fr_FR","og_type":"article","og_title":"G\u00e9rard & Clara Hall \u2013 La s\u00e9rie des fermiers de l\u2019UNF-NB - National Farmers Union in New Brunswick","og_description":"L\u2019histoire de G\u00e9rard &amp; Clara Hall \u00e9tait partag\u00e9e la premi\u00e8re fois dans l\u2019\u00c9dition du printemps de Ferme &amp; Famille N.-B. G\u00e9rard et Clara Hall sont tous deux des producteurs exp\u00e9riment\u00e9s [&hellip;]","og_url":"https:\/\/www.nfunb.org\/fr\/gerard-clara-hall-la-serie-des-fermiers-de-lunf-nb\/","og_site_name":"National Farmers Union in New Brunswick","article_publisher":"https:\/\/www.facebook.com\/NFUinNB","article_published_time":"2015-06-10T20:18:09+00:00","article_modified_time":"2022-01-25T14:14:57+00:00","og_image":[{"width":384,"height":288,"url":"https:\/\/www.nfunb.org\/wp-content\/uploads\/2022\/01\/bleuet-sauvage.jpg","type":"image\/jpeg"}],"author":"admin","twitter_card":"summary_large_image","twitter_misc":{"\u00c9crit par":"admin","Dur\u00e9e de lecture estim\u00e9e":"3 minutes"},"schema":{"@context":"https:\/\/schema.org","@graph":[{"@type":"Article","@id":"https:\/\/www.nfunb.org\/fr\/gerard-clara-hall-la-serie-des-fermiers-de-lunf-nb\/#article","isPartOf":{"@id":"https:\/\/www.nfunb.org\/fr\/gerard-clara-hall-la-serie-des-fermiers-de-lunf-nb\/"},"author":{"name":"admin","@id":"https:\/\/www.nfunb.org\/fr\/#\/schema\/person\/1350c3bd5aa20e59953cf65dc542243a"},"headline":"G\u00e9rard &#038; Clara Hall \u2013 La s\u00e9rie des fermiers de l\u2019UNF-NB","datePublished":"2015-06-10T20:18:09+00:00","dateModified":"2022-01-25T14:14:57+00:00","mainEntityOfPage":{"@id":"https:\/\/www.nfunb.org\/fr\/gerard-clara-hall-la-serie-des-fermiers-de-lunf-nb\/"},"wordCount":683,"publisher":{"@id":"https:\/\/www.nfunb.org\/fr\/#organization"},"image":{"@id":"https:\/\/www.nfunb.org\/fr\/gerard-clara-hall-la-serie-des-fermiers-de-lunf-nb\/#primaryimage"},"thumbnailUrl":"https:\/\/www.nfunb.org\/wp-content\/uploads\/2022\/01\/bleuet-sauvage.jpg","articleSection":["Fermier vedette","Nouvelles"],"inLanguage":"fr-FR"},{"@type":"WebPage","@id":"https:\/\/www.nfunb.org\/fr\/gerard-clara-hall-la-serie-des-fermiers-de-lunf-nb\/","url":"https:\/\/www.nfunb.org\/fr\/gerard-clara-hall-la-serie-des-fermiers-de-lunf-nb\/","name":"G\u00e9rard & Clara Hall \u2013 La s\u00e9rie des fermiers de l\u2019UNF-NB - National Farmers Union in New Brunswick","isPartOf":{"@id":"https:\/\/www.nfunb.org\/fr\/#website"},"primaryImageOfPage":{"@id":"https:\/\/www.nfunb.org\/fr\/gerard-clara-hall-la-serie-des-fermiers-de-lunf-nb\/#primaryimage"},"image":{"@id":"https:\/\/www.nfunb.org\/fr\/gerard-clara-hall-la-serie-des-fermiers-de-lunf-nb\/#primaryimage"},"thumbnailUrl":"https:\/\/www.nfunb.org\/wp-content\/uploads\/2022\/01\/bleuet-sauvage.jpg","datePublished":"2015-06-10T20:18:09+00:00","dateModified":"2022-01-25T14:14:57+00:00","breadcrumb":{"@id":"https:\/\/www.nfunb.org\/fr\/gerard-clara-hall-la-serie-des-fermiers-de-lunf-nb\/#breadcrumb"},"inLanguage":"fr-FR","potentialAction":[{"@type":"ReadAction","target":["https:\/\/www.nfunb.org\/fr\/gerard-clara-hall-la-serie-des-fermiers-de-lunf-nb\/"]}]},{"@type":"ImageObject","inLanguage":"fr-FR","@id":"https:\/\/www.nfunb.org\/fr\/gerard-clara-hall-la-serie-des-fermiers-de-lunf-nb\/#primaryimage","url":"https:\/\/www.nfunb.org\/wp-content\/uploads\/2022\/01\/bleuet-sauvage.jpg","contentUrl":"https:\/\/www.nfunb.org\/wp-content\/uploads\/2022\/01\/bleuet-sauvage.jpg","width":384,"height":288},{"@type":"BreadcrumbList","@id":"https:\/\/www.nfunb.org\/fr\/gerard-clara-hall-la-serie-des-fermiers-de-lunf-nb\/#breadcrumb","itemListElement":[{"@type":"ListItem","position":1,"name":"Home","item":"https:\/\/www.nfunb.org\/fr\/home\/"},{"@type":"ListItem","position":2,"name":"G\u00e9rard &#038; Clara Hall \u2013 La s\u00e9rie des fermiers de l\u2019UNF-NB"}]},{"@type":"WebSite","@id":"https:\/\/www.nfunb.org\/fr\/#website","url":"https:\/\/www.nfunb.org\/fr\/","name":"National Farmers Union in New Brunswick","description":"Strong Communities. Sound Policies. Sustainable Farms","publisher":{"@id":"https:\/\/www.nfunb.org\/fr\/#organization"},"potentialAction":[{"@type":"SearchAction","target":{"@type":"EntryPoint","urlTemplate":"https:\/\/www.nfunb.org\/fr\/?s={search_term_string}"},"query-input":{"@type":"PropertyValueSpecification","valueRequired":true,"valueName":"search_term_string"}}],"inLanguage":"fr-FR"},{"@type":"Organization","@id":"https:\/\/www.nfunb.org\/fr\/#organization","name":"National Farmers Union in New Brunswick","url":"https:\/\/www.nfunb.org\/fr\/","logo":{"@type":"ImageObject","inLanguage":"fr-FR","@id":"https:\/\/www.nfunb.org\/fr\/#\/schema\/logo\/image\/","url":"https:\/\/www.nfunb.org\/wp-content\/uploads\/2022\/01\/NFU_logo_CircleNB.png","contentUrl":"https:\/\/www.nfunb.org\/wp-content\/uploads\/2022\/01\/NFU_logo_CircleNB.png","width":480,"height":480,"caption":"National Farmers Union in New Brunswick"},"image":{"@id":"https:\/\/www.nfunb.org\/fr\/#\/schema\/logo\/image\/"},"sameAs":["https:\/\/www.facebook.com\/NFUinNB","https:\/\/www.instagram.com\/nfu.unf.nb\/"]},{"@type":"Person","@id":"https:\/\/www.nfunb.org\/fr\/#\/schema\/person\/1350c3bd5aa20e59953cf65dc542243a","name":"admin","image":{"@type":"ImageObject","inLanguage":"fr-FR","@id":"https:\/\/www.nfunb.org\/fr\/#\/schema\/person\/image\/","url":"https:\/\/secure.gravatar.com\/avatar\/26808d8fbe6a93b27a5be6fcee340112d06dadfad75e4e9c8533678c2951edde?s=96&d=mm&r=g","contentUrl":"https:\/\/secure.gravatar.com\/avatar\/26808d8fbe6a93b27a5be6fcee340112d06dadfad75e4e9c8533678c2951edde?s=96&d=mm&r=g","caption":"admin"},"sameAs":["https:\/\/nfunb.org\/wordpress\/"],"url":"https:\/\/www.nfunb.org\/fr\/author\/admin\/"}]}},"_links":{"self":[{"href":"https:\/\/www.nfunb.org\/fr\/wp-json\/wp\/v2\/posts\/12099","targetHints":{"allow":["GET"]}}],"collection":[{"href":"https:\/\/www.nfunb.org\/fr\/wp-json\/wp\/v2\/posts"}],"about":[{"href":"https:\/\/www.nfunb.org\/fr\/wp-json\/wp\/v2\/types\/post"}],"author":[{"embeddable":true,"href":"https:\/\/www.nfunb.org\/fr\/wp-json\/wp\/v2\/users\/1"}],"replies":[{"embeddable":true,"href":"https:\/\/www.nfunb.org\/fr\/wp-json\/wp\/v2\/comments?post=12099"}],"version-history":[{"count":3,"href":"https:\/\/www.nfunb.org\/fr\/wp-json\/wp\/v2\/posts\/12099\/revisions"}],"predecessor-version":[{"id":12595,"href":"https:\/\/www.nfunb.org\/fr\/wp-json\/wp\/v2\/posts\/12099\/revisions\/12595"}],"wp:featuredmedia":[{"embeddable":true,"href":"https:\/\/www.nfunb.org\/fr\/wp-json\/wp\/v2\/media\/12028"}],"wp:attachment":[{"href":"https:\/\/www.nfunb.org\/fr\/wp-json\/wp\/v2\/media?parent=12099"}],"wp:term":[{"taxonomy":"category","embeddable":true,"href":"https:\/\/www.nfunb.org\/fr\/wp-json\/wp\/v2\/categories?post=12099"},{"taxonomy":"post_tag","embeddable":true,"href":"https:\/\/www.nfunb.org\/fr\/wp-json\/wp\/v2\/tags?post=12099"}],"curies":[{"name":"wp","href":"https:\/\/api.w.org\/{rel}","templated":true}]}}