{"id":12109,"date":"2015-04-30T16:23:41","date_gmt":"2015-04-30T20:23:41","guid":{"rendered":"https:\/\/nfunb.org\/wordpress\/?p=12109"},"modified":"2022-01-18T16:24:47","modified_gmt":"2022-01-18T20:24:47","slug":"radio-canada-des-fermiers-a-fredericton-pour-appuyer-un-projet-de-loi-sur-la-securite-alimentaire","status":"publish","type":"post","link":"https:\/\/www.nfunb.org\/fr\/radio-canada-des-fermiers-a-fredericton-pour-appuyer-un-projet-de-loi-sur-la-securite-alimentaire\/","title":{"rendered":"Radio-Canada : Des fermiers \u00e0 Fredericton pour appuyer un projet de loi sur la \u00ab s\u00e9curit\u00e9 alimentaire \u00bb"},"content":{"rendered":"<h3>Extrait:<\/h3>\n<figure id=\"attachment_12110\" aria-describedby=\"caption-attachment-12110\" style=\"width: 150px\" class=\"wp-caption alignright\"><img loading=\"lazy\" decoding=\"async\" class=\"size-full wp-image-12110\" src=\"https:\/\/nfunb.org\/wordpress\/wp-content\/uploads\/2022\/01\/Kevin-Arseneau-150x150-1.jpg\" alt=\"\" width=\"150\" height=\"150\" \/><figcaption id=\"caption-attachment-12110\" class=\"wp-caption-text\">Kevin Arseneau, pr\u00e9sident des jeunes, UNF-NB<br \/>photo: Kevin Arseneau<\/figcaption><\/figure>\n<p class=\"quote\"><em>\u00ab Parfois, on assiste \u00e0 des r\u00e9unions gouvernementales et parfois, c\u2019est tr\u00e8s insultant de voir ces plateaux de l\u00e9gumes en plein \u00e9t\u00e9, des l\u00e9gumes qui viennent de tr\u00e8s loin, qui sont servis lors de r\u00e9unions gouvernementales, alors qu\u2019il y a des producteurs locaux pr\u00e9sents \u00e0 ces\u00a0rencontres. \u00bb\u2014\u00a0Kevin Arseneau, fermier<\/em><\/p>\n<p><em>L\u2019adoption du projet de loi des verts augmenterait les revenus et la production des fermiers locaux,\u00a0dit-il.<\/em><\/p>\n<p><em>Il fait d\u2019autre part remarquer que les consommateurs r\u00e9clament de plus en plus les produits locaux. \u00ab\u00a0C\u2019est important pour les consommateurs qui en demandent de plus en plus, de ces produits locaux, qui viennent de fermes o\u00f9 ils peuvent se rendre, o\u00f9 ils peuvent toucher les\u00a0produits.\u00a0\u00bb<\/em><\/p>\n<h2><a href=\"http:\/\/ici.radio-canada.ca\/regions\/atlantique\/2015\/04\/30\/003-securite-alimentaire-produits-locaux-projet-loi-verts-fredericton.shtml\" target=\"_blank\" rel=\"noopener\">Cliquez ici pour lire l\u2019article compl\u00e8t sur radiocanada.ca<\/a><\/h2>\n","protected":false},"excerpt":{"rendered":"<p>Extrait: \u00ab Parfois, on assiste \u00e0 des r\u00e9unions gouvernementales et parfois, c\u2019est tr\u00e8s insultant de voir ces plateaux de l\u00e9gumes en plein \u00e9t\u00e9, des l\u00e9gumes qui viennent de tr\u00e8s loin, [&hellip;]<\/p>\n","protected":false},"author":1,"featured_media":0,"comment_status":"closed","ping_status":"open","sticky":false,"template":"","format":"standard","meta":{"footnotes":""},"categories":[137,18,138],"tags":[],"class_list":["post-12109","post","type-post","status-publish","format-standard","hentry","category-evenements","category-nouvelles","category-problematiques"],"yoast_head":"<!-- This site is optimized with the Yoast SEO plugin v26.7 - https:\/\/yoast.com\/wordpress\/plugins\/seo\/ -->\n<title>Radio-Canada : Des fermiers \u00e0 Fredericton pour appuyer un projet de loi sur la \u00ab s\u00e9curit\u00e9 alimentaire \u00bb - National Farmers Union in New Brunswick<\/title>\n<meta name=\"robots\" content=\"index, follow, max-snippet:-1, max-image-preview:large, max-video-preview:-1\" \/>\n<link rel=\"canonical\" href=\"https:\/\/www.nfunb.org\/fr\/radio-canada-des-fermiers-a-fredericton-pour-appuyer-un-projet-de-loi-sur-la-securite-alimentaire\/\" \/>\n<meta property=\"og:locale\" content=\"fr_FR\" \/>\n<meta property=\"og:type\" content=\"article\" \/>\n<meta property=\"og:title\" content=\"Radio-Canada : Des fermiers \u00e0 Fredericton pour appuyer un projet de loi sur la \u00ab s\u00e9curit\u00e9 alimentaire \u00bb - National Farmers Union in New Brunswick\" \/>\n<meta property=\"og:description\" content=\"Extrait: \u00ab Parfois, on assiste \u00e0 des r\u00e9unions gouvernementales et parfois, c\u2019est tr\u00e8s insultant de voir ces plateaux de l\u00e9gumes en plein \u00e9t\u00e9, des l\u00e9gumes qui viennent de tr\u00e8s loin, [&hellip;]\" \/>\n<meta property=\"og:url\" content=\"https:\/\/www.nfunb.org\/fr\/radio-canada-des-fermiers-a-fredericton-pour-appuyer-un-projet-de-loi-sur-la-securite-alimentaire\/\" \/>\n<meta property=\"og:site_name\" content=\"National Farmers Union in New Brunswick\" \/>\n<meta property=\"article:publisher\" content=\"https:\/\/www.facebook.com\/NFUinNB\" \/>\n<meta property=\"article:published_time\" content=\"2015-04-30T20:23:41+00:00\" \/>\n<meta property=\"article:modified_time\" content=\"2022-01-18T20:24:47+00:00\" \/>\n<meta property=\"og:image\" content=\"https:\/\/nfunb.org\/wordpress\/wp-content\/uploads\/2022\/01\/Kevin-Arseneau-150x150-1.jpg\" \/>\n<meta name=\"author\" content=\"admin\" \/>\n<meta name=\"twitter:card\" content=\"summary_large_image\" \/>\n<meta name=\"twitter:label1\" content=\"\u00c9crit par\" \/>\n\t<meta name=\"twitter:data1\" content=\"admin\" \/>\n\t<meta name=\"twitter:label2\" content=\"Dur\u00e9e de lecture estim\u00e9e\" \/>\n\t<meta name=\"twitter:data2\" content=\"1 minute\" \/>\n<script type=\"application\/ld+json\" class=\"yoast-schema-graph\">{\"@context\":\"https:\/\/schema.org\",\"@graph\":[{\"@type\":\"Article\",\"@id\":\"https:\/\/www.nfunb.org\/fr\/radio-canada-des-fermiers-a-fredericton-pour-appuyer-un-projet-de-loi-sur-la-securite-alimentaire\/#article\",\"isPartOf\":{\"@id\":\"https:\/\/www.nfunb.org\/fr\/radio-canada-des-fermiers-a-fredericton-pour-appuyer-un-projet-de-loi-sur-la-securite-alimentaire\/\"},\"author\":{\"name\":\"admin\",\"@id\":\"https:\/\/www.nfunb.org\/fr\/#\/schema\/person\/1350c3bd5aa20e59953cf65dc542243a\"},\"headline\":\"Radio-Canada : Des fermiers \u00e0 Fredericton pour appuyer un projet de loi sur la \u00ab s\u00e9curit\u00e9 alimentaire \u00bb\",\"datePublished\":\"2015-04-30T20:23:41+00:00\",\"dateModified\":\"2022-01-18T20:24:47+00:00\",\"mainEntityOfPage\":{\"@id\":\"https:\/\/www.nfunb.org\/fr\/radio-canada-des-fermiers-a-fredericton-pour-appuyer-un-projet-de-loi-sur-la-securite-alimentaire\/\"},\"wordCount\":167,\"publisher\":{\"@id\":\"https:\/\/www.nfunb.org\/fr\/#organization\"},\"image\":{\"@id\":\"https:\/\/www.nfunb.org\/fr\/radio-canada-des-fermiers-a-fredericton-pour-appuyer-un-projet-de-loi-sur-la-securite-alimentaire\/#primaryimage\"},\"thumbnailUrl\":\"https:\/\/nfunb.org\/wordpress\/wp-content\/uploads\/2022\/01\/Kevin-Arseneau-150x150-1.jpg\",\"articleSection\":[\"\u00c9v\u00e8nements\",\"Nouvelles\",\"probl\u00e9matiques\"],\"inLanguage\":\"fr-FR\"},{\"@type\":\"WebPage\",\"@id\":\"https:\/\/www.nfunb.org\/fr\/radio-canada-des-fermiers-a-fredericton-pour-appuyer-un-projet-de-loi-sur-la-securite-alimentaire\/\",\"url\":\"https:\/\/www.nfunb.org\/fr\/radio-canada-des-fermiers-a-fredericton-pour-appuyer-un-projet-de-loi-sur-la-securite-alimentaire\/\",\"name\":\"Radio-Canada : Des fermiers \u00e0 Fredericton pour appuyer un projet de loi sur la \u00ab s\u00e9curit\u00e9 alimentaire \u00bb - National Farmers Union in New Brunswick\",\"isPartOf\":{\"@id\":\"https:\/\/www.nfunb.org\/fr\/#website\"},\"primaryImageOfPage\":{\"@id\":\"https:\/\/www.nfunb.org\/fr\/radio-canada-des-fermiers-a-fredericton-pour-appuyer-un-projet-de-loi-sur-la-securite-alimentaire\/#primaryimage\"},\"image\":{\"@id\":\"https:\/\/www.nfunb.org\/fr\/radio-canada-des-fermiers-a-fredericton-pour-appuyer-un-projet-de-loi-sur-la-securite-alimentaire\/#primaryimage\"},\"thumbnailUrl\":\"https:\/\/nfunb.org\/wordpress\/wp-content\/uploads\/2022\/01\/Kevin-Arseneau-150x150-1.jpg\",\"datePublished\":\"2015-04-30T20:23:41+00:00\",\"dateModified\":\"2022-01-18T20:24:47+00:00\",\"breadcrumb\":{\"@id\":\"https:\/\/www.nfunb.org\/fr\/radio-canada-des-fermiers-a-fredericton-pour-appuyer-un-projet-de-loi-sur-la-securite-alimentaire\/#breadcrumb\"},\"inLanguage\":\"fr-FR\",\"potentialAction\":[{\"@type\":\"ReadAction\",\"target\":[\"https:\/\/www.nfunb.org\/fr\/radio-canada-des-fermiers-a-fredericton-pour-appuyer-un-projet-de-loi-sur-la-securite-alimentaire\/\"]}]},{\"@type\":\"ImageObject\",\"inLanguage\":\"fr-FR\",\"@id\":\"https:\/\/www.nfunb.org\/fr\/radio-canada-des-fermiers-a-fredericton-pour-appuyer-un-projet-de-loi-sur-la-securite-alimentaire\/#primaryimage\",\"url\":\"https:\/\/nfunb.org\/wordpress\/wp-content\/uploads\/2022\/01\/Kevin-Arseneau-150x150-1.jpg\",\"contentUrl\":\"https:\/\/nfunb.org\/wordpress\/wp-content\/uploads\/2022\/01\/Kevin-Arseneau-150x150-1.jpg\"},{\"@type\":\"BreadcrumbList\",\"@id\":\"https:\/\/www.nfunb.org\/fr\/radio-canada-des-fermiers-a-fredericton-pour-appuyer-un-projet-de-loi-sur-la-securite-alimentaire\/#breadcrumb\",\"itemListElement\":[{\"@type\":\"ListItem\",\"position\":1,\"name\":\"Home\",\"item\":\"https:\/\/www.nfunb.org\/fr\/home\/\"},{\"@type\":\"ListItem\",\"position\":2,\"name\":\"Radio-Canada : Des fermiers \u00e0 Fredericton pour appuyer un projet de loi sur la \u00ab s\u00e9curit\u00e9 alimentaire \u00bb\"}]},{\"@type\":\"WebSite\",\"@id\":\"https:\/\/www.nfunb.org\/fr\/#website\",\"url\":\"https:\/\/www.nfunb.org\/fr\/\",\"name\":\"National Farmers Union in New Brunswick\",\"description\":\"Strong Communities. Sound Policies. Sustainable Farms\",\"publisher\":{\"@id\":\"https:\/\/www.nfunb.org\/fr\/#organization\"},\"potentialAction\":[{\"@type\":\"SearchAction\",\"target\":{\"@type\":\"EntryPoint\",\"urlTemplate\":\"https:\/\/www.nfunb.org\/fr\/?s={search_term_string}\"},\"query-input\":{\"@type\":\"PropertyValueSpecification\",\"valueRequired\":true,\"valueName\":\"search_term_string\"}}],\"inLanguage\":\"fr-FR\"},{\"@type\":\"Organization\",\"@id\":\"https:\/\/www.nfunb.org\/fr\/#organization\",\"name\":\"National Farmers Union in New Brunswick\",\"url\":\"https:\/\/www.nfunb.org\/fr\/\",\"logo\":{\"@type\":\"ImageObject\",\"inLanguage\":\"fr-FR\",\"@id\":\"https:\/\/www.nfunb.org\/fr\/#\/schema\/logo\/image\/\",\"url\":\"https:\/\/www.nfunb.org\/wp-content\/uploads\/2022\/01\/NFU_logo_CircleNB.png\",\"contentUrl\":\"https:\/\/www.nfunb.org\/wp-content\/uploads\/2022\/01\/NFU_logo_CircleNB.png\",\"width\":480,\"height\":480,\"caption\":\"National Farmers Union in New Brunswick\"},\"image\":{\"@id\":\"https:\/\/www.nfunb.org\/fr\/#\/schema\/logo\/image\/\"},\"sameAs\":[\"https:\/\/www.facebook.com\/NFUinNB\",\"https:\/\/www.instagram.com\/nfu.unf.nb\/\"]},{\"@type\":\"Person\",\"@id\":\"https:\/\/www.nfunb.org\/fr\/#\/schema\/person\/1350c3bd5aa20e59953cf65dc542243a\",\"name\":\"admin\",\"image\":{\"@type\":\"ImageObject\",\"inLanguage\":\"fr-FR\",\"@id\":\"https:\/\/www.nfunb.org\/fr\/#\/schema\/person\/image\/\",\"url\":\"https:\/\/secure.gravatar.com\/avatar\/26808d8fbe6a93b27a5be6fcee340112d06dadfad75e4e9c8533678c2951edde?s=96&d=mm&r=g\",\"contentUrl\":\"https:\/\/secure.gravatar.com\/avatar\/26808d8fbe6a93b27a5be6fcee340112d06dadfad75e4e9c8533678c2951edde?s=96&d=mm&r=g\",\"caption\":\"admin\"},\"sameAs\":[\"https:\/\/nfunb.org\/wordpress\/\"],\"url\":\"https:\/\/www.nfunb.org\/fr\/author\/admin\/\"}]}<\/script>\n<!-- \/ Yoast SEO plugin. -->","yoast_head_json":{"title":"Radio-Canada : Des fermiers \u00e0 Fredericton pour appuyer un projet de loi sur la \u00ab s\u00e9curit\u00e9 alimentaire \u00bb - National Farmers Union in New Brunswick","robots":{"index":"index","follow":"follow","max-snippet":"max-snippet:-1","max-image-preview":"max-image-preview:large","max-video-preview":"max-video-preview:-1"},"canonical":"https:\/\/www.nfunb.org\/fr\/radio-canada-des-fermiers-a-fredericton-pour-appuyer-un-projet-de-loi-sur-la-securite-alimentaire\/","og_locale":"fr_FR","og_type":"article","og_title":"Radio-Canada : Des fermiers \u00e0 Fredericton pour appuyer un projet de loi sur la \u00ab s\u00e9curit\u00e9 alimentaire \u00bb - National Farmers Union in New Brunswick","og_description":"Extrait: \u00ab Parfois, on assiste \u00e0 des r\u00e9unions gouvernementales et parfois, c\u2019est tr\u00e8s insultant de voir ces plateaux de l\u00e9gumes en plein \u00e9t\u00e9, des l\u00e9gumes qui viennent de tr\u00e8s loin, [&hellip;]","og_url":"https:\/\/www.nfunb.org\/fr\/radio-canada-des-fermiers-a-fredericton-pour-appuyer-un-projet-de-loi-sur-la-securite-alimentaire\/","og_site_name":"National Farmers Union in New Brunswick","article_publisher":"https:\/\/www.facebook.com\/NFUinNB","article_published_time":"2015-04-30T20:23:41+00:00","article_modified_time":"2022-01-18T20:24:47+00:00","og_image":[{"url":"https:\/\/nfunb.org\/wordpress\/wp-content\/uploads\/2022\/01\/Kevin-Arseneau-150x150-1.jpg","type":"","width":"","height":""}],"author":"admin","twitter_card":"summary_large_image","twitter_misc":{"\u00c9crit par":"admin","Dur\u00e9e de lecture estim\u00e9e":"1 minute"},"schema":{"@context":"https:\/\/schema.org","@graph":[{"@type":"Article","@id":"https:\/\/www.nfunb.org\/fr\/radio-canada-des-fermiers-a-fredericton-pour-appuyer-un-projet-de-loi-sur-la-securite-alimentaire\/#article","isPartOf":{"@id":"https:\/\/www.nfunb.org\/fr\/radio-canada-des-fermiers-a-fredericton-pour-appuyer-un-projet-de-loi-sur-la-securite-alimentaire\/"},"author":{"name":"admin","@id":"https:\/\/www.nfunb.org\/fr\/#\/schema\/person\/1350c3bd5aa20e59953cf65dc542243a"},"headline":"Radio-Canada : Des fermiers \u00e0 Fredericton pour appuyer un projet de loi sur la \u00ab s\u00e9curit\u00e9 alimentaire \u00bb","datePublished":"2015-04-30T20:23:41+00:00","dateModified":"2022-01-18T20:24:47+00:00","mainEntityOfPage":{"@id":"https:\/\/www.nfunb.org\/fr\/radio-canada-des-fermiers-a-fredericton-pour-appuyer-un-projet-de-loi-sur-la-securite-alimentaire\/"},"wordCount":167,"publisher":{"@id":"https:\/\/www.nfunb.org\/fr\/#organization"},"image":{"@id":"https:\/\/www.nfunb.org\/fr\/radio-canada-des-fermiers-a-fredericton-pour-appuyer-un-projet-de-loi-sur-la-securite-alimentaire\/#primaryimage"},"thumbnailUrl":"https:\/\/nfunb.org\/wordpress\/wp-content\/uploads\/2022\/01\/Kevin-Arseneau-150x150-1.jpg","articleSection":["\u00c9v\u00e8nements","Nouvelles","probl\u00e9matiques"],"inLanguage":"fr-FR"},{"@type":"WebPage","@id":"https:\/\/www.nfunb.org\/fr\/radio-canada-des-fermiers-a-fredericton-pour-appuyer-un-projet-de-loi-sur-la-securite-alimentaire\/","url":"https:\/\/www.nfunb.org\/fr\/radio-canada-des-fermiers-a-fredericton-pour-appuyer-un-projet-de-loi-sur-la-securite-alimentaire\/","name":"Radio-Canada : Des fermiers \u00e0 Fredericton pour appuyer un projet de loi sur la \u00ab s\u00e9curit\u00e9 alimentaire \u00bb - National Farmers Union in New Brunswick","isPartOf":{"@id":"https:\/\/www.nfunb.org\/fr\/#website"},"primaryImageOfPage":{"@id":"https:\/\/www.nfunb.org\/fr\/radio-canada-des-fermiers-a-fredericton-pour-appuyer-un-projet-de-loi-sur-la-securite-alimentaire\/#primaryimage"},"image":{"@id":"https:\/\/www.nfunb.org\/fr\/radio-canada-des-fermiers-a-fredericton-pour-appuyer-un-projet-de-loi-sur-la-securite-alimentaire\/#primaryimage"},"thumbnailUrl":"https:\/\/nfunb.org\/wordpress\/wp-content\/uploads\/2022\/01\/Kevin-Arseneau-150x150-1.jpg","datePublished":"2015-04-30T20:23:41+00:00","dateModified":"2022-01-18T20:24:47+00:00","breadcrumb":{"@id":"https:\/\/www.nfunb.org\/fr\/radio-canada-des-fermiers-a-fredericton-pour-appuyer-un-projet-de-loi-sur-la-securite-alimentaire\/#breadcrumb"},"inLanguage":"fr-FR","potentialAction":[{"@type":"ReadAction","target":["https:\/\/www.nfunb.org\/fr\/radio-canada-des-fermiers-a-fredericton-pour-appuyer-un-projet-de-loi-sur-la-securite-alimentaire\/"]}]},{"@type":"ImageObject","inLanguage":"fr-FR","@id":"https:\/\/www.nfunb.org\/fr\/radio-canada-des-fermiers-a-fredericton-pour-appuyer-un-projet-de-loi-sur-la-securite-alimentaire\/#primaryimage","url":"https:\/\/nfunb.org\/wordpress\/wp-content\/uploads\/2022\/01\/Kevin-Arseneau-150x150-1.jpg","contentUrl":"https:\/\/nfunb.org\/wordpress\/wp-content\/uploads\/2022\/01\/Kevin-Arseneau-150x150-1.jpg"},{"@type":"BreadcrumbList","@id":"https:\/\/www.nfunb.org\/fr\/radio-canada-des-fermiers-a-fredericton-pour-appuyer-un-projet-de-loi-sur-la-securite-alimentaire\/#breadcrumb","itemListElement":[{"@type":"ListItem","position":1,"name":"Home","item":"https:\/\/www.nfunb.org\/fr\/home\/"},{"@type":"ListItem","position":2,"name":"Radio-Canada : Des fermiers \u00e0 Fredericton pour appuyer un projet de loi sur la \u00ab s\u00e9curit\u00e9 alimentaire \u00bb"}]},{"@type":"WebSite","@id":"https:\/\/www.nfunb.org\/fr\/#website","url":"https:\/\/www.nfunb.org\/fr\/","name":"National Farmers Union in New Brunswick","description":"Strong Communities. Sound Policies. Sustainable Farms","publisher":{"@id":"https:\/\/www.nfunb.org\/fr\/#organization"},"potentialAction":[{"@type":"SearchAction","target":{"@type":"EntryPoint","urlTemplate":"https:\/\/www.nfunb.org\/fr\/?s={search_term_string}"},"query-input":{"@type":"PropertyValueSpecification","valueRequired":true,"valueName":"search_term_string"}}],"inLanguage":"fr-FR"},{"@type":"Organization","@id":"https:\/\/www.nfunb.org\/fr\/#organization","name":"National Farmers Union in New Brunswick","url":"https:\/\/www.nfunb.org\/fr\/","logo":{"@type":"ImageObject","inLanguage":"fr-FR","@id":"https:\/\/www.nfunb.org\/fr\/#\/schema\/logo\/image\/","url":"https:\/\/www.nfunb.org\/wp-content\/uploads\/2022\/01\/NFU_logo_CircleNB.png","contentUrl":"https:\/\/www.nfunb.org\/wp-content\/uploads\/2022\/01\/NFU_logo_CircleNB.png","width":480,"height":480,"caption":"National Farmers Union in New Brunswick"},"image":{"@id":"https:\/\/www.nfunb.org\/fr\/#\/schema\/logo\/image\/"},"sameAs":["https:\/\/www.facebook.com\/NFUinNB","https:\/\/www.instagram.com\/nfu.unf.nb\/"]},{"@type":"Person","@id":"https:\/\/www.nfunb.org\/fr\/#\/schema\/person\/1350c3bd5aa20e59953cf65dc542243a","name":"admin","image":{"@type":"ImageObject","inLanguage":"fr-FR","@id":"https:\/\/www.nfunb.org\/fr\/#\/schema\/person\/image\/","url":"https:\/\/secure.gravatar.com\/avatar\/26808d8fbe6a93b27a5be6fcee340112d06dadfad75e4e9c8533678c2951edde?s=96&d=mm&r=g","contentUrl":"https:\/\/secure.gravatar.com\/avatar\/26808d8fbe6a93b27a5be6fcee340112d06dadfad75e4e9c8533678c2951edde?s=96&d=mm&r=g","caption":"admin"},"sameAs":["https:\/\/nfunb.org\/wordpress\/"],"url":"https:\/\/www.nfunb.org\/fr\/author\/admin\/"}]}},"_links":{"self":[{"href":"https:\/\/www.nfunb.org\/fr\/wp-json\/wp\/v2\/posts\/12109","targetHints":{"allow":["GET"]}}],"collection":[{"href":"https:\/\/www.nfunb.org\/fr\/wp-json\/wp\/v2\/posts"}],"about":[{"href":"https:\/\/www.nfunb.org\/fr\/wp-json\/wp\/v2\/types\/post"}],"author":[{"embeddable":true,"href":"https:\/\/www.nfunb.org\/fr\/wp-json\/wp\/v2\/users\/1"}],"replies":[{"embeddable":true,"href":"https:\/\/www.nfunb.org\/fr\/wp-json\/wp\/v2\/comments?post=12109"}],"version-history":[{"count":2,"href":"https:\/\/www.nfunb.org\/fr\/wp-json\/wp\/v2\/posts\/12109\/revisions"}],"predecessor-version":[{"id":12113,"href":"https:\/\/www.nfunb.org\/fr\/wp-json\/wp\/v2\/posts\/12109\/revisions\/12113"}],"wp:attachment":[{"href":"https:\/\/www.nfunb.org\/fr\/wp-json\/wp\/v2\/media?parent=12109"}],"wp:term":[{"taxonomy":"category","embeddable":true,"href":"https:\/\/www.nfunb.org\/fr\/wp-json\/wp\/v2\/categories?post=12109"},{"taxonomy":"post_tag","embeddable":true,"href":"https:\/\/www.nfunb.org\/fr\/wp-json\/wp\/v2\/tags?post=12109"}],"curies":[{"name":"wp","href":"https:\/\/api.w.org\/{rel}","templated":true}]}}