{"id":12118,"date":"2015-04-28T16:28:04","date_gmt":"2015-04-28T20:28:04","guid":{"rendered":"https:\/\/nfunb.org\/wordpress\/?p=12118"},"modified":"2022-01-18T16:28:54","modified_gmt":"2022-01-18T20:28:54","slug":"manifestation-et-petition-la-loi-sur-la-securite-alimentaire-locale","status":"publish","type":"post","link":"https:\/\/www.nfunb.org\/fr\/manifestation-et-petition-la-loi-sur-la-securite-alimentaire-locale\/","title":{"rendered":"Manifestation et p\u00e9tition : la loi sur la s\u00e9curit\u00e9 alimentaire locale"},"content":{"rendered":"<h2>Manifestation \u00e0 l\u2019assembl\u00e9e l\u00e9gislative ce jeudi, 30 avril \u00e0 13h30<\/h2>\n<p>Ce jeudi, 30 avril \u00e0 14h30 le projet de loi sur la s\u00e9curit\u00e9 alimentaire locale passera au vote \u00e0 sa deuxi\u00e8me lecture.<\/p>\n<p><strong>Joignez-nous devant la l\u2019assembl\u00e9e l\u00e9gislative du N.-B. \u00e0 13h30<\/strong>\u00a0pour d\u00e9montrer notre appui pour ce projet de loi.<\/p>\n<p>Apporter une pi\u00e8ce d\u2019identit\u00e9 et lire\u00a0<a href=\"http:\/\/www.gnb.ca\/legis\/education\/visit\/fieldtrip-f.asp\" target=\"_blank\" rel=\"noopener\">Ce que vous devriez savoir<\/a>\u00a0pour pouvoir\u00a0entrer dans l\u2019assembl\u00e9e pour \u00e9couter le d\u00e9bat final et le vote \u00e0 14h30.<\/p>\n<h3><strong>Notre but est de remplir la tribune de l\u2019assembl\u00e9e avec des fermiers, fermi\u00e8res et citoyen(ne)s concern\u00e9(e)s !<\/strong><\/h3>\n<h3>Montrez aux d\u00e9put\u00e9s que la s\u00e9curit\u00e9 alimentaire locale est essentielle pour le futur du Nouveau-Brunswick !<\/h3>\n<p><a href=\"https:\/\/www.change.org\/p\/hon-rick-doucet-minister-of-agriculture-aquaculture-and-fisheries-premier-brian-gallant-support-nb-s-local-food-security-act\"><img loading=\"lazy\" decoding=\"async\" class=\"aligncenter wp-image-958 size-medium\" src=\"http:\/\/nfunb.org\/fr\/wp-content\/uploads\/2015\/04\/Local-Food-image-300x219.png\" alt=\"Local Food image\" width=\"300\" height=\"219\" \/><\/a><\/p>\n<p>&nbsp;<\/p>\n<h2>P\u00e9tition en-ligne<\/h2>\n<p>L\u2019UNF-NB a cr\u00e9\u00e9 une p\u00e9tition en ligne pour montrer notre appui pour le projet de\u00a0<a href=\"http:\/\/www1.gnb.ca\/legis\/bill\/editform-f.asp?ID=1146&amp;legi=58&amp;num=1&amp;page=\" target=\"_blank\" rel=\"noopener\">loi sur la s\u00e9curit\u00e9 alimentaire locale<\/a>\u00a0qui est maintenant devant la l\u00e9gislature.\u00a0 Lors du d\u00e9bat ce jeudi, 30 avril le gouvernement Lib\u00e9ral et le ministre d\u2019agriculture ont parl\u00e9 contre le projet de loi et ont invit\u00e9 leur coll\u00e8gues \u00e0 le defaire.\u00a0 Ce projet de loi passera au\u00a0vote ce jeudi 30, avril.<\/p>\n<h3>S\u2019il vous pla\u00eet prenez\u00a0<strong><a href=\"https:\/\/www.change.org\/p\/hon-rick-doucet-minister-of-agriculture-aquaculture-and-fisheries-premier-brian-gallant-support-nb-s-local-food-security-act?just_created=true\" target=\"_blank\" rel=\"noopener\">2 minutes pour signer la p\u00e9tition<\/a><\/strong>.<\/h3>\n<p>&nbsp;<\/p>\n<p>Si vous avez quelques minutes de plus, SVP\u00a0<strong>\u00e9crivez \u00e0 votre d\u00e9put\u00e9 et\/ou au Ministre de l\u2019agriculture<\/strong>. \u00a0<a href=\"http:\/\/www1.gnb.ca\/legis\/bios\/58\/index-f.asp\" target=\"_blank\" rel=\"noopener\">Les courriels des d\u00e9put\u00e9s peuvent \u00eatre trouv\u00e9s ici<\/a>.<\/p>\n<p>SVP partager la p\u00e9tition avec vos r\u00e9seaux.\u00a0 Nous avons moins de 72 heures !<\/p>\n<div><\/div>\n<h2 class=\"null\"><a href=\"https:\/\/www.change.org\/p\/hon-rick-doucet-minister-of-agriculture-aquaculture-and-fisheries-premier-brian-gallant-support-nb-s-local-food-security-act?just_created=true\" target=\"_blank\" rel=\"noopener\"><strong>SIGNEZ LA P\u00c9TITION<\/strong><\/a><\/h2>\n","protected":false},"excerpt":{"rendered":"<p>Manifestation \u00e0 l\u2019assembl\u00e9e l\u00e9gislative ce jeudi, 30 avril \u00e0 13h30 Ce jeudi, 30 avril \u00e0 14h30 le projet de loi sur la s\u00e9curit\u00e9 alimentaire locale passera au vote \u00e0 sa [&hellip;]<\/p>\n","protected":false},"author":1,"featured_media":0,"comment_status":"closed","ping_status":"open","sticky":false,"template":"","format":"standard","meta":{"footnotes":""},"categories":[137,18],"tags":[],"class_list":["post-12118","post","type-post","status-publish","format-standard","hentry","category-evenements","category-nouvelles"],"yoast_head":"<!-- This site is optimized with the Yoast SEO plugin v26.7 - https:\/\/yoast.com\/wordpress\/plugins\/seo\/ -->\n<title>Manifestation et p\u00e9tition : la loi sur la s\u00e9curit\u00e9 alimentaire locale - National Farmers Union in New Brunswick<\/title>\n<meta name=\"robots\" content=\"index, follow, max-snippet:-1, max-image-preview:large, max-video-preview:-1\" \/>\n<link rel=\"canonical\" href=\"https:\/\/www.nfunb.org\/fr\/manifestation-et-petition-la-loi-sur-la-securite-alimentaire-locale\/\" \/>\n<meta property=\"og:locale\" content=\"fr_FR\" \/>\n<meta property=\"og:type\" content=\"article\" \/>\n<meta property=\"og:title\" content=\"Manifestation et p\u00e9tition : la loi sur la s\u00e9curit\u00e9 alimentaire locale - National Farmers Union in New Brunswick\" \/>\n<meta property=\"og:description\" content=\"Manifestation \u00e0 l\u2019assembl\u00e9e l\u00e9gislative ce jeudi, 30 avril \u00e0 13h30 Ce jeudi, 30 avril \u00e0 14h30 le projet de loi sur la s\u00e9curit\u00e9 alimentaire locale passera au vote \u00e0 sa [&hellip;]\" \/>\n<meta property=\"og:url\" content=\"https:\/\/www.nfunb.org\/fr\/manifestation-et-petition-la-loi-sur-la-securite-alimentaire-locale\/\" \/>\n<meta property=\"og:site_name\" content=\"National Farmers Union in New Brunswick\" \/>\n<meta property=\"article:publisher\" content=\"https:\/\/www.facebook.com\/NFUinNB\" \/>\n<meta property=\"article:published_time\" content=\"2015-04-28T20:28:04+00:00\" \/>\n<meta property=\"article:modified_time\" content=\"2022-01-18T20:28:54+00:00\" \/>\n<meta property=\"og:image\" content=\"http:\/\/nfunb.org\/fr\/wp-content\/uploads\/2015\/04\/Local-Food-image-300x219.png\" \/>\n<meta name=\"author\" content=\"admin\" \/>\n<meta name=\"twitter:card\" content=\"summary_large_image\" \/>\n<meta name=\"twitter:label1\" content=\"\u00c9crit par\" \/>\n\t<meta name=\"twitter:data1\" content=\"admin\" \/>\n\t<meta name=\"twitter:label2\" content=\"Dur\u00e9e de lecture estim\u00e9e\" \/>\n\t<meta name=\"twitter:data2\" content=\"1 minute\" \/>\n<script type=\"application\/ld+json\" class=\"yoast-schema-graph\">{\"@context\":\"https:\/\/schema.org\",\"@graph\":[{\"@type\":\"Article\",\"@id\":\"https:\/\/www.nfunb.org\/fr\/manifestation-et-petition-la-loi-sur-la-securite-alimentaire-locale\/#article\",\"isPartOf\":{\"@id\":\"https:\/\/www.nfunb.org\/fr\/manifestation-et-petition-la-loi-sur-la-securite-alimentaire-locale\/\"},\"author\":{\"name\":\"admin\",\"@id\":\"https:\/\/www.nfunb.org\/fr\/#\/schema\/person\/1350c3bd5aa20e59953cf65dc542243a\"},\"headline\":\"Manifestation et p\u00e9tition : la loi sur la s\u00e9curit\u00e9 alimentaire locale\",\"datePublished\":\"2015-04-28T20:28:04+00:00\",\"dateModified\":\"2022-01-18T20:28:54+00:00\",\"mainEntityOfPage\":{\"@id\":\"https:\/\/www.nfunb.org\/fr\/manifestation-et-petition-la-loi-sur-la-securite-alimentaire-locale\/\"},\"wordCount\":273,\"publisher\":{\"@id\":\"https:\/\/www.nfunb.org\/fr\/#organization\"},\"image\":{\"@id\":\"https:\/\/www.nfunb.org\/fr\/manifestation-et-petition-la-loi-sur-la-securite-alimentaire-locale\/#primaryimage\"},\"thumbnailUrl\":\"http:\/\/nfunb.org\/fr\/wp-content\/uploads\/2015\/04\/Local-Food-image-300x219.png\",\"articleSection\":[\"\u00c9v\u00e8nements\",\"Nouvelles\"],\"inLanguage\":\"fr-FR\"},{\"@type\":\"WebPage\",\"@id\":\"https:\/\/www.nfunb.org\/fr\/manifestation-et-petition-la-loi-sur-la-securite-alimentaire-locale\/\",\"url\":\"https:\/\/www.nfunb.org\/fr\/manifestation-et-petition-la-loi-sur-la-securite-alimentaire-locale\/\",\"name\":\"Manifestation et p\u00e9tition : la loi sur la s\u00e9curit\u00e9 alimentaire locale - National Farmers Union in New Brunswick\",\"isPartOf\":{\"@id\":\"https:\/\/www.nfunb.org\/fr\/#website\"},\"primaryImageOfPage\":{\"@id\":\"https:\/\/www.nfunb.org\/fr\/manifestation-et-petition-la-loi-sur-la-securite-alimentaire-locale\/#primaryimage\"},\"image\":{\"@id\":\"https:\/\/www.nfunb.org\/fr\/manifestation-et-petition-la-loi-sur-la-securite-alimentaire-locale\/#primaryimage\"},\"thumbnailUrl\":\"http:\/\/nfunb.org\/fr\/wp-content\/uploads\/2015\/04\/Local-Food-image-300x219.png\",\"datePublished\":\"2015-04-28T20:28:04+00:00\",\"dateModified\":\"2022-01-18T20:28:54+00:00\",\"breadcrumb\":{\"@id\":\"https:\/\/www.nfunb.org\/fr\/manifestation-et-petition-la-loi-sur-la-securite-alimentaire-locale\/#breadcrumb\"},\"inLanguage\":\"fr-FR\",\"potentialAction\":[{\"@type\":\"ReadAction\",\"target\":[\"https:\/\/www.nfunb.org\/fr\/manifestation-et-petition-la-loi-sur-la-securite-alimentaire-locale\/\"]}]},{\"@type\":\"ImageObject\",\"inLanguage\":\"fr-FR\",\"@id\":\"https:\/\/www.nfunb.org\/fr\/manifestation-et-petition-la-loi-sur-la-securite-alimentaire-locale\/#primaryimage\",\"url\":\"http:\/\/nfunb.org\/fr\/wp-content\/uploads\/2015\/04\/Local-Food-image-300x219.png\",\"contentUrl\":\"http:\/\/nfunb.org\/fr\/wp-content\/uploads\/2015\/04\/Local-Food-image-300x219.png\"},{\"@type\":\"BreadcrumbList\",\"@id\":\"https:\/\/www.nfunb.org\/fr\/manifestation-et-petition-la-loi-sur-la-securite-alimentaire-locale\/#breadcrumb\",\"itemListElement\":[{\"@type\":\"ListItem\",\"position\":1,\"name\":\"Home\",\"item\":\"https:\/\/www.nfunb.org\/fr\/home\/\"},{\"@type\":\"ListItem\",\"position\":2,\"name\":\"Manifestation et p\u00e9tition : la loi sur la s\u00e9curit\u00e9 alimentaire locale\"}]},{\"@type\":\"WebSite\",\"@id\":\"https:\/\/www.nfunb.org\/fr\/#website\",\"url\":\"https:\/\/www.nfunb.org\/fr\/\",\"name\":\"National Farmers Union in New Brunswick\",\"description\":\"Strong Communities. Sound Policies. Sustainable Farms\",\"publisher\":{\"@id\":\"https:\/\/www.nfunb.org\/fr\/#organization\"},\"potentialAction\":[{\"@type\":\"SearchAction\",\"target\":{\"@type\":\"EntryPoint\",\"urlTemplate\":\"https:\/\/www.nfunb.org\/fr\/?s={search_term_string}\"},\"query-input\":{\"@type\":\"PropertyValueSpecification\",\"valueRequired\":true,\"valueName\":\"search_term_string\"}}],\"inLanguage\":\"fr-FR\"},{\"@type\":\"Organization\",\"@id\":\"https:\/\/www.nfunb.org\/fr\/#organization\",\"name\":\"National Farmers Union in New Brunswick\",\"url\":\"https:\/\/www.nfunb.org\/fr\/\",\"logo\":{\"@type\":\"ImageObject\",\"inLanguage\":\"fr-FR\",\"@id\":\"https:\/\/www.nfunb.org\/fr\/#\/schema\/logo\/image\/\",\"url\":\"https:\/\/www.nfunb.org\/wp-content\/uploads\/2022\/01\/NFU_logo_CircleNB.png\",\"contentUrl\":\"https:\/\/www.nfunb.org\/wp-content\/uploads\/2022\/01\/NFU_logo_CircleNB.png\",\"width\":480,\"height\":480,\"caption\":\"National Farmers Union in New Brunswick\"},\"image\":{\"@id\":\"https:\/\/www.nfunb.org\/fr\/#\/schema\/logo\/image\/\"},\"sameAs\":[\"https:\/\/www.facebook.com\/NFUinNB\",\"https:\/\/www.instagram.com\/nfu.unf.nb\/\"]},{\"@type\":\"Person\",\"@id\":\"https:\/\/www.nfunb.org\/fr\/#\/schema\/person\/1350c3bd5aa20e59953cf65dc542243a\",\"name\":\"admin\",\"image\":{\"@type\":\"ImageObject\",\"inLanguage\":\"fr-FR\",\"@id\":\"https:\/\/www.nfunb.org\/fr\/#\/schema\/person\/image\/\",\"url\":\"https:\/\/secure.gravatar.com\/avatar\/26808d8fbe6a93b27a5be6fcee340112d06dadfad75e4e9c8533678c2951edde?s=96&d=mm&r=g\",\"contentUrl\":\"https:\/\/secure.gravatar.com\/avatar\/26808d8fbe6a93b27a5be6fcee340112d06dadfad75e4e9c8533678c2951edde?s=96&d=mm&r=g\",\"caption\":\"admin\"},\"sameAs\":[\"https:\/\/nfunb.org\/wordpress\/\"],\"url\":\"https:\/\/www.nfunb.org\/fr\/author\/admin\/\"}]}<\/script>\n<!-- \/ Yoast SEO plugin. -->","yoast_head_json":{"title":"Manifestation et p\u00e9tition : la loi sur la s\u00e9curit\u00e9 alimentaire locale - National Farmers Union in New Brunswick","robots":{"index":"index","follow":"follow","max-snippet":"max-snippet:-1","max-image-preview":"max-image-preview:large","max-video-preview":"max-video-preview:-1"},"canonical":"https:\/\/www.nfunb.org\/fr\/manifestation-et-petition-la-loi-sur-la-securite-alimentaire-locale\/","og_locale":"fr_FR","og_type":"article","og_title":"Manifestation et p\u00e9tition : la loi sur la s\u00e9curit\u00e9 alimentaire locale - National Farmers Union in New Brunswick","og_description":"Manifestation \u00e0 l\u2019assembl\u00e9e l\u00e9gislative ce jeudi, 30 avril \u00e0 13h30 Ce jeudi, 30 avril \u00e0 14h30 le projet de loi sur la s\u00e9curit\u00e9 alimentaire locale passera au vote \u00e0 sa [&hellip;]","og_url":"https:\/\/www.nfunb.org\/fr\/manifestation-et-petition-la-loi-sur-la-securite-alimentaire-locale\/","og_site_name":"National Farmers Union in New Brunswick","article_publisher":"https:\/\/www.facebook.com\/NFUinNB","article_published_time":"2015-04-28T20:28:04+00:00","article_modified_time":"2022-01-18T20:28:54+00:00","og_image":[{"url":"http:\/\/nfunb.org\/fr\/wp-content\/uploads\/2015\/04\/Local-Food-image-300x219.png","type":"","width":"","height":""}],"author":"admin","twitter_card":"summary_large_image","twitter_misc":{"\u00c9crit par":"admin","Dur\u00e9e de lecture estim\u00e9e":"1 minute"},"schema":{"@context":"https:\/\/schema.org","@graph":[{"@type":"Article","@id":"https:\/\/www.nfunb.org\/fr\/manifestation-et-petition-la-loi-sur-la-securite-alimentaire-locale\/#article","isPartOf":{"@id":"https:\/\/www.nfunb.org\/fr\/manifestation-et-petition-la-loi-sur-la-securite-alimentaire-locale\/"},"author":{"name":"admin","@id":"https:\/\/www.nfunb.org\/fr\/#\/schema\/person\/1350c3bd5aa20e59953cf65dc542243a"},"headline":"Manifestation et p\u00e9tition : la loi sur la s\u00e9curit\u00e9 alimentaire locale","datePublished":"2015-04-28T20:28:04+00:00","dateModified":"2022-01-18T20:28:54+00:00","mainEntityOfPage":{"@id":"https:\/\/www.nfunb.org\/fr\/manifestation-et-petition-la-loi-sur-la-securite-alimentaire-locale\/"},"wordCount":273,"publisher":{"@id":"https:\/\/www.nfunb.org\/fr\/#organization"},"image":{"@id":"https:\/\/www.nfunb.org\/fr\/manifestation-et-petition-la-loi-sur-la-securite-alimentaire-locale\/#primaryimage"},"thumbnailUrl":"http:\/\/nfunb.org\/fr\/wp-content\/uploads\/2015\/04\/Local-Food-image-300x219.png","articleSection":["\u00c9v\u00e8nements","Nouvelles"],"inLanguage":"fr-FR"},{"@type":"WebPage","@id":"https:\/\/www.nfunb.org\/fr\/manifestation-et-petition-la-loi-sur-la-securite-alimentaire-locale\/","url":"https:\/\/www.nfunb.org\/fr\/manifestation-et-petition-la-loi-sur-la-securite-alimentaire-locale\/","name":"Manifestation et p\u00e9tition : la loi sur la s\u00e9curit\u00e9 alimentaire locale - National Farmers Union in New Brunswick","isPartOf":{"@id":"https:\/\/www.nfunb.org\/fr\/#website"},"primaryImageOfPage":{"@id":"https:\/\/www.nfunb.org\/fr\/manifestation-et-petition-la-loi-sur-la-securite-alimentaire-locale\/#primaryimage"},"image":{"@id":"https:\/\/www.nfunb.org\/fr\/manifestation-et-petition-la-loi-sur-la-securite-alimentaire-locale\/#primaryimage"},"thumbnailUrl":"http:\/\/nfunb.org\/fr\/wp-content\/uploads\/2015\/04\/Local-Food-image-300x219.png","datePublished":"2015-04-28T20:28:04+00:00","dateModified":"2022-01-18T20:28:54+00:00","breadcrumb":{"@id":"https:\/\/www.nfunb.org\/fr\/manifestation-et-petition-la-loi-sur-la-securite-alimentaire-locale\/#breadcrumb"},"inLanguage":"fr-FR","potentialAction":[{"@type":"ReadAction","target":["https:\/\/www.nfunb.org\/fr\/manifestation-et-petition-la-loi-sur-la-securite-alimentaire-locale\/"]}]},{"@type":"ImageObject","inLanguage":"fr-FR","@id":"https:\/\/www.nfunb.org\/fr\/manifestation-et-petition-la-loi-sur-la-securite-alimentaire-locale\/#primaryimage","url":"http:\/\/nfunb.org\/fr\/wp-content\/uploads\/2015\/04\/Local-Food-image-300x219.png","contentUrl":"http:\/\/nfunb.org\/fr\/wp-content\/uploads\/2015\/04\/Local-Food-image-300x219.png"},{"@type":"BreadcrumbList","@id":"https:\/\/www.nfunb.org\/fr\/manifestation-et-petition-la-loi-sur-la-securite-alimentaire-locale\/#breadcrumb","itemListElement":[{"@type":"ListItem","position":1,"name":"Home","item":"https:\/\/www.nfunb.org\/fr\/home\/"},{"@type":"ListItem","position":2,"name":"Manifestation et p\u00e9tition : la loi sur la s\u00e9curit\u00e9 alimentaire locale"}]},{"@type":"WebSite","@id":"https:\/\/www.nfunb.org\/fr\/#website","url":"https:\/\/www.nfunb.org\/fr\/","name":"National Farmers Union in New Brunswick","description":"Strong Communities. Sound Policies. Sustainable Farms","publisher":{"@id":"https:\/\/www.nfunb.org\/fr\/#organization"},"potentialAction":[{"@type":"SearchAction","target":{"@type":"EntryPoint","urlTemplate":"https:\/\/www.nfunb.org\/fr\/?s={search_term_string}"},"query-input":{"@type":"PropertyValueSpecification","valueRequired":true,"valueName":"search_term_string"}}],"inLanguage":"fr-FR"},{"@type":"Organization","@id":"https:\/\/www.nfunb.org\/fr\/#organization","name":"National Farmers Union in New Brunswick","url":"https:\/\/www.nfunb.org\/fr\/","logo":{"@type":"ImageObject","inLanguage":"fr-FR","@id":"https:\/\/www.nfunb.org\/fr\/#\/schema\/logo\/image\/","url":"https:\/\/www.nfunb.org\/wp-content\/uploads\/2022\/01\/NFU_logo_CircleNB.png","contentUrl":"https:\/\/www.nfunb.org\/wp-content\/uploads\/2022\/01\/NFU_logo_CircleNB.png","width":480,"height":480,"caption":"National Farmers Union in New Brunswick"},"image":{"@id":"https:\/\/www.nfunb.org\/fr\/#\/schema\/logo\/image\/"},"sameAs":["https:\/\/www.facebook.com\/NFUinNB","https:\/\/www.instagram.com\/nfu.unf.nb\/"]},{"@type":"Person","@id":"https:\/\/www.nfunb.org\/fr\/#\/schema\/person\/1350c3bd5aa20e59953cf65dc542243a","name":"admin","image":{"@type":"ImageObject","inLanguage":"fr-FR","@id":"https:\/\/www.nfunb.org\/fr\/#\/schema\/person\/image\/","url":"https:\/\/secure.gravatar.com\/avatar\/26808d8fbe6a93b27a5be6fcee340112d06dadfad75e4e9c8533678c2951edde?s=96&d=mm&r=g","contentUrl":"https:\/\/secure.gravatar.com\/avatar\/26808d8fbe6a93b27a5be6fcee340112d06dadfad75e4e9c8533678c2951edde?s=96&d=mm&r=g","caption":"admin"},"sameAs":["https:\/\/nfunb.org\/wordpress\/"],"url":"https:\/\/www.nfunb.org\/fr\/author\/admin\/"}]}},"_links":{"self":[{"href":"https:\/\/www.nfunb.org\/fr\/wp-json\/wp\/v2\/posts\/12118","targetHints":{"allow":["GET"]}}],"collection":[{"href":"https:\/\/www.nfunb.org\/fr\/wp-json\/wp\/v2\/posts"}],"about":[{"href":"https:\/\/www.nfunb.org\/fr\/wp-json\/wp\/v2\/types\/post"}],"author":[{"embeddable":true,"href":"https:\/\/www.nfunb.org\/fr\/wp-json\/wp\/v2\/users\/1"}],"replies":[{"embeddable":true,"href":"https:\/\/www.nfunb.org\/fr\/wp-json\/wp\/v2\/comments?post=12118"}],"version-history":[{"count":1,"href":"https:\/\/www.nfunb.org\/fr\/wp-json\/wp\/v2\/posts\/12118\/revisions"}],"predecessor-version":[{"id":12119,"href":"https:\/\/www.nfunb.org\/fr\/wp-json\/wp\/v2\/posts\/12118\/revisions\/12119"}],"wp:attachment":[{"href":"https:\/\/www.nfunb.org\/fr\/wp-json\/wp\/v2\/media?parent=12118"}],"wp:term":[{"taxonomy":"category","embeddable":true,"href":"https:\/\/www.nfunb.org\/fr\/wp-json\/wp\/v2\/categories?post=12118"},{"taxonomy":"post_tag","embeddable":true,"href":"https:\/\/www.nfunb.org\/fr\/wp-json\/wp\/v2\/tags?post=12118"}],"curies":[{"name":"wp","href":"https:\/\/api.w.org\/{rel}","templated":true}]}}