{"id":12171,"date":"2014-11-06T16:58:24","date_gmt":"2014-11-06T20:58:24","guid":{"rendered":"https:\/\/nfunb.org\/wordpress\/?p=12171"},"modified":"2022-01-18T17:00:42","modified_gmt":"2022-01-18T21:00:42","slug":"lunf-a-une-nouvelle-directrice-generale","status":"publish","type":"post","link":"https:\/\/www.nfunb.org\/fr\/lunf-a-une-nouvelle-directrice-generale\/","title":{"rendered":"L\u2019UNF a une nouvelle Directrice g\u00e9n\u00e9rale"},"content":{"rendered":"<p>L\u2019Union nationale des fermiers au Nouveau-Brunswick est heureuse d\u2019annoncer la nomination d\u2019<strong>Amanda Wildeman<\/strong>\u00a0en tant que\u00a0<strong>Directrice g\u00e9n\u00e9rale<\/strong>, \u00e0 compter du 8 octobre.<\/p>\n<p>Amanda a grandit en Alberta et elle demeure au Nouveau-Brunswick depuis presque 10 ans. \u00a0Elle a \u00e9tudi\u00e9 \u00e0 l\u2019Universit\u00e9 St. Thomas avant de\u00a0poursuivre une Maitrise en Ressources naturelles et la paix. \u00a0Amanda a aussi travaill\u00e9 pour plusieurs fermiers au Nouveau-Brunswick. \u00a0Elle apporte beaucoup d\u2019\u00e9nergie et d\u2019enthousiasme \u00e0 sont nouveau poste de Directrice g\u00e9n\u00e9rale d\u2019une des deux associations agricoles provinciales.\u00a0<img loading=\"lazy\" decoding=\"async\" class=\"alignright size-full wp-image-12172\" src=\"https:\/\/nfunb.org\/wordpress\/wp-content\/uploads\/2022\/01\/AWildeman-NFUNB-300x200-1.jpg\" alt=\"\" width=\"300\" height=\"200\" \/><\/p>\n<p>\u201cJe suis ravie de commencer ce nouveau poste. L\u2019Union nationale des fermiers travail fort pour les fermiers au Nouveau-Brunswick et partout au Canada depuis des ann\u00e9es. \u00a0<strong>Les fermiers sont la base de la s\u00e9curit\u00e9 alimentaire r\u00e9gionale et quand les moyens d\u2019existence des fermiers sont mises en danger \u00e0 cause des politiques et des programmes qui ne leurent b\u00e9neficient pas, nous sommes tous en danger.\u201d<\/strong><\/p>\n<p>Amanda est passionn\u00e9e par la souverainet\u00e9 alimentaire et la creation d\u2019un syst\u00e8me alimentaire \u00e9quitable. \u00a0Elle est tr\u00e8s int\u00e9ress\u00e9e \u00e0 entamer son r\u00f4le pour am\u00e9liorer le succ\u00e8s et la vitalit\u00e9 des fermiers de la province, ainsi que pour le d\u00e9veloppement de politiques agricoles progressives.<\/p>\n<p>L\u2019Union nationale des fermiers (UNF) repr\u00e9sente les familles fermi\u00e8res produisant toutes les denr\u00e9es \u00e0 travers le Canada depuis plus de quarante ans. \u00a0Les familles membres de l\u2019UNF croient que la ferme familiale est la m\u00e9thode de production agricole la plus efficace et la plus appropri\u00e9e. \u00a0Ses membres travaillent ensemble pour obtenir des politiques agricoles qui assurent la dignit\u00e9 et la s\u00e9curit\u00e9 du revenu pour les familles fermi\u00e8res, tout en am\u00e9liorant la terre pour les g\u00e9n\u00e9rations futures. \u00a0L\u2019UNFNB appuie les achats locaux et elle travaille avec le gouvernement et autres organismes \u00e0 but non lucratif, tel le\u00a0<a href=\"http:\/\/www.conservationcouncil.ca\/\">Conseil de la conservation du Nouveau-Brunswick,<\/a>\u00a0sur\u00a0<a href=\"http:\/\/www.buylocalnb.ca\/\">la campagne Manger Local<\/a>\u00a0afin d\u2019aider les fermiers et les consommateurs de connecter plus directement.<\/p>\n<p>L\u2019un des objectifs d\u2019Amanda est d\u2019augmenter le nombre de membres de l\u2019UNFNB. \u00a0Restez \u00e0 l\u2019\u00e9coute pour des \u00e9v\u00e9nements et des visites dans votre r\u00e9gion durant les prochains mois.\u00a0<strong>Communiquez avec elle si vous avez des questions \u00e0 propos de l\u2019organisation. Invitez-la \u00e0 participer \u00e0 un \u00e9v\u00e9nement dans votre communaut\u00e9 en composant le (506) 260-0087 ou bien par courriel au info@nfunb.org.<\/strong><\/p>\n<p>T\u00e9l\u00e9chargez le PDF: <a href=\"https:\/\/nfunb.org\/wordpress\/wp-content\/uploads\/2022\/01\/Media-Release-NFU-new-ED-EN.FR_.pdf\">Media-Release-NFU-new-ED-EN.FR_<\/a><\/p>\n","protected":false},"excerpt":{"rendered":"<p>L\u2019Union nationale des fermiers au Nouveau-Brunswick est heureuse d\u2019annoncer la nomination d\u2019Amanda Wildeman\u00a0en tant que\u00a0Directrice g\u00e9n\u00e9rale, \u00e0 compter du 8 octobre. Amanda a grandit en Alberta et elle demeure au [&hellip;]<\/p>\n","protected":false},"author":1,"featured_media":0,"comment_status":"closed","ping_status":"open","sticky":false,"template":"","format":"standard","meta":{"footnotes":""},"categories":[135,18],"tags":[],"class_list":["post-12171","post","type-post","status-publish","format-standard","hentry","category-communiques-de-presse","category-nouvelles"],"yoast_head":"<!-- This site is optimized with the Yoast SEO plugin v26.7 - https:\/\/yoast.com\/wordpress\/plugins\/seo\/ -->\n<title>L\u2019UNF a une nouvelle Directrice g\u00e9n\u00e9rale - National Farmers Union in New Brunswick<\/title>\n<meta name=\"robots\" content=\"index, follow, max-snippet:-1, max-image-preview:large, max-video-preview:-1\" \/>\n<link rel=\"canonical\" href=\"https:\/\/www.nfunb.org\/fr\/lunf-a-une-nouvelle-directrice-generale\/\" \/>\n<meta property=\"og:locale\" content=\"fr_FR\" \/>\n<meta property=\"og:type\" content=\"article\" \/>\n<meta property=\"og:title\" content=\"L\u2019UNF a une nouvelle Directrice g\u00e9n\u00e9rale - National Farmers Union in New Brunswick\" \/>\n<meta property=\"og:description\" content=\"L\u2019Union nationale des fermiers au Nouveau-Brunswick est heureuse d\u2019annoncer la nomination d\u2019Amanda Wildeman\u00a0en tant que\u00a0Directrice g\u00e9n\u00e9rale, \u00e0 compter du 8 octobre. Amanda a grandit en Alberta et elle demeure au [&hellip;]\" \/>\n<meta property=\"og:url\" content=\"https:\/\/www.nfunb.org\/fr\/lunf-a-une-nouvelle-directrice-generale\/\" \/>\n<meta property=\"og:site_name\" content=\"National Farmers Union in New Brunswick\" \/>\n<meta property=\"article:publisher\" content=\"https:\/\/www.facebook.com\/NFUinNB\" \/>\n<meta property=\"article:published_time\" content=\"2014-11-06T20:58:24+00:00\" \/>\n<meta property=\"article:modified_time\" content=\"2022-01-18T21:00:42+00:00\" \/>\n<meta property=\"og:image\" content=\"https:\/\/nfunb.org\/wordpress\/wp-content\/uploads\/2022\/01\/AWildeman-NFUNB-300x200-1.jpg\" \/>\n<meta name=\"author\" content=\"admin\" \/>\n<meta name=\"twitter:card\" content=\"summary_large_image\" \/>\n<meta name=\"twitter:label1\" content=\"\u00c9crit par\" \/>\n\t<meta name=\"twitter:data1\" content=\"admin\" \/>\n\t<meta name=\"twitter:label2\" content=\"Dur\u00e9e de lecture estim\u00e9e\" \/>\n\t<meta name=\"twitter:data2\" content=\"2 minutes\" \/>\n<script type=\"application\/ld+json\" class=\"yoast-schema-graph\">{\"@context\":\"https:\/\/schema.org\",\"@graph\":[{\"@type\":\"Article\",\"@id\":\"https:\/\/www.nfunb.org\/fr\/lunf-a-une-nouvelle-directrice-generale\/#article\",\"isPartOf\":{\"@id\":\"https:\/\/www.nfunb.org\/fr\/lunf-a-une-nouvelle-directrice-generale\/\"},\"author\":{\"name\":\"admin\",\"@id\":\"https:\/\/www.nfunb.org\/fr\/#\/schema\/person\/1350c3bd5aa20e59953cf65dc542243a\"},\"headline\":\"L\u2019UNF a une nouvelle Directrice g\u00e9n\u00e9rale\",\"datePublished\":\"2014-11-06T20:58:24+00:00\",\"dateModified\":\"2022-01-18T21:00:42+00:00\",\"mainEntityOfPage\":{\"@id\":\"https:\/\/www.nfunb.org\/fr\/lunf-a-une-nouvelle-directrice-generale\/\"},\"wordCount\":422,\"publisher\":{\"@id\":\"https:\/\/www.nfunb.org\/fr\/#organization\"},\"image\":{\"@id\":\"https:\/\/www.nfunb.org\/fr\/lunf-a-une-nouvelle-directrice-generale\/#primaryimage\"},\"thumbnailUrl\":\"https:\/\/nfunb.org\/wordpress\/wp-content\/uploads\/2022\/01\/AWildeman-NFUNB-300x200-1.jpg\",\"articleSection\":[\"Communiqu\u00e9s de presse\",\"Nouvelles\"],\"inLanguage\":\"fr-FR\"},{\"@type\":\"WebPage\",\"@id\":\"https:\/\/www.nfunb.org\/fr\/lunf-a-une-nouvelle-directrice-generale\/\",\"url\":\"https:\/\/www.nfunb.org\/fr\/lunf-a-une-nouvelle-directrice-generale\/\",\"name\":\"L\u2019UNF a une nouvelle Directrice g\u00e9n\u00e9rale - National Farmers Union in New Brunswick\",\"isPartOf\":{\"@id\":\"https:\/\/www.nfunb.org\/fr\/#website\"},\"primaryImageOfPage\":{\"@id\":\"https:\/\/www.nfunb.org\/fr\/lunf-a-une-nouvelle-directrice-generale\/#primaryimage\"},\"image\":{\"@id\":\"https:\/\/www.nfunb.org\/fr\/lunf-a-une-nouvelle-directrice-generale\/#primaryimage\"},\"thumbnailUrl\":\"https:\/\/nfunb.org\/wordpress\/wp-content\/uploads\/2022\/01\/AWildeman-NFUNB-300x200-1.jpg\",\"datePublished\":\"2014-11-06T20:58:24+00:00\",\"dateModified\":\"2022-01-18T21:00:42+00:00\",\"breadcrumb\":{\"@id\":\"https:\/\/www.nfunb.org\/fr\/lunf-a-une-nouvelle-directrice-generale\/#breadcrumb\"},\"inLanguage\":\"fr-FR\",\"potentialAction\":[{\"@type\":\"ReadAction\",\"target\":[\"https:\/\/www.nfunb.org\/fr\/lunf-a-une-nouvelle-directrice-generale\/\"]}]},{\"@type\":\"ImageObject\",\"inLanguage\":\"fr-FR\",\"@id\":\"https:\/\/www.nfunb.org\/fr\/lunf-a-une-nouvelle-directrice-generale\/#primaryimage\",\"url\":\"https:\/\/nfunb.org\/wordpress\/wp-content\/uploads\/2022\/01\/AWildeman-NFUNB-300x200-1.jpg\",\"contentUrl\":\"https:\/\/nfunb.org\/wordpress\/wp-content\/uploads\/2022\/01\/AWildeman-NFUNB-300x200-1.jpg\"},{\"@type\":\"BreadcrumbList\",\"@id\":\"https:\/\/www.nfunb.org\/fr\/lunf-a-une-nouvelle-directrice-generale\/#breadcrumb\",\"itemListElement\":[{\"@type\":\"ListItem\",\"position\":1,\"name\":\"Home\",\"item\":\"https:\/\/www.nfunb.org\/fr\/home\/\"},{\"@type\":\"ListItem\",\"position\":2,\"name\":\"L\u2019UNF a une nouvelle Directrice g\u00e9n\u00e9rale\"}]},{\"@type\":\"WebSite\",\"@id\":\"https:\/\/www.nfunb.org\/fr\/#website\",\"url\":\"https:\/\/www.nfunb.org\/fr\/\",\"name\":\"National Farmers Union in New Brunswick\",\"description\":\"Strong Communities. Sound Policies. Sustainable Farms\",\"publisher\":{\"@id\":\"https:\/\/www.nfunb.org\/fr\/#organization\"},\"potentialAction\":[{\"@type\":\"SearchAction\",\"target\":{\"@type\":\"EntryPoint\",\"urlTemplate\":\"https:\/\/www.nfunb.org\/fr\/?s={search_term_string}\"},\"query-input\":{\"@type\":\"PropertyValueSpecification\",\"valueRequired\":true,\"valueName\":\"search_term_string\"}}],\"inLanguage\":\"fr-FR\"},{\"@type\":\"Organization\",\"@id\":\"https:\/\/www.nfunb.org\/fr\/#organization\",\"name\":\"National Farmers Union in New Brunswick\",\"url\":\"https:\/\/www.nfunb.org\/fr\/\",\"logo\":{\"@type\":\"ImageObject\",\"inLanguage\":\"fr-FR\",\"@id\":\"https:\/\/www.nfunb.org\/fr\/#\/schema\/logo\/image\/\",\"url\":\"https:\/\/www.nfunb.org\/wp-content\/uploads\/2022\/01\/NFU_logo_CircleNB.png\",\"contentUrl\":\"https:\/\/www.nfunb.org\/wp-content\/uploads\/2022\/01\/NFU_logo_CircleNB.png\",\"width\":480,\"height\":480,\"caption\":\"National Farmers Union in New Brunswick\"},\"image\":{\"@id\":\"https:\/\/www.nfunb.org\/fr\/#\/schema\/logo\/image\/\"},\"sameAs\":[\"https:\/\/www.facebook.com\/NFUinNB\",\"https:\/\/www.instagram.com\/nfu.unf.nb\/\"]},{\"@type\":\"Person\",\"@id\":\"https:\/\/www.nfunb.org\/fr\/#\/schema\/person\/1350c3bd5aa20e59953cf65dc542243a\",\"name\":\"admin\",\"image\":{\"@type\":\"ImageObject\",\"inLanguage\":\"fr-FR\",\"@id\":\"https:\/\/www.nfunb.org\/fr\/#\/schema\/person\/image\/\",\"url\":\"https:\/\/secure.gravatar.com\/avatar\/26808d8fbe6a93b27a5be6fcee340112d06dadfad75e4e9c8533678c2951edde?s=96&d=mm&r=g\",\"contentUrl\":\"https:\/\/secure.gravatar.com\/avatar\/26808d8fbe6a93b27a5be6fcee340112d06dadfad75e4e9c8533678c2951edde?s=96&d=mm&r=g\",\"caption\":\"admin\"},\"sameAs\":[\"https:\/\/nfunb.org\/wordpress\/\"],\"url\":\"https:\/\/www.nfunb.org\/fr\/author\/admin\/\"}]}<\/script>\n<!-- \/ Yoast SEO plugin. -->","yoast_head_json":{"title":"L\u2019UNF a une nouvelle Directrice g\u00e9n\u00e9rale - National Farmers Union in New Brunswick","robots":{"index":"index","follow":"follow","max-snippet":"max-snippet:-1","max-image-preview":"max-image-preview:large","max-video-preview":"max-video-preview:-1"},"canonical":"https:\/\/www.nfunb.org\/fr\/lunf-a-une-nouvelle-directrice-generale\/","og_locale":"fr_FR","og_type":"article","og_title":"L\u2019UNF a une nouvelle Directrice g\u00e9n\u00e9rale - National Farmers Union in New Brunswick","og_description":"L\u2019Union nationale des fermiers au Nouveau-Brunswick est heureuse d\u2019annoncer la nomination d\u2019Amanda Wildeman\u00a0en tant que\u00a0Directrice g\u00e9n\u00e9rale, \u00e0 compter du 8 octobre. Amanda a grandit en Alberta et elle demeure au [&hellip;]","og_url":"https:\/\/www.nfunb.org\/fr\/lunf-a-une-nouvelle-directrice-generale\/","og_site_name":"National Farmers Union in New Brunswick","article_publisher":"https:\/\/www.facebook.com\/NFUinNB","article_published_time":"2014-11-06T20:58:24+00:00","article_modified_time":"2022-01-18T21:00:42+00:00","og_image":[{"url":"https:\/\/nfunb.org\/wordpress\/wp-content\/uploads\/2022\/01\/AWildeman-NFUNB-300x200-1.jpg","type":"","width":"","height":""}],"author":"admin","twitter_card":"summary_large_image","twitter_misc":{"\u00c9crit par":"admin","Dur\u00e9e de lecture estim\u00e9e":"2 minutes"},"schema":{"@context":"https:\/\/schema.org","@graph":[{"@type":"Article","@id":"https:\/\/www.nfunb.org\/fr\/lunf-a-une-nouvelle-directrice-generale\/#article","isPartOf":{"@id":"https:\/\/www.nfunb.org\/fr\/lunf-a-une-nouvelle-directrice-generale\/"},"author":{"name":"admin","@id":"https:\/\/www.nfunb.org\/fr\/#\/schema\/person\/1350c3bd5aa20e59953cf65dc542243a"},"headline":"L\u2019UNF a une nouvelle Directrice g\u00e9n\u00e9rale","datePublished":"2014-11-06T20:58:24+00:00","dateModified":"2022-01-18T21:00:42+00:00","mainEntityOfPage":{"@id":"https:\/\/www.nfunb.org\/fr\/lunf-a-une-nouvelle-directrice-generale\/"},"wordCount":422,"publisher":{"@id":"https:\/\/www.nfunb.org\/fr\/#organization"},"image":{"@id":"https:\/\/www.nfunb.org\/fr\/lunf-a-une-nouvelle-directrice-generale\/#primaryimage"},"thumbnailUrl":"https:\/\/nfunb.org\/wordpress\/wp-content\/uploads\/2022\/01\/AWildeman-NFUNB-300x200-1.jpg","articleSection":["Communiqu\u00e9s de presse","Nouvelles"],"inLanguage":"fr-FR"},{"@type":"WebPage","@id":"https:\/\/www.nfunb.org\/fr\/lunf-a-une-nouvelle-directrice-generale\/","url":"https:\/\/www.nfunb.org\/fr\/lunf-a-une-nouvelle-directrice-generale\/","name":"L\u2019UNF a une nouvelle Directrice g\u00e9n\u00e9rale - National Farmers Union in New Brunswick","isPartOf":{"@id":"https:\/\/www.nfunb.org\/fr\/#website"},"primaryImageOfPage":{"@id":"https:\/\/www.nfunb.org\/fr\/lunf-a-une-nouvelle-directrice-generale\/#primaryimage"},"image":{"@id":"https:\/\/www.nfunb.org\/fr\/lunf-a-une-nouvelle-directrice-generale\/#primaryimage"},"thumbnailUrl":"https:\/\/nfunb.org\/wordpress\/wp-content\/uploads\/2022\/01\/AWildeman-NFUNB-300x200-1.jpg","datePublished":"2014-11-06T20:58:24+00:00","dateModified":"2022-01-18T21:00:42+00:00","breadcrumb":{"@id":"https:\/\/www.nfunb.org\/fr\/lunf-a-une-nouvelle-directrice-generale\/#breadcrumb"},"inLanguage":"fr-FR","potentialAction":[{"@type":"ReadAction","target":["https:\/\/www.nfunb.org\/fr\/lunf-a-une-nouvelle-directrice-generale\/"]}]},{"@type":"ImageObject","inLanguage":"fr-FR","@id":"https:\/\/www.nfunb.org\/fr\/lunf-a-une-nouvelle-directrice-generale\/#primaryimage","url":"https:\/\/nfunb.org\/wordpress\/wp-content\/uploads\/2022\/01\/AWildeman-NFUNB-300x200-1.jpg","contentUrl":"https:\/\/nfunb.org\/wordpress\/wp-content\/uploads\/2022\/01\/AWildeman-NFUNB-300x200-1.jpg"},{"@type":"BreadcrumbList","@id":"https:\/\/www.nfunb.org\/fr\/lunf-a-une-nouvelle-directrice-generale\/#breadcrumb","itemListElement":[{"@type":"ListItem","position":1,"name":"Home","item":"https:\/\/www.nfunb.org\/fr\/home\/"},{"@type":"ListItem","position":2,"name":"L\u2019UNF a une nouvelle Directrice g\u00e9n\u00e9rale"}]},{"@type":"WebSite","@id":"https:\/\/www.nfunb.org\/fr\/#website","url":"https:\/\/www.nfunb.org\/fr\/","name":"National Farmers Union in New Brunswick","description":"Strong Communities. Sound Policies. Sustainable Farms","publisher":{"@id":"https:\/\/www.nfunb.org\/fr\/#organization"},"potentialAction":[{"@type":"SearchAction","target":{"@type":"EntryPoint","urlTemplate":"https:\/\/www.nfunb.org\/fr\/?s={search_term_string}"},"query-input":{"@type":"PropertyValueSpecification","valueRequired":true,"valueName":"search_term_string"}}],"inLanguage":"fr-FR"},{"@type":"Organization","@id":"https:\/\/www.nfunb.org\/fr\/#organization","name":"National Farmers Union in New Brunswick","url":"https:\/\/www.nfunb.org\/fr\/","logo":{"@type":"ImageObject","inLanguage":"fr-FR","@id":"https:\/\/www.nfunb.org\/fr\/#\/schema\/logo\/image\/","url":"https:\/\/www.nfunb.org\/wp-content\/uploads\/2022\/01\/NFU_logo_CircleNB.png","contentUrl":"https:\/\/www.nfunb.org\/wp-content\/uploads\/2022\/01\/NFU_logo_CircleNB.png","width":480,"height":480,"caption":"National Farmers Union in New Brunswick"},"image":{"@id":"https:\/\/www.nfunb.org\/fr\/#\/schema\/logo\/image\/"},"sameAs":["https:\/\/www.facebook.com\/NFUinNB","https:\/\/www.instagram.com\/nfu.unf.nb\/"]},{"@type":"Person","@id":"https:\/\/www.nfunb.org\/fr\/#\/schema\/person\/1350c3bd5aa20e59953cf65dc542243a","name":"admin","image":{"@type":"ImageObject","inLanguage":"fr-FR","@id":"https:\/\/www.nfunb.org\/fr\/#\/schema\/person\/image\/","url":"https:\/\/secure.gravatar.com\/avatar\/26808d8fbe6a93b27a5be6fcee340112d06dadfad75e4e9c8533678c2951edde?s=96&d=mm&r=g","contentUrl":"https:\/\/secure.gravatar.com\/avatar\/26808d8fbe6a93b27a5be6fcee340112d06dadfad75e4e9c8533678c2951edde?s=96&d=mm&r=g","caption":"admin"},"sameAs":["https:\/\/nfunb.org\/wordpress\/"],"url":"https:\/\/www.nfunb.org\/fr\/author\/admin\/"}]}},"_links":{"self":[{"href":"https:\/\/www.nfunb.org\/fr\/wp-json\/wp\/v2\/posts\/12171","targetHints":{"allow":["GET"]}}],"collection":[{"href":"https:\/\/www.nfunb.org\/fr\/wp-json\/wp\/v2\/posts"}],"about":[{"href":"https:\/\/www.nfunb.org\/fr\/wp-json\/wp\/v2\/types\/post"}],"author":[{"embeddable":true,"href":"https:\/\/www.nfunb.org\/fr\/wp-json\/wp\/v2\/users\/1"}],"replies":[{"embeddable":true,"href":"https:\/\/www.nfunb.org\/fr\/wp-json\/wp\/v2\/comments?post=12171"}],"version-history":[{"count":1,"href":"https:\/\/www.nfunb.org\/fr\/wp-json\/wp\/v2\/posts\/12171\/revisions"}],"predecessor-version":[{"id":12176,"href":"https:\/\/www.nfunb.org\/fr\/wp-json\/wp\/v2\/posts\/12171\/revisions\/12176"}],"wp:attachment":[{"href":"https:\/\/www.nfunb.org\/fr\/wp-json\/wp\/v2\/media?parent=12171"}],"wp:term":[{"taxonomy":"category","embeddable":true,"href":"https:\/\/www.nfunb.org\/fr\/wp-json\/wp\/v2\/categories?post=12171"},{"taxonomy":"post_tag","embeddable":true,"href":"https:\/\/www.nfunb.org\/fr\/wp-json\/wp\/v2\/tags?post=12171"}],"curies":[{"name":"wp","href":"https:\/\/api.w.org\/{rel}","templated":true}]}}