{"id":12177,"date":"2014-11-06T09:04:36","date_gmt":"2014-11-06T13:04:36","guid":{"rendered":"https:\/\/nfunb.org\/wordpress\/?p=12177"},"modified":"2022-01-19T09:06:36","modified_gmt":"2022-01-19T13:06:36","slug":"deux-membres-du-conseil-dadministration-de-lunf-au-nb-reconnues-comme-jeune-leaders","status":"publish","type":"post","link":"https:\/\/www.nfunb.org\/fr\/deux-membres-du-conseil-dadministration-de-lunf-au-nb-reconnues-comme-jeune-leaders\/","title":{"rendered":"Deux membres du conseil d\u2019administration de l\u2019UNF au NB reconnues comme jeune leaders"},"content":{"rendered":"<p>L\u2019Union nationale de fermiers au Nouveau-Brunswick est fi\u00e8re d\u2019annoncer que 21inc a reconnu deux de ses membres du conseil d\u2019administration comme jeunes leaders pour l\u2019ann\u00e9e 2014 \u2013 2015. R\u00e9beka Fraser-Chiasson et Emily Shapiro ont particip\u00e9 la semaine derni\u00e8re \u00e0 une tourn\u00e9e provinciale avec 19 autres jeunes leaders du Nouveau-Brunswick.<\/p>\n<p><strong>R\u00e9beka Fraser-Chiasson<\/strong>\u00a0g\u00e8re sa propre ferme,\u00a0<em><a href=\"https:\/\/www.facebook.com\/LafermeTerrePartagee?fref=ts\">La Ferme Terre Partag\u00e9e<\/a><\/em>\u00a0\u00e0 Rogersville. Elle est membre du conseil d\u2019administration pour l\u2019UNF au NB et le Conseil de conservation du Nouveau-Brunswick. Dans ses mots, \u201cc\u2019est un hommage \u00e0 la nourriture local et les fermes locales que 21inc a voulu valoir la vie rurale et les fermes.\u00a0<strong>Nos collegues valent la perspective diff\u00e9rente que nous apportons<\/strong>. Je suis enthousiaste de voir comment je connecte avec les autres et leures visions du Nouveau-Brunswick.\u201d<\/p>\n<p><strong>Emily Shapiro<\/strong>\u00a0est la Directrice des femmes pour l\u2019UNF au NB. Emily est co-proprietaire de\u00a0<a href=\"https:\/\/www.facebook.com\/becaguimecfarm?fref=ts\"><em>Becaguimec Farm<\/em><\/a>\u00a0et est Directrice de programmes au Centre Fallsbrook. \u201c<strong>\u00c9tant une fermi\u00e8re d\u00e9butante, cette exp\u00e9rience est extr\u00e8mement importante<\/strong>\u00a0pour apprendre des esprits brillants de mes coll\u00e8gues et aussi pour pouvoir contribuer des id\u00e9es du Nouveau-Brunswick rural et du secteur agricole. Voyageant la province avec 20 jeunes diverses, attentifs, et stimulants, incluant R\u00e9beka, m\u2019a permis de rapporter des nouvelles id\u00e9es \u00e0 ma ferme et \u00e0 ma communaut\u00e9.\u201d<\/p>\n<p>&nbsp;<\/p>\n<address>21inc reconnait les jeunes leaders du Nouveau-Brunswick depuis 2007. Chaque ann\u00e9e 21 leaders sont selectionn\u00e9s du Nouveau-Brunswick (et d\u2019autres de Nouvelle \u00c9cosse et l\u2019\u00cele du Prince \u00c9douard). Ils participent \u00e0 un programme de 10 mois, incluant une tourn\u00e9e d\u2019une semaine et plusieures fins de semaines formatives pour les aider \u00e0 d\u00e9velopper et mettre en marche leures visions du Nouveau-Brunswick. Voir www.21inc.ca pour plus d\u2019informations.<\/address>\n<address>\u00a0<\/address>\n<address>L\u2019UNF au NB est un organisme agricole g\u00e9n\u00e9ral aggr\u00e9e qui repr\u00e9sente les familles fermi\u00e8res dans toutes les denr\u00e9es agricoles. L\u2019UNF travaille pour le d\u00e9veloppement de politiques \u00e9conomiques et sociales qui vont garder la ferme familiale comme unit\u00e9 primaire de production des aliments. Pour en savoir plus visiter: www.nfunb.org<\/address>\n<p>&nbsp;<\/p>\n<p>T\u00e9l\u00e9chargez le PDF: <a href=\"https:\/\/nfunb.org\/wordpress\/wp-content\/uploads\/2022\/01\/Media-Release-21inc-EN.FR_.pdf\">Media Release 21inc EN.FR<\/a><\/p>\n","protected":false},"excerpt":{"rendered":"<p>L\u2019Union nationale de fermiers au Nouveau-Brunswick est fi\u00e8re d\u2019annoncer que 21inc a reconnu deux de ses membres du conseil d\u2019administration comme jeunes leaders pour l\u2019ann\u00e9e 2014 \u2013 2015. R\u00e9beka Fraser-Chiasson [&hellip;]<\/p>\n","protected":false},"author":1,"featured_media":0,"comment_status":"closed","ping_status":"open","sticky":false,"template":"","format":"standard","meta":{"footnotes":""},"categories":[135,18],"tags":[],"class_list":["post-12177","post","type-post","status-publish","format-standard","hentry","category-communiques-de-presse","category-nouvelles"],"yoast_head":"<!-- This site is optimized with the Yoast SEO plugin v26.7 - https:\/\/yoast.com\/wordpress\/plugins\/seo\/ -->\n<title>Deux membres du conseil d\u2019administration de l\u2019UNF au NB reconnues comme jeune leaders - National Farmers Union in New Brunswick<\/title>\n<meta name=\"robots\" content=\"index, follow, max-snippet:-1, max-image-preview:large, max-video-preview:-1\" \/>\n<link rel=\"canonical\" href=\"https:\/\/www.nfunb.org\/fr\/deux-membres-du-conseil-dadministration-de-lunf-au-nb-reconnues-comme-jeune-leaders\/\" \/>\n<meta property=\"og:locale\" content=\"fr_FR\" \/>\n<meta property=\"og:type\" content=\"article\" \/>\n<meta property=\"og:title\" content=\"Deux membres du conseil d\u2019administration de l\u2019UNF au NB reconnues comme jeune leaders - National Farmers Union in New Brunswick\" \/>\n<meta property=\"og:description\" content=\"L\u2019Union nationale de fermiers au Nouveau-Brunswick est fi\u00e8re d\u2019annoncer que 21inc a reconnu deux de ses membres du conseil d\u2019administration comme jeunes leaders pour l\u2019ann\u00e9e 2014 \u2013 2015. R\u00e9beka Fraser-Chiasson [&hellip;]\" \/>\n<meta property=\"og:url\" content=\"https:\/\/www.nfunb.org\/fr\/deux-membres-du-conseil-dadministration-de-lunf-au-nb-reconnues-comme-jeune-leaders\/\" \/>\n<meta property=\"og:site_name\" content=\"National Farmers Union in New Brunswick\" \/>\n<meta property=\"article:publisher\" content=\"https:\/\/www.facebook.com\/NFUinNB\" \/>\n<meta property=\"article:published_time\" content=\"2014-11-06T13:04:36+00:00\" \/>\n<meta property=\"article:modified_time\" content=\"2022-01-19T13:06:36+00:00\" \/>\n<meta name=\"author\" content=\"admin\" \/>\n<meta name=\"twitter:card\" content=\"summary_large_image\" \/>\n<meta name=\"twitter:label1\" content=\"\u00c9crit par\" \/>\n\t<meta name=\"twitter:data1\" content=\"admin\" \/>\n\t<meta name=\"twitter:label2\" content=\"Dur\u00e9e de lecture estim\u00e9e\" \/>\n\t<meta name=\"twitter:data2\" content=\"2 minutes\" \/>\n<script type=\"application\/ld+json\" class=\"yoast-schema-graph\">{\"@context\":\"https:\/\/schema.org\",\"@graph\":[{\"@type\":\"Article\",\"@id\":\"https:\/\/www.nfunb.org\/fr\/deux-membres-du-conseil-dadministration-de-lunf-au-nb-reconnues-comme-jeune-leaders\/#article\",\"isPartOf\":{\"@id\":\"https:\/\/www.nfunb.org\/fr\/deux-membres-du-conseil-dadministration-de-lunf-au-nb-reconnues-comme-jeune-leaders\/\"},\"author\":{\"name\":\"admin\",\"@id\":\"https:\/\/www.nfunb.org\/fr\/#\/schema\/person\/1350c3bd5aa20e59953cf65dc542243a\"},\"headline\":\"Deux membres du conseil d\u2019administration de l\u2019UNF au NB reconnues comme jeune leaders\",\"datePublished\":\"2014-11-06T13:04:36+00:00\",\"dateModified\":\"2022-01-19T13:06:36+00:00\",\"mainEntityOfPage\":{\"@id\":\"https:\/\/www.nfunb.org\/fr\/deux-membres-du-conseil-dadministration-de-lunf-au-nb-reconnues-comme-jeune-leaders\/\"},\"wordCount\":381,\"publisher\":{\"@id\":\"https:\/\/www.nfunb.org\/fr\/#organization\"},\"articleSection\":[\"Communiqu\u00e9s de presse\",\"Nouvelles\"],\"inLanguage\":\"fr-FR\"},{\"@type\":\"WebPage\",\"@id\":\"https:\/\/www.nfunb.org\/fr\/deux-membres-du-conseil-dadministration-de-lunf-au-nb-reconnues-comme-jeune-leaders\/\",\"url\":\"https:\/\/www.nfunb.org\/fr\/deux-membres-du-conseil-dadministration-de-lunf-au-nb-reconnues-comme-jeune-leaders\/\",\"name\":\"Deux membres du conseil d\u2019administration de l\u2019UNF au NB reconnues comme jeune leaders - National Farmers Union in New Brunswick\",\"isPartOf\":{\"@id\":\"https:\/\/www.nfunb.org\/fr\/#website\"},\"datePublished\":\"2014-11-06T13:04:36+00:00\",\"dateModified\":\"2022-01-19T13:06:36+00:00\",\"breadcrumb\":{\"@id\":\"https:\/\/www.nfunb.org\/fr\/deux-membres-du-conseil-dadministration-de-lunf-au-nb-reconnues-comme-jeune-leaders\/#breadcrumb\"},\"inLanguage\":\"fr-FR\",\"potentialAction\":[{\"@type\":\"ReadAction\",\"target\":[\"https:\/\/www.nfunb.org\/fr\/deux-membres-du-conseil-dadministration-de-lunf-au-nb-reconnues-comme-jeune-leaders\/\"]}]},{\"@type\":\"BreadcrumbList\",\"@id\":\"https:\/\/www.nfunb.org\/fr\/deux-membres-du-conseil-dadministration-de-lunf-au-nb-reconnues-comme-jeune-leaders\/#breadcrumb\",\"itemListElement\":[{\"@type\":\"ListItem\",\"position\":1,\"name\":\"Home\",\"item\":\"https:\/\/www.nfunb.org\/fr\/home\/\"},{\"@type\":\"ListItem\",\"position\":2,\"name\":\"Deux membres du conseil d\u2019administration de l\u2019UNF au NB reconnues comme jeune leaders\"}]},{\"@type\":\"WebSite\",\"@id\":\"https:\/\/www.nfunb.org\/fr\/#website\",\"url\":\"https:\/\/www.nfunb.org\/fr\/\",\"name\":\"National Farmers Union in New Brunswick\",\"description\":\"Strong Communities. Sound Policies. Sustainable Farms\",\"publisher\":{\"@id\":\"https:\/\/www.nfunb.org\/fr\/#organization\"},\"potentialAction\":[{\"@type\":\"SearchAction\",\"target\":{\"@type\":\"EntryPoint\",\"urlTemplate\":\"https:\/\/www.nfunb.org\/fr\/?s={search_term_string}\"},\"query-input\":{\"@type\":\"PropertyValueSpecification\",\"valueRequired\":true,\"valueName\":\"search_term_string\"}}],\"inLanguage\":\"fr-FR\"},{\"@type\":\"Organization\",\"@id\":\"https:\/\/www.nfunb.org\/fr\/#organization\",\"name\":\"National Farmers Union in New Brunswick\",\"url\":\"https:\/\/www.nfunb.org\/fr\/\",\"logo\":{\"@type\":\"ImageObject\",\"inLanguage\":\"fr-FR\",\"@id\":\"https:\/\/www.nfunb.org\/fr\/#\/schema\/logo\/image\/\",\"url\":\"https:\/\/www.nfunb.org\/wp-content\/uploads\/2022\/01\/NFU_logo_CircleNB.png\",\"contentUrl\":\"https:\/\/www.nfunb.org\/wp-content\/uploads\/2022\/01\/NFU_logo_CircleNB.png\",\"width\":480,\"height\":480,\"caption\":\"National Farmers Union in New Brunswick\"},\"image\":{\"@id\":\"https:\/\/www.nfunb.org\/fr\/#\/schema\/logo\/image\/\"},\"sameAs\":[\"https:\/\/www.facebook.com\/NFUinNB\",\"https:\/\/www.instagram.com\/nfu.unf.nb\/\"]},{\"@type\":\"Person\",\"@id\":\"https:\/\/www.nfunb.org\/fr\/#\/schema\/person\/1350c3bd5aa20e59953cf65dc542243a\",\"name\":\"admin\",\"image\":{\"@type\":\"ImageObject\",\"inLanguage\":\"fr-FR\",\"@id\":\"https:\/\/www.nfunb.org\/fr\/#\/schema\/person\/image\/\",\"url\":\"https:\/\/secure.gravatar.com\/avatar\/26808d8fbe6a93b27a5be6fcee340112d06dadfad75e4e9c8533678c2951edde?s=96&d=mm&r=g\",\"contentUrl\":\"https:\/\/secure.gravatar.com\/avatar\/26808d8fbe6a93b27a5be6fcee340112d06dadfad75e4e9c8533678c2951edde?s=96&d=mm&r=g\",\"caption\":\"admin\"},\"sameAs\":[\"https:\/\/nfunb.org\/wordpress\/\"],\"url\":\"https:\/\/www.nfunb.org\/fr\/author\/admin\/\"}]}<\/script>\n<!-- \/ Yoast SEO plugin. -->","yoast_head_json":{"title":"Deux membres du conseil d\u2019administration de l\u2019UNF au NB reconnues comme jeune leaders - National Farmers Union in New Brunswick","robots":{"index":"index","follow":"follow","max-snippet":"max-snippet:-1","max-image-preview":"max-image-preview:large","max-video-preview":"max-video-preview:-1"},"canonical":"https:\/\/www.nfunb.org\/fr\/deux-membres-du-conseil-dadministration-de-lunf-au-nb-reconnues-comme-jeune-leaders\/","og_locale":"fr_FR","og_type":"article","og_title":"Deux membres du conseil d\u2019administration de l\u2019UNF au NB reconnues comme jeune leaders - National Farmers Union in New Brunswick","og_description":"L\u2019Union nationale de fermiers au Nouveau-Brunswick est fi\u00e8re d\u2019annoncer que 21inc a reconnu deux de ses membres du conseil d\u2019administration comme jeunes leaders pour l\u2019ann\u00e9e 2014 \u2013 2015. R\u00e9beka Fraser-Chiasson [&hellip;]","og_url":"https:\/\/www.nfunb.org\/fr\/deux-membres-du-conseil-dadministration-de-lunf-au-nb-reconnues-comme-jeune-leaders\/","og_site_name":"National Farmers Union in New Brunswick","article_publisher":"https:\/\/www.facebook.com\/NFUinNB","article_published_time":"2014-11-06T13:04:36+00:00","article_modified_time":"2022-01-19T13:06:36+00:00","author":"admin","twitter_card":"summary_large_image","twitter_misc":{"\u00c9crit par":"admin","Dur\u00e9e de lecture estim\u00e9e":"2 minutes"},"schema":{"@context":"https:\/\/schema.org","@graph":[{"@type":"Article","@id":"https:\/\/www.nfunb.org\/fr\/deux-membres-du-conseil-dadministration-de-lunf-au-nb-reconnues-comme-jeune-leaders\/#article","isPartOf":{"@id":"https:\/\/www.nfunb.org\/fr\/deux-membres-du-conseil-dadministration-de-lunf-au-nb-reconnues-comme-jeune-leaders\/"},"author":{"name":"admin","@id":"https:\/\/www.nfunb.org\/fr\/#\/schema\/person\/1350c3bd5aa20e59953cf65dc542243a"},"headline":"Deux membres du conseil d\u2019administration de l\u2019UNF au NB reconnues comme jeune leaders","datePublished":"2014-11-06T13:04:36+00:00","dateModified":"2022-01-19T13:06:36+00:00","mainEntityOfPage":{"@id":"https:\/\/www.nfunb.org\/fr\/deux-membres-du-conseil-dadministration-de-lunf-au-nb-reconnues-comme-jeune-leaders\/"},"wordCount":381,"publisher":{"@id":"https:\/\/www.nfunb.org\/fr\/#organization"},"articleSection":["Communiqu\u00e9s de presse","Nouvelles"],"inLanguage":"fr-FR"},{"@type":"WebPage","@id":"https:\/\/www.nfunb.org\/fr\/deux-membres-du-conseil-dadministration-de-lunf-au-nb-reconnues-comme-jeune-leaders\/","url":"https:\/\/www.nfunb.org\/fr\/deux-membres-du-conseil-dadministration-de-lunf-au-nb-reconnues-comme-jeune-leaders\/","name":"Deux membres du conseil d\u2019administration de l\u2019UNF au NB reconnues comme jeune leaders - National Farmers Union in New Brunswick","isPartOf":{"@id":"https:\/\/www.nfunb.org\/fr\/#website"},"datePublished":"2014-11-06T13:04:36+00:00","dateModified":"2022-01-19T13:06:36+00:00","breadcrumb":{"@id":"https:\/\/www.nfunb.org\/fr\/deux-membres-du-conseil-dadministration-de-lunf-au-nb-reconnues-comme-jeune-leaders\/#breadcrumb"},"inLanguage":"fr-FR","potentialAction":[{"@type":"ReadAction","target":["https:\/\/www.nfunb.org\/fr\/deux-membres-du-conseil-dadministration-de-lunf-au-nb-reconnues-comme-jeune-leaders\/"]}]},{"@type":"BreadcrumbList","@id":"https:\/\/www.nfunb.org\/fr\/deux-membres-du-conseil-dadministration-de-lunf-au-nb-reconnues-comme-jeune-leaders\/#breadcrumb","itemListElement":[{"@type":"ListItem","position":1,"name":"Home","item":"https:\/\/www.nfunb.org\/fr\/home\/"},{"@type":"ListItem","position":2,"name":"Deux membres du conseil d\u2019administration de l\u2019UNF au NB reconnues comme jeune leaders"}]},{"@type":"WebSite","@id":"https:\/\/www.nfunb.org\/fr\/#website","url":"https:\/\/www.nfunb.org\/fr\/","name":"National Farmers Union in New Brunswick","description":"Strong Communities. Sound Policies. Sustainable Farms","publisher":{"@id":"https:\/\/www.nfunb.org\/fr\/#organization"},"potentialAction":[{"@type":"SearchAction","target":{"@type":"EntryPoint","urlTemplate":"https:\/\/www.nfunb.org\/fr\/?s={search_term_string}"},"query-input":{"@type":"PropertyValueSpecification","valueRequired":true,"valueName":"search_term_string"}}],"inLanguage":"fr-FR"},{"@type":"Organization","@id":"https:\/\/www.nfunb.org\/fr\/#organization","name":"National Farmers Union in New Brunswick","url":"https:\/\/www.nfunb.org\/fr\/","logo":{"@type":"ImageObject","inLanguage":"fr-FR","@id":"https:\/\/www.nfunb.org\/fr\/#\/schema\/logo\/image\/","url":"https:\/\/www.nfunb.org\/wp-content\/uploads\/2022\/01\/NFU_logo_CircleNB.png","contentUrl":"https:\/\/www.nfunb.org\/wp-content\/uploads\/2022\/01\/NFU_logo_CircleNB.png","width":480,"height":480,"caption":"National Farmers Union in New Brunswick"},"image":{"@id":"https:\/\/www.nfunb.org\/fr\/#\/schema\/logo\/image\/"},"sameAs":["https:\/\/www.facebook.com\/NFUinNB","https:\/\/www.instagram.com\/nfu.unf.nb\/"]},{"@type":"Person","@id":"https:\/\/www.nfunb.org\/fr\/#\/schema\/person\/1350c3bd5aa20e59953cf65dc542243a","name":"admin","image":{"@type":"ImageObject","inLanguage":"fr-FR","@id":"https:\/\/www.nfunb.org\/fr\/#\/schema\/person\/image\/","url":"https:\/\/secure.gravatar.com\/avatar\/26808d8fbe6a93b27a5be6fcee340112d06dadfad75e4e9c8533678c2951edde?s=96&d=mm&r=g","contentUrl":"https:\/\/secure.gravatar.com\/avatar\/26808d8fbe6a93b27a5be6fcee340112d06dadfad75e4e9c8533678c2951edde?s=96&d=mm&r=g","caption":"admin"},"sameAs":["https:\/\/nfunb.org\/wordpress\/"],"url":"https:\/\/www.nfunb.org\/fr\/author\/admin\/"}]}},"_links":{"self":[{"href":"https:\/\/www.nfunb.org\/fr\/wp-json\/wp\/v2\/posts\/12177","targetHints":{"allow":["GET"]}}],"collection":[{"href":"https:\/\/www.nfunb.org\/fr\/wp-json\/wp\/v2\/posts"}],"about":[{"href":"https:\/\/www.nfunb.org\/fr\/wp-json\/wp\/v2\/types\/post"}],"author":[{"embeddable":true,"href":"https:\/\/www.nfunb.org\/fr\/wp-json\/wp\/v2\/users\/1"}],"replies":[{"embeddable":true,"href":"https:\/\/www.nfunb.org\/fr\/wp-json\/wp\/v2\/comments?post=12177"}],"version-history":[{"count":1,"href":"https:\/\/www.nfunb.org\/fr\/wp-json\/wp\/v2\/posts\/12177\/revisions"}],"predecessor-version":[{"id":12180,"href":"https:\/\/www.nfunb.org\/fr\/wp-json\/wp\/v2\/posts\/12177\/revisions\/12180"}],"wp:attachment":[{"href":"https:\/\/www.nfunb.org\/fr\/wp-json\/wp\/v2\/media?parent=12177"}],"wp:term":[{"taxonomy":"category","embeddable":true,"href":"https:\/\/www.nfunb.org\/fr\/wp-json\/wp\/v2\/categories?post=12177"},{"taxonomy":"post_tag","embeddable":true,"href":"https:\/\/www.nfunb.org\/fr\/wp-json\/wp\/v2\/tags?post=12177"}],"curies":[{"name":"wp","href":"https:\/\/api.w.org\/{rel}","templated":true}]}}