{"id":12207,"date":"2013-08-13T09:24:41","date_gmt":"2013-08-13T13:24:41","guid":{"rendered":"https:\/\/nfunb.org\/wordpress\/?p=12207"},"modified":"2022-01-19T09:28:22","modified_gmt":"2022-01-19T13:28:22","slug":"les-recipiendaires-2013-de-les-bourses-detudes-13-aout","status":"publish","type":"post","link":"https:\/\/www.nfunb.org\/fr\/les-recipiendaires-2013-de-les-bourses-detudes-13-aout\/","title":{"rendered":"Les r\u00e9cipiendaires 2013 de les Bourses d\u2019\u00e9tudes, 13 ao\u00fbt"},"content":{"rendered":"<p>L\u2019Union nationale des fermiers au Nouveau-Brunswick (UNF au NB) est heureuse d\u2019annoncer les r\u00e9cipiendaires 2013 de la Bourse d\u2019\u00e9tudes comm\u00e9morative David Frost et de la Bourse d\u2019\u00e9tudes de l\u2019Union nationale des fermiers au NB.<\/p>\n<p><img loading=\"lazy\" decoding=\"async\" class=\"alignleft wp-image-12208 size-thumbnail\" src=\"https:\/\/nfunb.org\/wordpress\/wp-content\/uploads\/2022\/01\/Berdien-Bakker-150x150.jpg\" alt=\"\" width=\"150\" height=\"150\" \/>Berndien Bakker, de Killoween, est la r\u00e9cipiendaire de la Bourse d\u2019\u00e9tudes David Frost au montant de 1000 $ d\u00e9sign\u00e9e pour une fille ou un fils d\u2019un producteur agricole inscrit au NB qui va entamer un programme agricole. Bakker va \u00e9tudier \u00e0 l\u2019automne sur le Campus agricole de l\u2019Universit\u00e9 Dalhousie, \u00e0 Truro, en\u00a0 N.-\u00c9., en Sciences animales dans un programme pr\u00e9-v\u00e9t\u00e9rinaire.<\/p>\n<p>&nbsp;<\/p>\n<p>&nbsp;<\/p>\n<p>&nbsp;<\/p>\n<p>&nbsp;<\/p>\n<p><img loading=\"lazy\" decoding=\"async\" class=\"alignleft size-thumbnail wp-image-12210\" src=\"https:\/\/nfunb.org\/wordpress\/wp-content\/uploads\/2022\/01\/Louise-Paradis1-150x150.jpg\" alt=\"\" width=\"150\" height=\"150\" \/>Louise\u00a0Paradis, de Drummond, est la r\u00e9cipiendaire de la Bourse David Frost au montant de 500 $ pour une fille ou un fils d\u2019un producteur agricole inscrit au NB, qui entame un programme menant \u00e0 un dipl\u00f4me. Paradis va pr\u00e9parer un dipl\u00f4me en Gestion d\u2019entreprise agricole au Campus de Truro, en N.-\u00c9., de l\u2019Universit\u00e9 Dalhousie.<\/p>\n<p>&nbsp;<\/p>\n<p>&nbsp;<\/p>\n<p>&nbsp;<\/p>\n<p>&nbsp;<\/p>\n<p><img loading=\"lazy\" decoding=\"async\" class=\"alignleft size-thumbnail wp-image-12212\" src=\"https:\/\/nfunb.org\/wordpress\/wp-content\/uploads\/2022\/01\/Kasadee-Allen-150x150.jpg\" alt=\"\" width=\"150\" height=\"150\" \/>La r\u00e9cipiendaire de la Bourse d\u2019\u00e9tudes de 1000 $ de l\u2019Union nationale des fermiers au NB pour une fille ou un fils d\u2019un membre inscrit de l\u2019UNF au NB est Kasadee Allan, de Glassville, N.-B. Allan va \u00e9tudier au Campus de Truro, en N.-\u00c9., de l\u2019Universit\u00e9 Dalhousie, en septembre pour entamer un programme menant \u00e0 un dipl\u00f4me en \u00e9tudes pr\u00e9-v\u00e9t\u00e9rinaires.<\/p>\n<p>&nbsp;<\/p>\n<p>&nbsp;<\/p>\n<p>&nbsp;<\/p>\n<p>&nbsp;<\/p>\n<p>Les trois r\u00e9cipiendaires furent annonc\u00e9es lors de la rencontre de la R\u00e9gion 1 de l\u2019UNF \u00e0 Cornwall, \u00ce.-P.-\u00c9., le 6 ao\u00fbt 2013. Les bourses d\u2019\u00e9tudes de l\u2019UNF au NB furent remises \u00e0 des dipl\u00f4m\u00e9es d\u2019\u00e9coles secondaires du NB qui vont entamer des \u00e9tudes dans une institution canadienne reconnue ; la priorit\u00e9 est accord\u00e9e aux \u00e9tudiants qui s\u2019inscrivent \u00e0 un programme reli\u00e9 \u00e0 l\u2019agriculture. Le rendement acad\u00e9mique, les activit\u00e9s scolaires et communautaires, un int\u00e9r\u00eat d\u00e9montr\u00e9 pour l\u2019agriculture, ainsi que les besoins financiers sont \u00e9galements pris en consid\u00e9ration.<\/p>\n<p>Les fonds seront remis \u00e0 la mi-f\u00e9vrier 2014, suite \u00e0 la r\u00e9ussite du premier semestre d\u2019\u00e9tudes et le d\u00e9but du deuxi\u00e8me semestre.\u00a0 L\u2019attribution de ces bourses d\u2019\u00e9tudes est la fa\u00e7on que l\u2019UNF au NB a choisi pour honorer la m\u00e9moire de David Frost, un agronome respect\u00e9 qui a travaill\u00e9 pendant plusieurs ann\u00e9es comme consultant estim\u00e9 aupr\u00e8s des fermiers de la partie sup\u00e9rieure de la vall\u00e9e du fleuve Saint-Jean. Ce faisant, l\u2019UNF encourage \u00e9galement et soutient une nouvelle g\u00e9n\u00e9ration de fermiers.<\/p>\n","protected":false},"excerpt":{"rendered":"<p>L\u2019Union nationale des fermiers au Nouveau-Brunswick (UNF au NB) est heureuse d\u2019annoncer les r\u00e9cipiendaires 2013 de la Bourse d\u2019\u00e9tudes comm\u00e9morative David Frost et de la Bourse d\u2019\u00e9tudes de l\u2019Union nationale [&hellip;]<\/p>\n","protected":false},"author":1,"featured_media":0,"comment_status":"closed","ping_status":"open","sticky":false,"template":"","format":"standard","meta":{"footnotes":""},"categories":[18],"tags":[],"class_list":["post-12207","post","type-post","status-publish","format-standard","hentry","category-nouvelles"],"yoast_head":"<!-- This site is optimized with the Yoast SEO plugin v26.7 - https:\/\/yoast.com\/wordpress\/plugins\/seo\/ -->\n<title>Les r\u00e9cipiendaires 2013 de les Bourses d\u2019\u00e9tudes, 13 ao\u00fbt - National Farmers Union in New Brunswick<\/title>\n<meta name=\"robots\" content=\"index, follow, max-snippet:-1, max-image-preview:large, max-video-preview:-1\" \/>\n<link rel=\"canonical\" href=\"https:\/\/www.nfunb.org\/fr\/les-recipiendaires-2013-de-les-bourses-detudes-13-aout\/\" \/>\n<meta property=\"og:locale\" content=\"fr_FR\" \/>\n<meta property=\"og:type\" content=\"article\" \/>\n<meta property=\"og:title\" content=\"Les r\u00e9cipiendaires 2013 de les Bourses d\u2019\u00e9tudes, 13 ao\u00fbt - National Farmers Union in New Brunswick\" \/>\n<meta property=\"og:description\" content=\"L\u2019Union nationale des fermiers au Nouveau-Brunswick (UNF au NB) est heureuse d\u2019annoncer les r\u00e9cipiendaires 2013 de la Bourse d\u2019\u00e9tudes comm\u00e9morative David Frost et de la Bourse d\u2019\u00e9tudes de l\u2019Union nationale [&hellip;]\" \/>\n<meta property=\"og:url\" content=\"https:\/\/www.nfunb.org\/fr\/les-recipiendaires-2013-de-les-bourses-detudes-13-aout\/\" \/>\n<meta property=\"og:site_name\" content=\"National Farmers Union in New Brunswick\" \/>\n<meta property=\"article:publisher\" content=\"https:\/\/www.facebook.com\/NFUinNB\" \/>\n<meta property=\"article:published_time\" content=\"2013-08-13T13:24:41+00:00\" \/>\n<meta property=\"article:modified_time\" content=\"2022-01-19T13:28:22+00:00\" \/>\n<meta property=\"og:image\" content=\"https:\/\/nfunb.org\/wordpress\/wp-content\/uploads\/2022\/01\/Berdien-Bakker-150x150.jpg\" \/>\n<meta name=\"author\" content=\"admin\" \/>\n<meta name=\"twitter:card\" content=\"summary_large_image\" \/>\n<meta name=\"twitter:label1\" content=\"\u00c9crit par\" \/>\n\t<meta name=\"twitter:data1\" content=\"admin\" \/>\n\t<meta name=\"twitter:label2\" content=\"Dur\u00e9e de lecture estim\u00e9e\" \/>\n\t<meta name=\"twitter:data2\" content=\"2 minutes\" \/>\n<script type=\"application\/ld+json\" class=\"yoast-schema-graph\">{\"@context\":\"https:\/\/schema.org\",\"@graph\":[{\"@type\":\"Article\",\"@id\":\"https:\/\/www.nfunb.org\/fr\/les-recipiendaires-2013-de-les-bourses-detudes-13-aout\/#article\",\"isPartOf\":{\"@id\":\"https:\/\/www.nfunb.org\/fr\/les-recipiendaires-2013-de-les-bourses-detudes-13-aout\/\"},\"author\":{\"name\":\"admin\",\"@id\":\"https:\/\/www.nfunb.org\/fr\/#\/schema\/person\/1350c3bd5aa20e59953cf65dc542243a\"},\"headline\":\"Les r\u00e9cipiendaires 2013 de les Bourses d\u2019\u00e9tudes, 13 ao\u00fbt\",\"datePublished\":\"2013-08-13T13:24:41+00:00\",\"dateModified\":\"2022-01-19T13:28:22+00:00\",\"mainEntityOfPage\":{\"@id\":\"https:\/\/www.nfunb.org\/fr\/les-recipiendaires-2013-de-les-bourses-detudes-13-aout\/\"},\"wordCount\":451,\"publisher\":{\"@id\":\"https:\/\/www.nfunb.org\/fr\/#organization\"},\"image\":{\"@id\":\"https:\/\/www.nfunb.org\/fr\/les-recipiendaires-2013-de-les-bourses-detudes-13-aout\/#primaryimage\"},\"thumbnailUrl\":\"https:\/\/nfunb.org\/wordpress\/wp-content\/uploads\/2022\/01\/Berdien-Bakker-150x150.jpg\",\"articleSection\":[\"Nouvelles\"],\"inLanguage\":\"fr-FR\"},{\"@type\":\"WebPage\",\"@id\":\"https:\/\/www.nfunb.org\/fr\/les-recipiendaires-2013-de-les-bourses-detudes-13-aout\/\",\"url\":\"https:\/\/www.nfunb.org\/fr\/les-recipiendaires-2013-de-les-bourses-detudes-13-aout\/\",\"name\":\"Les r\u00e9cipiendaires 2013 de les Bourses d\u2019\u00e9tudes, 13 ao\u00fbt - National Farmers Union in New Brunswick\",\"isPartOf\":{\"@id\":\"https:\/\/www.nfunb.org\/fr\/#website\"},\"primaryImageOfPage\":{\"@id\":\"https:\/\/www.nfunb.org\/fr\/les-recipiendaires-2013-de-les-bourses-detudes-13-aout\/#primaryimage\"},\"image\":{\"@id\":\"https:\/\/www.nfunb.org\/fr\/les-recipiendaires-2013-de-les-bourses-detudes-13-aout\/#primaryimage\"},\"thumbnailUrl\":\"https:\/\/nfunb.org\/wordpress\/wp-content\/uploads\/2022\/01\/Berdien-Bakker-150x150.jpg\",\"datePublished\":\"2013-08-13T13:24:41+00:00\",\"dateModified\":\"2022-01-19T13:28:22+00:00\",\"breadcrumb\":{\"@id\":\"https:\/\/www.nfunb.org\/fr\/les-recipiendaires-2013-de-les-bourses-detudes-13-aout\/#breadcrumb\"},\"inLanguage\":\"fr-FR\",\"potentialAction\":[{\"@type\":\"ReadAction\",\"target\":[\"https:\/\/www.nfunb.org\/fr\/les-recipiendaires-2013-de-les-bourses-detudes-13-aout\/\"]}]},{\"@type\":\"ImageObject\",\"inLanguage\":\"fr-FR\",\"@id\":\"https:\/\/www.nfunb.org\/fr\/les-recipiendaires-2013-de-les-bourses-detudes-13-aout\/#primaryimage\",\"url\":\"https:\/\/nfunb.org\/wordpress\/wp-content\/uploads\/2022\/01\/Berdien-Bakker-150x150.jpg\",\"contentUrl\":\"https:\/\/nfunb.org\/wordpress\/wp-content\/uploads\/2022\/01\/Berdien-Bakker-150x150.jpg\"},{\"@type\":\"BreadcrumbList\",\"@id\":\"https:\/\/www.nfunb.org\/fr\/les-recipiendaires-2013-de-les-bourses-detudes-13-aout\/#breadcrumb\",\"itemListElement\":[{\"@type\":\"ListItem\",\"position\":1,\"name\":\"Home\",\"item\":\"https:\/\/www.nfunb.org\/fr\/home\/\"},{\"@type\":\"ListItem\",\"position\":2,\"name\":\"Les r\u00e9cipiendaires 2013 de les Bourses d\u2019\u00e9tudes, 13 ao\u00fbt\"}]},{\"@type\":\"WebSite\",\"@id\":\"https:\/\/www.nfunb.org\/fr\/#website\",\"url\":\"https:\/\/www.nfunb.org\/fr\/\",\"name\":\"National Farmers Union in New Brunswick\",\"description\":\"Strong Communities. Sound Policies. Sustainable Farms\",\"publisher\":{\"@id\":\"https:\/\/www.nfunb.org\/fr\/#organization\"},\"potentialAction\":[{\"@type\":\"SearchAction\",\"target\":{\"@type\":\"EntryPoint\",\"urlTemplate\":\"https:\/\/www.nfunb.org\/fr\/?s={search_term_string}\"},\"query-input\":{\"@type\":\"PropertyValueSpecification\",\"valueRequired\":true,\"valueName\":\"search_term_string\"}}],\"inLanguage\":\"fr-FR\"},{\"@type\":\"Organization\",\"@id\":\"https:\/\/www.nfunb.org\/fr\/#organization\",\"name\":\"National Farmers Union in New Brunswick\",\"url\":\"https:\/\/www.nfunb.org\/fr\/\",\"logo\":{\"@type\":\"ImageObject\",\"inLanguage\":\"fr-FR\",\"@id\":\"https:\/\/www.nfunb.org\/fr\/#\/schema\/logo\/image\/\",\"url\":\"https:\/\/www.nfunb.org\/wp-content\/uploads\/2022\/01\/NFU_logo_CircleNB.png\",\"contentUrl\":\"https:\/\/www.nfunb.org\/wp-content\/uploads\/2022\/01\/NFU_logo_CircleNB.png\",\"width\":480,\"height\":480,\"caption\":\"National Farmers Union in New Brunswick\"},\"image\":{\"@id\":\"https:\/\/www.nfunb.org\/fr\/#\/schema\/logo\/image\/\"},\"sameAs\":[\"https:\/\/www.facebook.com\/NFUinNB\",\"https:\/\/www.instagram.com\/nfu.unf.nb\/\"]},{\"@type\":\"Person\",\"@id\":\"https:\/\/www.nfunb.org\/fr\/#\/schema\/person\/1350c3bd5aa20e59953cf65dc542243a\",\"name\":\"admin\",\"image\":{\"@type\":\"ImageObject\",\"inLanguage\":\"fr-FR\",\"@id\":\"https:\/\/www.nfunb.org\/fr\/#\/schema\/person\/image\/\",\"url\":\"https:\/\/secure.gravatar.com\/avatar\/26808d8fbe6a93b27a5be6fcee340112d06dadfad75e4e9c8533678c2951edde?s=96&d=mm&r=g\",\"contentUrl\":\"https:\/\/secure.gravatar.com\/avatar\/26808d8fbe6a93b27a5be6fcee340112d06dadfad75e4e9c8533678c2951edde?s=96&d=mm&r=g\",\"caption\":\"admin\"},\"sameAs\":[\"https:\/\/nfunb.org\/wordpress\/\"],\"url\":\"https:\/\/www.nfunb.org\/fr\/author\/admin\/\"}]}<\/script>\n<!-- \/ Yoast SEO plugin. -->","yoast_head_json":{"title":"Les r\u00e9cipiendaires 2013 de les Bourses d\u2019\u00e9tudes, 13 ao\u00fbt - National Farmers Union in New Brunswick","robots":{"index":"index","follow":"follow","max-snippet":"max-snippet:-1","max-image-preview":"max-image-preview:large","max-video-preview":"max-video-preview:-1"},"canonical":"https:\/\/www.nfunb.org\/fr\/les-recipiendaires-2013-de-les-bourses-detudes-13-aout\/","og_locale":"fr_FR","og_type":"article","og_title":"Les r\u00e9cipiendaires 2013 de les Bourses d\u2019\u00e9tudes, 13 ao\u00fbt - National Farmers Union in New Brunswick","og_description":"L\u2019Union nationale des fermiers au Nouveau-Brunswick (UNF au NB) est heureuse d\u2019annoncer les r\u00e9cipiendaires 2013 de la Bourse d\u2019\u00e9tudes comm\u00e9morative David Frost et de la Bourse d\u2019\u00e9tudes de l\u2019Union nationale [&hellip;]","og_url":"https:\/\/www.nfunb.org\/fr\/les-recipiendaires-2013-de-les-bourses-detudes-13-aout\/","og_site_name":"National Farmers Union in New Brunswick","article_publisher":"https:\/\/www.facebook.com\/NFUinNB","article_published_time":"2013-08-13T13:24:41+00:00","article_modified_time":"2022-01-19T13:28:22+00:00","og_image":[{"url":"https:\/\/nfunb.org\/wordpress\/wp-content\/uploads\/2022\/01\/Berdien-Bakker-150x150.jpg","type":"","width":"","height":""}],"author":"admin","twitter_card":"summary_large_image","twitter_misc":{"\u00c9crit par":"admin","Dur\u00e9e de lecture estim\u00e9e":"2 minutes"},"schema":{"@context":"https:\/\/schema.org","@graph":[{"@type":"Article","@id":"https:\/\/www.nfunb.org\/fr\/les-recipiendaires-2013-de-les-bourses-detudes-13-aout\/#article","isPartOf":{"@id":"https:\/\/www.nfunb.org\/fr\/les-recipiendaires-2013-de-les-bourses-detudes-13-aout\/"},"author":{"name":"admin","@id":"https:\/\/www.nfunb.org\/fr\/#\/schema\/person\/1350c3bd5aa20e59953cf65dc542243a"},"headline":"Les r\u00e9cipiendaires 2013 de les Bourses d\u2019\u00e9tudes, 13 ao\u00fbt","datePublished":"2013-08-13T13:24:41+00:00","dateModified":"2022-01-19T13:28:22+00:00","mainEntityOfPage":{"@id":"https:\/\/www.nfunb.org\/fr\/les-recipiendaires-2013-de-les-bourses-detudes-13-aout\/"},"wordCount":451,"publisher":{"@id":"https:\/\/www.nfunb.org\/fr\/#organization"},"image":{"@id":"https:\/\/www.nfunb.org\/fr\/les-recipiendaires-2013-de-les-bourses-detudes-13-aout\/#primaryimage"},"thumbnailUrl":"https:\/\/nfunb.org\/wordpress\/wp-content\/uploads\/2022\/01\/Berdien-Bakker-150x150.jpg","articleSection":["Nouvelles"],"inLanguage":"fr-FR"},{"@type":"WebPage","@id":"https:\/\/www.nfunb.org\/fr\/les-recipiendaires-2013-de-les-bourses-detudes-13-aout\/","url":"https:\/\/www.nfunb.org\/fr\/les-recipiendaires-2013-de-les-bourses-detudes-13-aout\/","name":"Les r\u00e9cipiendaires 2013 de les Bourses d\u2019\u00e9tudes, 13 ao\u00fbt - National Farmers Union in New Brunswick","isPartOf":{"@id":"https:\/\/www.nfunb.org\/fr\/#website"},"primaryImageOfPage":{"@id":"https:\/\/www.nfunb.org\/fr\/les-recipiendaires-2013-de-les-bourses-detudes-13-aout\/#primaryimage"},"image":{"@id":"https:\/\/www.nfunb.org\/fr\/les-recipiendaires-2013-de-les-bourses-detudes-13-aout\/#primaryimage"},"thumbnailUrl":"https:\/\/nfunb.org\/wordpress\/wp-content\/uploads\/2022\/01\/Berdien-Bakker-150x150.jpg","datePublished":"2013-08-13T13:24:41+00:00","dateModified":"2022-01-19T13:28:22+00:00","breadcrumb":{"@id":"https:\/\/www.nfunb.org\/fr\/les-recipiendaires-2013-de-les-bourses-detudes-13-aout\/#breadcrumb"},"inLanguage":"fr-FR","potentialAction":[{"@type":"ReadAction","target":["https:\/\/www.nfunb.org\/fr\/les-recipiendaires-2013-de-les-bourses-detudes-13-aout\/"]}]},{"@type":"ImageObject","inLanguage":"fr-FR","@id":"https:\/\/www.nfunb.org\/fr\/les-recipiendaires-2013-de-les-bourses-detudes-13-aout\/#primaryimage","url":"https:\/\/nfunb.org\/wordpress\/wp-content\/uploads\/2022\/01\/Berdien-Bakker-150x150.jpg","contentUrl":"https:\/\/nfunb.org\/wordpress\/wp-content\/uploads\/2022\/01\/Berdien-Bakker-150x150.jpg"},{"@type":"BreadcrumbList","@id":"https:\/\/www.nfunb.org\/fr\/les-recipiendaires-2013-de-les-bourses-detudes-13-aout\/#breadcrumb","itemListElement":[{"@type":"ListItem","position":1,"name":"Home","item":"https:\/\/www.nfunb.org\/fr\/home\/"},{"@type":"ListItem","position":2,"name":"Les r\u00e9cipiendaires 2013 de les Bourses d\u2019\u00e9tudes, 13 ao\u00fbt"}]},{"@type":"WebSite","@id":"https:\/\/www.nfunb.org\/fr\/#website","url":"https:\/\/www.nfunb.org\/fr\/","name":"National Farmers Union in New Brunswick","description":"Strong Communities. Sound Policies. Sustainable Farms","publisher":{"@id":"https:\/\/www.nfunb.org\/fr\/#organization"},"potentialAction":[{"@type":"SearchAction","target":{"@type":"EntryPoint","urlTemplate":"https:\/\/www.nfunb.org\/fr\/?s={search_term_string}"},"query-input":{"@type":"PropertyValueSpecification","valueRequired":true,"valueName":"search_term_string"}}],"inLanguage":"fr-FR"},{"@type":"Organization","@id":"https:\/\/www.nfunb.org\/fr\/#organization","name":"National Farmers Union in New Brunswick","url":"https:\/\/www.nfunb.org\/fr\/","logo":{"@type":"ImageObject","inLanguage":"fr-FR","@id":"https:\/\/www.nfunb.org\/fr\/#\/schema\/logo\/image\/","url":"https:\/\/www.nfunb.org\/wp-content\/uploads\/2022\/01\/NFU_logo_CircleNB.png","contentUrl":"https:\/\/www.nfunb.org\/wp-content\/uploads\/2022\/01\/NFU_logo_CircleNB.png","width":480,"height":480,"caption":"National Farmers Union in New Brunswick"},"image":{"@id":"https:\/\/www.nfunb.org\/fr\/#\/schema\/logo\/image\/"},"sameAs":["https:\/\/www.facebook.com\/NFUinNB","https:\/\/www.instagram.com\/nfu.unf.nb\/"]},{"@type":"Person","@id":"https:\/\/www.nfunb.org\/fr\/#\/schema\/person\/1350c3bd5aa20e59953cf65dc542243a","name":"admin","image":{"@type":"ImageObject","inLanguage":"fr-FR","@id":"https:\/\/www.nfunb.org\/fr\/#\/schema\/person\/image\/","url":"https:\/\/secure.gravatar.com\/avatar\/26808d8fbe6a93b27a5be6fcee340112d06dadfad75e4e9c8533678c2951edde?s=96&d=mm&r=g","contentUrl":"https:\/\/secure.gravatar.com\/avatar\/26808d8fbe6a93b27a5be6fcee340112d06dadfad75e4e9c8533678c2951edde?s=96&d=mm&r=g","caption":"admin"},"sameAs":["https:\/\/nfunb.org\/wordpress\/"],"url":"https:\/\/www.nfunb.org\/fr\/author\/admin\/"}]}},"_links":{"self":[{"href":"https:\/\/www.nfunb.org\/fr\/wp-json\/wp\/v2\/posts\/12207","targetHints":{"allow":["GET"]}}],"collection":[{"href":"https:\/\/www.nfunb.org\/fr\/wp-json\/wp\/v2\/posts"}],"about":[{"href":"https:\/\/www.nfunb.org\/fr\/wp-json\/wp\/v2\/types\/post"}],"author":[{"embeddable":true,"href":"https:\/\/www.nfunb.org\/fr\/wp-json\/wp\/v2\/users\/1"}],"replies":[{"embeddable":true,"href":"https:\/\/www.nfunb.org\/fr\/wp-json\/wp\/v2\/comments?post=12207"}],"version-history":[{"count":1,"href":"https:\/\/www.nfunb.org\/fr\/wp-json\/wp\/v2\/posts\/12207\/revisions"}],"predecessor-version":[{"id":12214,"href":"https:\/\/www.nfunb.org\/fr\/wp-json\/wp\/v2\/posts\/12207\/revisions\/12214"}],"wp:attachment":[{"href":"https:\/\/www.nfunb.org\/fr\/wp-json\/wp\/v2\/media?parent=12207"}],"wp:term":[{"taxonomy":"category","embeddable":true,"href":"https:\/\/www.nfunb.org\/fr\/wp-json\/wp\/v2\/categories?post=12207"},{"taxonomy":"post_tag","embeddable":true,"href":"https:\/\/www.nfunb.org\/fr\/wp-json\/wp\/v2\/tags?post=12207"}],"curies":[{"name":"wp","href":"https:\/\/api.w.org\/{rel}","templated":true}]}}