{"id":12215,"date":"2013-07-22T09:29:21","date_gmt":"2013-07-22T13:29:21","guid":{"rendered":"https:\/\/nfunb.org\/wordpress\/?p=12215"},"modified":"2022-01-19T09:30:56","modified_gmt":"2022-01-19T13:30:56","slug":"lunion-nationale-des-fermiers-au-nouveau-brunswick-a-une-nouvelle-directrice-generale-le-22-juillet-2013","status":"publish","type":"post","link":"https:\/\/www.nfunb.org\/fr\/lunion-nationale-des-fermiers-au-nouveau-brunswick-a-une-nouvelle-directrice-generale-le-22-juillet-2013\/","title":{"rendered":"L\u2019Union nationale des fermiers au Nouveau-Brunswick a une nouvelle Directrice g\u00e9n\u00e9rale, le 22 juillet, 2013"},"content":{"rendered":"<p>L\u2019Union nationale des fermiers au Nouveau-Brunswick est heureuse d\u2019annoncer la nomination de Marieka Chaplin en tant que Directrice g\u00e9n\u00e9rale, \u00e0 partir du 2 juillet\u00a02013.\u00a0 Chaplin demeure \u00e0 Keswick Ridge et elle a grandit dans le comt\u00e9 de Carleton, au N.-B. Elle est dipl\u00f4m\u00e9e en biologie de l\u2019Universit\u00e9 de Guelph, en Ontario. Chaplin a travaill\u00e9 dans le secteur de la consultation en environnement, ainsi qu\u2019avec plusieurs organisations \u00e0 but non lucratif au N.-B. Avec son mari et leurs trois enfants, Chaplin exploite une autocueillette de pommes dont le nom est Sandow Farm.<\/p>\n<figure id=\"attachment_12216\" aria-describedby=\"caption-attachment-12216\" style=\"width: 300px\" class=\"wp-caption aligncenter\"><img loading=\"lazy\" decoding=\"async\" class=\"wp-image-12216 size-medium\" src=\"https:\/\/nfunb.org\/wordpress\/wp-content\/uploads\/2022\/01\/IMG_3711-300x164.jpg\" alt=\"\" width=\"300\" height=\"164\" srcset=\"https:\/\/www.nfunb.org\/wp-content\/uploads\/2022\/01\/IMG_3711-300x164.jpg 300w, https:\/\/www.nfunb.org\/wp-content\/uploads\/2022\/01\/IMG_3711-1024x560.jpg 1024w, https:\/\/www.nfunb.org\/wp-content\/uploads\/2022\/01\/IMG_3711-1536x840.jpg 1536w, https:\/\/www.nfunb.org\/wp-content\/uploads\/2022\/01\/IMG_3711.jpg 1677w\" sizes=\"auto, (max-width: 300px) 100vw, 300px\" \/><figcaption id=\"caption-attachment-12216\" class=\"wp-caption-text\">Marieka Chaplin, Directrice g\u00e9n\u00e9rale de l\u2019UNF au NB et le ministre de l\u2019Agriculture, de l\u2019Aquaculture et des P\u00eaches, Michael Olscamp.<\/figcaption><\/figure>\n<p>Marieka Chaplin se r\u00e9jouis de son r\u00f4le pour am\u00e9liorer le succ\u00e8s et la vitalit\u00e9 des fermiers de la province, ainsi que la formulation de politiques agricoles progressives. L\u2019Union nationale des fermiers (UNF) repr\u00e9sente les familles fermi\u00e8res produisant toutes les denr\u00e9es \u00e0 travers le Canada depuis plus de quarante ans. Les familles membres de l\u2019UNF croient que la ferme familiale est la m\u00e9thode de production agricole la plus efficace et la plus appropri\u00e9e. Ses membres travaillent ensembles pour obtenir des politiques agricoles qui assurent la dignit\u00e9 et la s\u00e9curit\u00e9 du revenu pour les familles fermi\u00e8res, tout en am\u00e9liorant la terre pour les g\u00e9n\u00e9rations futures.<\/p>\n<p>L\u2019un des buts de Mme Chaplin est d\u2019augmenter le nombre des membres de l\u2019UNF au NB. Elle a h\u00e2te de visiter les fermes, les march\u00e9s du fermier et les \u00e9v\u00e9nements qui font la promotion des aliments produits localement. L\u2019UNF au NB appuie l\u2019achat local et elle travaille avec le gouvernement afin de promouvoir une \u00e9tiquette \u00ab Produits du N.-B. \u00bb, ce qui faciliterait l\u2019identification des aliments produits dans la province pour les consommateurs.<\/p>\n<p>L\u2019Union nationale des fermiers au Nouveau-Brunswick est l\u2019une des deux organisations agricoles g\u00e9n\u00e9rales aggr\u00e9\u00e9es de la province. Pour de plus amples renseignements, communiquez avec nous\u00a0<a href=\"mailto:nfu.nb.office@gmail.com\">par courriel<\/a><\/p>\n","protected":false},"excerpt":{"rendered":"<p>L\u2019Union nationale des fermiers au Nouveau-Brunswick est heureuse d\u2019annoncer la nomination de Marieka Chaplin en tant que Directrice g\u00e9n\u00e9rale, \u00e0 partir du 2 juillet\u00a02013.\u00a0 Chaplin demeure \u00e0 Keswick Ridge et [&hellip;]<\/p>\n","protected":false},"author":1,"featured_media":0,"comment_status":"closed","ping_status":"open","sticky":false,"template":"","format":"standard","meta":{"footnotes":""},"categories":[18],"tags":[],"class_list":["post-12215","post","type-post","status-publish","format-standard","hentry","category-nouvelles"],"yoast_head":"<!-- This site is optimized with the Yoast SEO plugin v26.7 - https:\/\/yoast.com\/wordpress\/plugins\/seo\/ -->\n<title>L\u2019Union nationale des fermiers au Nouveau-Brunswick a une nouvelle Directrice g\u00e9n\u00e9rale, le 22 juillet, 2013 - National Farmers Union in New Brunswick<\/title>\n<meta name=\"robots\" content=\"index, follow, max-snippet:-1, max-image-preview:large, max-video-preview:-1\" \/>\n<link rel=\"canonical\" href=\"https:\/\/www.nfunb.org\/fr\/lunion-nationale-des-fermiers-au-nouveau-brunswick-a-une-nouvelle-directrice-generale-le-22-juillet-2013\/\" \/>\n<meta property=\"og:locale\" content=\"fr_FR\" \/>\n<meta property=\"og:type\" content=\"article\" \/>\n<meta property=\"og:title\" content=\"L\u2019Union nationale des fermiers au Nouveau-Brunswick a une nouvelle Directrice g\u00e9n\u00e9rale, le 22 juillet, 2013 - National Farmers Union in New Brunswick\" \/>\n<meta property=\"og:description\" content=\"L\u2019Union nationale des fermiers au Nouveau-Brunswick est heureuse d\u2019annoncer la nomination de Marieka Chaplin en tant que Directrice g\u00e9n\u00e9rale, \u00e0 partir du 2 juillet\u00a02013.\u00a0 Chaplin demeure \u00e0 Keswick Ridge et [&hellip;]\" \/>\n<meta property=\"og:url\" content=\"https:\/\/www.nfunb.org\/fr\/lunion-nationale-des-fermiers-au-nouveau-brunswick-a-une-nouvelle-directrice-generale-le-22-juillet-2013\/\" \/>\n<meta property=\"og:site_name\" content=\"National Farmers Union in New Brunswick\" \/>\n<meta property=\"article:publisher\" content=\"https:\/\/www.facebook.com\/NFUinNB\" \/>\n<meta property=\"article:published_time\" content=\"2013-07-22T13:29:21+00:00\" \/>\n<meta property=\"article:modified_time\" content=\"2022-01-19T13:30:56+00:00\" \/>\n<meta property=\"og:image\" content=\"https:\/\/nfunb.org\/wordpress\/wp-content\/uploads\/2022\/01\/IMG_3711-300x164.jpg\" \/>\n<meta name=\"author\" content=\"admin\" \/>\n<meta name=\"twitter:card\" content=\"summary_large_image\" \/>\n<meta name=\"twitter:label1\" content=\"\u00c9crit par\" \/>\n\t<meta name=\"twitter:data1\" content=\"admin\" \/>\n\t<meta name=\"twitter:label2\" content=\"Dur\u00e9e de lecture estim\u00e9e\" \/>\n\t<meta name=\"twitter:data2\" content=\"2 minutes\" \/>\n<script type=\"application\/ld+json\" class=\"yoast-schema-graph\">{\"@context\":\"https:\/\/schema.org\",\"@graph\":[{\"@type\":\"Article\",\"@id\":\"https:\/\/www.nfunb.org\/fr\/lunion-nationale-des-fermiers-au-nouveau-brunswick-a-une-nouvelle-directrice-generale-le-22-juillet-2013\/#article\",\"isPartOf\":{\"@id\":\"https:\/\/www.nfunb.org\/fr\/lunion-nationale-des-fermiers-au-nouveau-brunswick-a-une-nouvelle-directrice-generale-le-22-juillet-2013\/\"},\"author\":{\"name\":\"admin\",\"@id\":\"https:\/\/www.nfunb.org\/fr\/#\/schema\/person\/1350c3bd5aa20e59953cf65dc542243a\"},\"headline\":\"L\u2019Union nationale des fermiers au Nouveau-Brunswick a une nouvelle Directrice g\u00e9n\u00e9rale, le 22 juillet, 2013\",\"datePublished\":\"2013-07-22T13:29:21+00:00\",\"dateModified\":\"2022-01-19T13:30:56+00:00\",\"mainEntityOfPage\":{\"@id\":\"https:\/\/www.nfunb.org\/fr\/lunion-nationale-des-fermiers-au-nouveau-brunswick-a-une-nouvelle-directrice-generale-le-22-juillet-2013\/\"},\"wordCount\":377,\"publisher\":{\"@id\":\"https:\/\/www.nfunb.org\/fr\/#organization\"},\"image\":{\"@id\":\"https:\/\/www.nfunb.org\/fr\/lunion-nationale-des-fermiers-au-nouveau-brunswick-a-une-nouvelle-directrice-generale-le-22-juillet-2013\/#primaryimage\"},\"thumbnailUrl\":\"https:\/\/nfunb.org\/wordpress\/wp-content\/uploads\/2022\/01\/IMG_3711-300x164.jpg\",\"articleSection\":[\"Nouvelles\"],\"inLanguage\":\"fr-FR\"},{\"@type\":\"WebPage\",\"@id\":\"https:\/\/www.nfunb.org\/fr\/lunion-nationale-des-fermiers-au-nouveau-brunswick-a-une-nouvelle-directrice-generale-le-22-juillet-2013\/\",\"url\":\"https:\/\/www.nfunb.org\/fr\/lunion-nationale-des-fermiers-au-nouveau-brunswick-a-une-nouvelle-directrice-generale-le-22-juillet-2013\/\",\"name\":\"L\u2019Union nationale des fermiers au Nouveau-Brunswick a une nouvelle Directrice g\u00e9n\u00e9rale, le 22 juillet, 2013 - National Farmers Union in New Brunswick\",\"isPartOf\":{\"@id\":\"https:\/\/www.nfunb.org\/fr\/#website\"},\"primaryImageOfPage\":{\"@id\":\"https:\/\/www.nfunb.org\/fr\/lunion-nationale-des-fermiers-au-nouveau-brunswick-a-une-nouvelle-directrice-generale-le-22-juillet-2013\/#primaryimage\"},\"image\":{\"@id\":\"https:\/\/www.nfunb.org\/fr\/lunion-nationale-des-fermiers-au-nouveau-brunswick-a-une-nouvelle-directrice-generale-le-22-juillet-2013\/#primaryimage\"},\"thumbnailUrl\":\"https:\/\/nfunb.org\/wordpress\/wp-content\/uploads\/2022\/01\/IMG_3711-300x164.jpg\",\"datePublished\":\"2013-07-22T13:29:21+00:00\",\"dateModified\":\"2022-01-19T13:30:56+00:00\",\"breadcrumb\":{\"@id\":\"https:\/\/www.nfunb.org\/fr\/lunion-nationale-des-fermiers-au-nouveau-brunswick-a-une-nouvelle-directrice-generale-le-22-juillet-2013\/#breadcrumb\"},\"inLanguage\":\"fr-FR\",\"potentialAction\":[{\"@type\":\"ReadAction\",\"target\":[\"https:\/\/www.nfunb.org\/fr\/lunion-nationale-des-fermiers-au-nouveau-brunswick-a-une-nouvelle-directrice-generale-le-22-juillet-2013\/\"]}]},{\"@type\":\"ImageObject\",\"inLanguage\":\"fr-FR\",\"@id\":\"https:\/\/www.nfunb.org\/fr\/lunion-nationale-des-fermiers-au-nouveau-brunswick-a-une-nouvelle-directrice-generale-le-22-juillet-2013\/#primaryimage\",\"url\":\"https:\/\/nfunb.org\/wordpress\/wp-content\/uploads\/2022\/01\/IMG_3711-300x164.jpg\",\"contentUrl\":\"https:\/\/nfunb.org\/wordpress\/wp-content\/uploads\/2022\/01\/IMG_3711-300x164.jpg\"},{\"@type\":\"BreadcrumbList\",\"@id\":\"https:\/\/www.nfunb.org\/fr\/lunion-nationale-des-fermiers-au-nouveau-brunswick-a-une-nouvelle-directrice-generale-le-22-juillet-2013\/#breadcrumb\",\"itemListElement\":[{\"@type\":\"ListItem\",\"position\":1,\"name\":\"Home\",\"item\":\"https:\/\/www.nfunb.org\/fr\/home\/\"},{\"@type\":\"ListItem\",\"position\":2,\"name\":\"L\u2019Union nationale des fermiers au Nouveau-Brunswick a une nouvelle Directrice g\u00e9n\u00e9rale, le 22 juillet, 2013\"}]},{\"@type\":\"WebSite\",\"@id\":\"https:\/\/www.nfunb.org\/fr\/#website\",\"url\":\"https:\/\/www.nfunb.org\/fr\/\",\"name\":\"National Farmers Union in New Brunswick\",\"description\":\"Strong Communities. Sound Policies. Sustainable Farms\",\"publisher\":{\"@id\":\"https:\/\/www.nfunb.org\/fr\/#organization\"},\"potentialAction\":[{\"@type\":\"SearchAction\",\"target\":{\"@type\":\"EntryPoint\",\"urlTemplate\":\"https:\/\/www.nfunb.org\/fr\/?s={search_term_string}\"},\"query-input\":{\"@type\":\"PropertyValueSpecification\",\"valueRequired\":true,\"valueName\":\"search_term_string\"}}],\"inLanguage\":\"fr-FR\"},{\"@type\":\"Organization\",\"@id\":\"https:\/\/www.nfunb.org\/fr\/#organization\",\"name\":\"National Farmers Union in New Brunswick\",\"url\":\"https:\/\/www.nfunb.org\/fr\/\",\"logo\":{\"@type\":\"ImageObject\",\"inLanguage\":\"fr-FR\",\"@id\":\"https:\/\/www.nfunb.org\/fr\/#\/schema\/logo\/image\/\",\"url\":\"https:\/\/www.nfunb.org\/wp-content\/uploads\/2022\/01\/NFU_logo_CircleNB.png\",\"contentUrl\":\"https:\/\/www.nfunb.org\/wp-content\/uploads\/2022\/01\/NFU_logo_CircleNB.png\",\"width\":480,\"height\":480,\"caption\":\"National Farmers Union in New Brunswick\"},\"image\":{\"@id\":\"https:\/\/www.nfunb.org\/fr\/#\/schema\/logo\/image\/\"},\"sameAs\":[\"https:\/\/www.facebook.com\/NFUinNB\",\"https:\/\/www.instagram.com\/nfu.unf.nb\/\"]},{\"@type\":\"Person\",\"@id\":\"https:\/\/www.nfunb.org\/fr\/#\/schema\/person\/1350c3bd5aa20e59953cf65dc542243a\",\"name\":\"admin\",\"image\":{\"@type\":\"ImageObject\",\"inLanguage\":\"fr-FR\",\"@id\":\"https:\/\/www.nfunb.org\/fr\/#\/schema\/person\/image\/\",\"url\":\"https:\/\/secure.gravatar.com\/avatar\/26808d8fbe6a93b27a5be6fcee340112d06dadfad75e4e9c8533678c2951edde?s=96&d=mm&r=g\",\"contentUrl\":\"https:\/\/secure.gravatar.com\/avatar\/26808d8fbe6a93b27a5be6fcee340112d06dadfad75e4e9c8533678c2951edde?s=96&d=mm&r=g\",\"caption\":\"admin\"},\"sameAs\":[\"https:\/\/nfunb.org\/wordpress\/\"],\"url\":\"https:\/\/www.nfunb.org\/fr\/author\/admin\/\"}]}<\/script>\n<!-- \/ Yoast SEO plugin. -->","yoast_head_json":{"title":"L\u2019Union nationale des fermiers au Nouveau-Brunswick a une nouvelle Directrice g\u00e9n\u00e9rale, le 22 juillet, 2013 - National Farmers Union in New Brunswick","robots":{"index":"index","follow":"follow","max-snippet":"max-snippet:-1","max-image-preview":"max-image-preview:large","max-video-preview":"max-video-preview:-1"},"canonical":"https:\/\/www.nfunb.org\/fr\/lunion-nationale-des-fermiers-au-nouveau-brunswick-a-une-nouvelle-directrice-generale-le-22-juillet-2013\/","og_locale":"fr_FR","og_type":"article","og_title":"L\u2019Union nationale des fermiers au Nouveau-Brunswick a une nouvelle Directrice g\u00e9n\u00e9rale, le 22 juillet, 2013 - National Farmers Union in New Brunswick","og_description":"L\u2019Union nationale des fermiers au Nouveau-Brunswick est heureuse d\u2019annoncer la nomination de Marieka Chaplin en tant que Directrice g\u00e9n\u00e9rale, \u00e0 partir du 2 juillet\u00a02013.\u00a0 Chaplin demeure \u00e0 Keswick Ridge et [&hellip;]","og_url":"https:\/\/www.nfunb.org\/fr\/lunion-nationale-des-fermiers-au-nouveau-brunswick-a-une-nouvelle-directrice-generale-le-22-juillet-2013\/","og_site_name":"National Farmers Union in New Brunswick","article_publisher":"https:\/\/www.facebook.com\/NFUinNB","article_published_time":"2013-07-22T13:29:21+00:00","article_modified_time":"2022-01-19T13:30:56+00:00","og_image":[{"url":"https:\/\/nfunb.org\/wordpress\/wp-content\/uploads\/2022\/01\/IMG_3711-300x164.jpg","type":"","width":"","height":""}],"author":"admin","twitter_card":"summary_large_image","twitter_misc":{"\u00c9crit par":"admin","Dur\u00e9e de lecture estim\u00e9e":"2 minutes"},"schema":{"@context":"https:\/\/schema.org","@graph":[{"@type":"Article","@id":"https:\/\/www.nfunb.org\/fr\/lunion-nationale-des-fermiers-au-nouveau-brunswick-a-une-nouvelle-directrice-generale-le-22-juillet-2013\/#article","isPartOf":{"@id":"https:\/\/www.nfunb.org\/fr\/lunion-nationale-des-fermiers-au-nouveau-brunswick-a-une-nouvelle-directrice-generale-le-22-juillet-2013\/"},"author":{"name":"admin","@id":"https:\/\/www.nfunb.org\/fr\/#\/schema\/person\/1350c3bd5aa20e59953cf65dc542243a"},"headline":"L\u2019Union nationale des fermiers au Nouveau-Brunswick a une nouvelle Directrice g\u00e9n\u00e9rale, le 22 juillet, 2013","datePublished":"2013-07-22T13:29:21+00:00","dateModified":"2022-01-19T13:30:56+00:00","mainEntityOfPage":{"@id":"https:\/\/www.nfunb.org\/fr\/lunion-nationale-des-fermiers-au-nouveau-brunswick-a-une-nouvelle-directrice-generale-le-22-juillet-2013\/"},"wordCount":377,"publisher":{"@id":"https:\/\/www.nfunb.org\/fr\/#organization"},"image":{"@id":"https:\/\/www.nfunb.org\/fr\/lunion-nationale-des-fermiers-au-nouveau-brunswick-a-une-nouvelle-directrice-generale-le-22-juillet-2013\/#primaryimage"},"thumbnailUrl":"https:\/\/nfunb.org\/wordpress\/wp-content\/uploads\/2022\/01\/IMG_3711-300x164.jpg","articleSection":["Nouvelles"],"inLanguage":"fr-FR"},{"@type":"WebPage","@id":"https:\/\/www.nfunb.org\/fr\/lunion-nationale-des-fermiers-au-nouveau-brunswick-a-une-nouvelle-directrice-generale-le-22-juillet-2013\/","url":"https:\/\/www.nfunb.org\/fr\/lunion-nationale-des-fermiers-au-nouveau-brunswick-a-une-nouvelle-directrice-generale-le-22-juillet-2013\/","name":"L\u2019Union nationale des fermiers au Nouveau-Brunswick a une nouvelle Directrice g\u00e9n\u00e9rale, le 22 juillet, 2013 - National Farmers Union in New Brunswick","isPartOf":{"@id":"https:\/\/www.nfunb.org\/fr\/#website"},"primaryImageOfPage":{"@id":"https:\/\/www.nfunb.org\/fr\/lunion-nationale-des-fermiers-au-nouveau-brunswick-a-une-nouvelle-directrice-generale-le-22-juillet-2013\/#primaryimage"},"image":{"@id":"https:\/\/www.nfunb.org\/fr\/lunion-nationale-des-fermiers-au-nouveau-brunswick-a-une-nouvelle-directrice-generale-le-22-juillet-2013\/#primaryimage"},"thumbnailUrl":"https:\/\/nfunb.org\/wordpress\/wp-content\/uploads\/2022\/01\/IMG_3711-300x164.jpg","datePublished":"2013-07-22T13:29:21+00:00","dateModified":"2022-01-19T13:30:56+00:00","breadcrumb":{"@id":"https:\/\/www.nfunb.org\/fr\/lunion-nationale-des-fermiers-au-nouveau-brunswick-a-une-nouvelle-directrice-generale-le-22-juillet-2013\/#breadcrumb"},"inLanguage":"fr-FR","potentialAction":[{"@type":"ReadAction","target":["https:\/\/www.nfunb.org\/fr\/lunion-nationale-des-fermiers-au-nouveau-brunswick-a-une-nouvelle-directrice-generale-le-22-juillet-2013\/"]}]},{"@type":"ImageObject","inLanguage":"fr-FR","@id":"https:\/\/www.nfunb.org\/fr\/lunion-nationale-des-fermiers-au-nouveau-brunswick-a-une-nouvelle-directrice-generale-le-22-juillet-2013\/#primaryimage","url":"https:\/\/nfunb.org\/wordpress\/wp-content\/uploads\/2022\/01\/IMG_3711-300x164.jpg","contentUrl":"https:\/\/nfunb.org\/wordpress\/wp-content\/uploads\/2022\/01\/IMG_3711-300x164.jpg"},{"@type":"BreadcrumbList","@id":"https:\/\/www.nfunb.org\/fr\/lunion-nationale-des-fermiers-au-nouveau-brunswick-a-une-nouvelle-directrice-generale-le-22-juillet-2013\/#breadcrumb","itemListElement":[{"@type":"ListItem","position":1,"name":"Home","item":"https:\/\/www.nfunb.org\/fr\/home\/"},{"@type":"ListItem","position":2,"name":"L\u2019Union nationale des fermiers au Nouveau-Brunswick a une nouvelle Directrice g\u00e9n\u00e9rale, le 22 juillet, 2013"}]},{"@type":"WebSite","@id":"https:\/\/www.nfunb.org\/fr\/#website","url":"https:\/\/www.nfunb.org\/fr\/","name":"National Farmers Union in New Brunswick","description":"Strong Communities. Sound Policies. Sustainable Farms","publisher":{"@id":"https:\/\/www.nfunb.org\/fr\/#organization"},"potentialAction":[{"@type":"SearchAction","target":{"@type":"EntryPoint","urlTemplate":"https:\/\/www.nfunb.org\/fr\/?s={search_term_string}"},"query-input":{"@type":"PropertyValueSpecification","valueRequired":true,"valueName":"search_term_string"}}],"inLanguage":"fr-FR"},{"@type":"Organization","@id":"https:\/\/www.nfunb.org\/fr\/#organization","name":"National Farmers Union in New Brunswick","url":"https:\/\/www.nfunb.org\/fr\/","logo":{"@type":"ImageObject","inLanguage":"fr-FR","@id":"https:\/\/www.nfunb.org\/fr\/#\/schema\/logo\/image\/","url":"https:\/\/www.nfunb.org\/wp-content\/uploads\/2022\/01\/NFU_logo_CircleNB.png","contentUrl":"https:\/\/www.nfunb.org\/wp-content\/uploads\/2022\/01\/NFU_logo_CircleNB.png","width":480,"height":480,"caption":"National Farmers Union in New Brunswick"},"image":{"@id":"https:\/\/www.nfunb.org\/fr\/#\/schema\/logo\/image\/"},"sameAs":["https:\/\/www.facebook.com\/NFUinNB","https:\/\/www.instagram.com\/nfu.unf.nb\/"]},{"@type":"Person","@id":"https:\/\/www.nfunb.org\/fr\/#\/schema\/person\/1350c3bd5aa20e59953cf65dc542243a","name":"admin","image":{"@type":"ImageObject","inLanguage":"fr-FR","@id":"https:\/\/www.nfunb.org\/fr\/#\/schema\/person\/image\/","url":"https:\/\/secure.gravatar.com\/avatar\/26808d8fbe6a93b27a5be6fcee340112d06dadfad75e4e9c8533678c2951edde?s=96&d=mm&r=g","contentUrl":"https:\/\/secure.gravatar.com\/avatar\/26808d8fbe6a93b27a5be6fcee340112d06dadfad75e4e9c8533678c2951edde?s=96&d=mm&r=g","caption":"admin"},"sameAs":["https:\/\/nfunb.org\/wordpress\/"],"url":"https:\/\/www.nfunb.org\/fr\/author\/admin\/"}]}},"_links":{"self":[{"href":"https:\/\/www.nfunb.org\/fr\/wp-json\/wp\/v2\/posts\/12215","targetHints":{"allow":["GET"]}}],"collection":[{"href":"https:\/\/www.nfunb.org\/fr\/wp-json\/wp\/v2\/posts"}],"about":[{"href":"https:\/\/www.nfunb.org\/fr\/wp-json\/wp\/v2\/types\/post"}],"author":[{"embeddable":true,"href":"https:\/\/www.nfunb.org\/fr\/wp-json\/wp\/v2\/users\/1"}],"replies":[{"embeddable":true,"href":"https:\/\/www.nfunb.org\/fr\/wp-json\/wp\/v2\/comments?post=12215"}],"version-history":[{"count":1,"href":"https:\/\/www.nfunb.org\/fr\/wp-json\/wp\/v2\/posts\/12215\/revisions"}],"predecessor-version":[{"id":12218,"href":"https:\/\/www.nfunb.org\/fr\/wp-json\/wp\/v2\/posts\/12215\/revisions\/12218"}],"wp:attachment":[{"href":"https:\/\/www.nfunb.org\/fr\/wp-json\/wp\/v2\/media?parent=12215"}],"wp:term":[{"taxonomy":"category","embeddable":true,"href":"https:\/\/www.nfunb.org\/fr\/wp-json\/wp\/v2\/categories?post=12215"},{"taxonomy":"post_tag","embeddable":true,"href":"https:\/\/www.nfunb.org\/fr\/wp-json\/wp\/v2\/tags?post=12215"}],"curies":[{"name":"wp","href":"https:\/\/api.w.org\/{rel}","templated":true}]}}