{"id":12229,"date":"2013-07-08T09:38:46","date_gmt":"2013-07-08T13:38:46","guid":{"rendered":"https:\/\/nfunb.org\/wordpress\/?p=12229"},"modified":"2022-01-19T09:40:30","modified_gmt":"2022-01-19T13:40:30","slug":"des-jeunes-seduits-par-le-metier-de-fermier","status":"publish","type":"post","link":"https:\/\/www.nfunb.org\/fr\/des-jeunes-seduits-par-le-metier-de-fermier\/","title":{"rendered":"Des jeunes s\u00e9duits par le m\u00e9tier de fermier"},"content":{"rendered":"<p>SAINT-MAURICE \u2013 Partout \u00e0 travers le monde, des jeunes comme Eva Rehak et Alain Rousselle, de Saint-Maurice, font un retour \u00e0 la terre.<\/p>\n<p>Depuis quatre ans, Eva Rehak (31 ans), Alain Rousselle (33 ans) et leurs enfants, Claire et Rose, vivent des fruits et des l\u00e9gumes qu\u2019ils cultivent sur la ferme Alva, construite sur un acre et demie de terre \u00e0 Saint-Maurice, pr\u00e8s de Bouctouche. \u00a0Chaque semaine, ces jeunes paysans livrent des paniers remplis des cueillettes de leur ferme. Au printemps, leurs clients paient pour recevoir de tels paniers pendant 18 semaines, de la mi-juin \u00e0 la mi-octobre.<\/p>\n<p>Le choix de vie d\u2019Alain et Eva est de plus en plus populaire \u00e0 travers le monde. Mme Rehak s\u2019est r\u00e9cemment rendue en Indon\u00e9sie pour la Via Campesina, un rassemblement international sur la vie paysanne qui a lieu tous les quatre ans. \u00a0\u00abIl y a un mouvement mondial, explique la fermi\u00e8re originaire de l\u2019Ontario. Mon voyage m\u2019a motiv\u00e9e en me montrant qu\u2019il y a beaucoup de jeunes qui retournent au m\u00e9tier de fermier et \u00e0 l\u2019agriculture.\u00bb<\/p>\n<div id=\"attachment_558\" class=\"wp-caption alignnone\">\n<figure id=\"attachment_12230\" aria-describedby=\"caption-attachment-12230\" style=\"width: 1024px\" class=\"wp-caption alignnone\"><img loading=\"lazy\" decoding=\"async\" class=\"wp-image-12230 size-large\" src=\"https:\/\/nfunb.org\/wordpress\/wp-content\/uploads\/2022\/01\/Screen-shot-2013-07-08-at-12.14.39-PM-1024x563.png\" alt=\"\" width=\"1024\" height=\"563\" srcset=\"https:\/\/www.nfunb.org\/wp-content\/uploads\/2022\/01\/Screen-shot-2013-07-08-at-12.14.39-PM-1024x563.png 1024w, https:\/\/www.nfunb.org\/wp-content\/uploads\/2022\/01\/Screen-shot-2013-07-08-at-12.14.39-PM-300x165.png 300w, https:\/\/www.nfunb.org\/wp-content\/uploads\/2022\/01\/Screen-shot-2013-07-08-at-12.14.39-PM.png 1094w\" sizes=\"auto, (max-width: 1024px) 100vw, 1024px\" \/><figcaption id=\"caption-attachment-12230\" class=\"wp-caption-text\">Eva Rehak et Alain Rouselle<\/figcaption><\/figure>\n<\/div>\n<p>S\u2019il y a une volont\u00e9 des jeunes de construire des fermes, passer \u00e0 l\u2019acte n\u2019est pas une mince t\u00e2che. Il faut des moyens financiers pour se payer un lot de terre et de l\u2019\u00e9quipement. Les fermiers en herbe sont confront\u00e9s \u00e0 de grands d\u00e9fis. \u00a0\u00abAvant de nous \u00e9tablir ici, nous avons malheureusement d\u00fb aller travailler en Alberta pour \u00e9pargner de l\u2019argent, nous apprend la copropri\u00e9taire. Une fois qu\u2019on en avait assez, nous sommes venus ici puis nous avons trouv\u00e9 notre petit lopin de terre.\u00bb<\/p>\n<p>Selon la fermi\u00e8re, le gouvernement du Nouveau-Brunswick devrait offrir un meilleur coup de pouce aux jeunes fermiers. \u00a0\u00abAu Qu\u00e9bec, si les jeunes font des \u00e9tudes et pr\u00e9sentent un projet viable, ils peu- vent avoir de l\u2019aide financi\u00e8re, a-t-elle mentionn\u00e9. Ils re\u00e7oivent une prime \u00e0 l\u2019\u00e9ta- blissement. On n\u2019a pas \u00e7a au ici. Si nous avions pu avoir \u00e7a dans les premi\u00e8res ann\u00e9es, \u00e7a nous aurait aid\u00e9s grandement.\u00bb<\/p>\n<p>Lors de son voyage en Indon\u00e9sie, Eva Rehak a rencontr\u00e9 des paysans de 88 pays \u00e0 travers le monde. En leur parlant, elle a constat\u00e9 que son exp\u00e9rience comme jeune fermi\u00e8re ne diff\u00e8re pas tellement de celle des autres. \u00a0\u00abUn probl\u00e8me r\u00e9current est le \u201cland grabbing\u201d. C\u2019est quand le gouvernement ach\u00e8te la terre des fermiers pour exploiter les ressources qui s\u2019y trouvent\u2026 Au Br\u00e9sil, des paysans sont tu\u00e9s afin de prendre les ressources qui sont sur leur terre.\u00bb<\/p>\n<p>\u00abIl y a aussi le contr\u00f4le des semences. Tu ne peux pas vraiment sauver ou vendre tes propres semences, il y a des restrictions.\u00bb \u00a0La fermi\u00e8re de Saint-Maurice a \u00e9galement fait part de ses inqui\u00e9tudes par rapport aux organismes g\u00e9n\u00e9tiquement modifi\u00e9s et au changements climatiques.<\/p>\n","protected":false},"excerpt":{"rendered":"<p>SAINT-MAURICE \u2013 Partout \u00e0 travers le monde, des jeunes comme Eva Rehak et Alain Rousselle, de Saint-Maurice, font un retour \u00e0 la terre. Depuis quatre ans, Eva Rehak (31 ans), [&hellip;]<\/p>\n","protected":false},"author":1,"featured_media":0,"comment_status":"open","ping_status":"open","sticky":false,"template":"","format":"standard","meta":{"footnotes":""},"categories":[126],"tags":[],"class_list":["post-12229","post","type-post","status-publish","format-standard","hentry","category-non-classifiee"],"yoast_head":"<!-- This site is optimized with the Yoast SEO plugin v26.7 - https:\/\/yoast.com\/wordpress\/plugins\/seo\/ -->\n<title>Des jeunes s\u00e9duits par le m\u00e9tier de fermier - National Farmers Union in New Brunswick<\/title>\n<meta name=\"robots\" content=\"index, follow, max-snippet:-1, max-image-preview:large, max-video-preview:-1\" \/>\n<link rel=\"canonical\" href=\"https:\/\/www.nfunb.org\/fr\/des-jeunes-seduits-par-le-metier-de-fermier\/\" \/>\n<meta property=\"og:locale\" content=\"fr_FR\" \/>\n<meta property=\"og:type\" content=\"article\" \/>\n<meta property=\"og:title\" content=\"Des jeunes s\u00e9duits par le m\u00e9tier de fermier - National Farmers Union in New Brunswick\" \/>\n<meta property=\"og:description\" content=\"SAINT-MAURICE \u2013 Partout \u00e0 travers le monde, des jeunes comme Eva Rehak et Alain Rousselle, de Saint-Maurice, font un retour \u00e0 la terre. Depuis quatre ans, Eva Rehak (31 ans), [&hellip;]\" \/>\n<meta property=\"og:url\" content=\"https:\/\/www.nfunb.org\/fr\/des-jeunes-seduits-par-le-metier-de-fermier\/\" \/>\n<meta property=\"og:site_name\" content=\"National Farmers Union in New Brunswick\" \/>\n<meta property=\"article:publisher\" content=\"https:\/\/www.facebook.com\/NFUinNB\" \/>\n<meta property=\"article:published_time\" content=\"2013-07-08T13:38:46+00:00\" \/>\n<meta property=\"article:modified_time\" content=\"2022-01-19T13:40:30+00:00\" \/>\n<meta property=\"og:image\" content=\"https:\/\/nfunb.org\/wordpress\/wp-content\/uploads\/2022\/01\/Screen-shot-2013-07-08-at-12.14.39-PM-1024x563.png\" \/>\n<meta name=\"author\" content=\"admin\" \/>\n<meta name=\"twitter:card\" content=\"summary_large_image\" \/>\n<meta name=\"twitter:label1\" content=\"\u00c9crit par\" \/>\n\t<meta name=\"twitter:data1\" content=\"admin\" \/>\n\t<meta name=\"twitter:label2\" content=\"Dur\u00e9e de lecture estim\u00e9e\" \/>\n\t<meta name=\"twitter:data2\" content=\"2 minutes\" \/>\n<script type=\"application\/ld+json\" class=\"yoast-schema-graph\">{\"@context\":\"https:\/\/schema.org\",\"@graph\":[{\"@type\":\"Article\",\"@id\":\"https:\/\/www.nfunb.org\/fr\/des-jeunes-seduits-par-le-metier-de-fermier\/#article\",\"isPartOf\":{\"@id\":\"https:\/\/www.nfunb.org\/fr\/des-jeunes-seduits-par-le-metier-de-fermier\/\"},\"author\":{\"name\":\"admin\",\"@id\":\"https:\/\/www.nfunb.org\/fr\/#\/schema\/person\/1350c3bd5aa20e59953cf65dc542243a\"},\"headline\":\"Des jeunes s\u00e9duits par le m\u00e9tier de fermier\",\"datePublished\":\"2013-07-08T13:38:46+00:00\",\"dateModified\":\"2022-01-19T13:40:30+00:00\",\"mainEntityOfPage\":{\"@id\":\"https:\/\/www.nfunb.org\/fr\/des-jeunes-seduits-par-le-metier-de-fermier\/\"},\"wordCount\":507,\"commentCount\":0,\"publisher\":{\"@id\":\"https:\/\/www.nfunb.org\/fr\/#organization\"},\"image\":{\"@id\":\"https:\/\/www.nfunb.org\/fr\/des-jeunes-seduits-par-le-metier-de-fermier\/#primaryimage\"},\"thumbnailUrl\":\"https:\/\/nfunb.org\/wordpress\/wp-content\/uploads\/2022\/01\/Screen-shot-2013-07-08-at-12.14.39-PM-1024x563.png\",\"articleSection\":[\"Non classifi\u00e9(e)\"],\"inLanguage\":\"fr-FR\"},{\"@type\":\"WebPage\",\"@id\":\"https:\/\/www.nfunb.org\/fr\/des-jeunes-seduits-par-le-metier-de-fermier\/\",\"url\":\"https:\/\/www.nfunb.org\/fr\/des-jeunes-seduits-par-le-metier-de-fermier\/\",\"name\":\"Des jeunes s\u00e9duits par le m\u00e9tier de fermier - National Farmers Union in New Brunswick\",\"isPartOf\":{\"@id\":\"https:\/\/www.nfunb.org\/fr\/#website\"},\"primaryImageOfPage\":{\"@id\":\"https:\/\/www.nfunb.org\/fr\/des-jeunes-seduits-par-le-metier-de-fermier\/#primaryimage\"},\"image\":{\"@id\":\"https:\/\/www.nfunb.org\/fr\/des-jeunes-seduits-par-le-metier-de-fermier\/#primaryimage\"},\"thumbnailUrl\":\"https:\/\/nfunb.org\/wordpress\/wp-content\/uploads\/2022\/01\/Screen-shot-2013-07-08-at-12.14.39-PM-1024x563.png\",\"datePublished\":\"2013-07-08T13:38:46+00:00\",\"dateModified\":\"2022-01-19T13:40:30+00:00\",\"breadcrumb\":{\"@id\":\"https:\/\/www.nfunb.org\/fr\/des-jeunes-seduits-par-le-metier-de-fermier\/#breadcrumb\"},\"inLanguage\":\"fr-FR\",\"potentialAction\":[{\"@type\":\"ReadAction\",\"target\":[\"https:\/\/www.nfunb.org\/fr\/des-jeunes-seduits-par-le-metier-de-fermier\/\"]}]},{\"@type\":\"ImageObject\",\"inLanguage\":\"fr-FR\",\"@id\":\"https:\/\/www.nfunb.org\/fr\/des-jeunes-seduits-par-le-metier-de-fermier\/#primaryimage\",\"url\":\"https:\/\/nfunb.org\/wordpress\/wp-content\/uploads\/2022\/01\/Screen-shot-2013-07-08-at-12.14.39-PM-1024x563.png\",\"contentUrl\":\"https:\/\/nfunb.org\/wordpress\/wp-content\/uploads\/2022\/01\/Screen-shot-2013-07-08-at-12.14.39-PM-1024x563.png\"},{\"@type\":\"BreadcrumbList\",\"@id\":\"https:\/\/www.nfunb.org\/fr\/des-jeunes-seduits-par-le-metier-de-fermier\/#breadcrumb\",\"itemListElement\":[{\"@type\":\"ListItem\",\"position\":1,\"name\":\"Home\",\"item\":\"https:\/\/www.nfunb.org\/fr\/home\/\"},{\"@type\":\"ListItem\",\"position\":2,\"name\":\"Des jeunes s\u00e9duits par le m\u00e9tier de fermier\"}]},{\"@type\":\"WebSite\",\"@id\":\"https:\/\/www.nfunb.org\/fr\/#website\",\"url\":\"https:\/\/www.nfunb.org\/fr\/\",\"name\":\"National Farmers Union in New Brunswick\",\"description\":\"Strong Communities. Sound Policies. Sustainable Farms\",\"publisher\":{\"@id\":\"https:\/\/www.nfunb.org\/fr\/#organization\"},\"potentialAction\":[{\"@type\":\"SearchAction\",\"target\":{\"@type\":\"EntryPoint\",\"urlTemplate\":\"https:\/\/www.nfunb.org\/fr\/?s={search_term_string}\"},\"query-input\":{\"@type\":\"PropertyValueSpecification\",\"valueRequired\":true,\"valueName\":\"search_term_string\"}}],\"inLanguage\":\"fr-FR\"},{\"@type\":\"Organization\",\"@id\":\"https:\/\/www.nfunb.org\/fr\/#organization\",\"name\":\"National Farmers Union in New Brunswick\",\"url\":\"https:\/\/www.nfunb.org\/fr\/\",\"logo\":{\"@type\":\"ImageObject\",\"inLanguage\":\"fr-FR\",\"@id\":\"https:\/\/www.nfunb.org\/fr\/#\/schema\/logo\/image\/\",\"url\":\"https:\/\/www.nfunb.org\/wp-content\/uploads\/2022\/01\/NFU_logo_CircleNB.png\",\"contentUrl\":\"https:\/\/www.nfunb.org\/wp-content\/uploads\/2022\/01\/NFU_logo_CircleNB.png\",\"width\":480,\"height\":480,\"caption\":\"National Farmers Union in New Brunswick\"},\"image\":{\"@id\":\"https:\/\/www.nfunb.org\/fr\/#\/schema\/logo\/image\/\"},\"sameAs\":[\"https:\/\/www.facebook.com\/NFUinNB\",\"https:\/\/www.instagram.com\/nfu.unf.nb\/\"]},{\"@type\":\"Person\",\"@id\":\"https:\/\/www.nfunb.org\/fr\/#\/schema\/person\/1350c3bd5aa20e59953cf65dc542243a\",\"name\":\"admin\",\"image\":{\"@type\":\"ImageObject\",\"inLanguage\":\"fr-FR\",\"@id\":\"https:\/\/www.nfunb.org\/fr\/#\/schema\/person\/image\/\",\"url\":\"https:\/\/secure.gravatar.com\/avatar\/26808d8fbe6a93b27a5be6fcee340112d06dadfad75e4e9c8533678c2951edde?s=96&d=mm&r=g\",\"contentUrl\":\"https:\/\/secure.gravatar.com\/avatar\/26808d8fbe6a93b27a5be6fcee340112d06dadfad75e4e9c8533678c2951edde?s=96&d=mm&r=g\",\"caption\":\"admin\"},\"sameAs\":[\"https:\/\/nfunb.org\/wordpress\/\"],\"url\":\"https:\/\/www.nfunb.org\/fr\/author\/admin\/\"}]}<\/script>\n<!-- \/ Yoast SEO plugin. -->","yoast_head_json":{"title":"Des jeunes s\u00e9duits par le m\u00e9tier de fermier - National Farmers Union in New Brunswick","robots":{"index":"index","follow":"follow","max-snippet":"max-snippet:-1","max-image-preview":"max-image-preview:large","max-video-preview":"max-video-preview:-1"},"canonical":"https:\/\/www.nfunb.org\/fr\/des-jeunes-seduits-par-le-metier-de-fermier\/","og_locale":"fr_FR","og_type":"article","og_title":"Des jeunes s\u00e9duits par le m\u00e9tier de fermier - National Farmers Union in New Brunswick","og_description":"SAINT-MAURICE \u2013 Partout \u00e0 travers le monde, des jeunes comme Eva Rehak et Alain Rousselle, de Saint-Maurice, font un retour \u00e0 la terre. Depuis quatre ans, Eva Rehak (31 ans), [&hellip;]","og_url":"https:\/\/www.nfunb.org\/fr\/des-jeunes-seduits-par-le-metier-de-fermier\/","og_site_name":"National Farmers Union in New Brunswick","article_publisher":"https:\/\/www.facebook.com\/NFUinNB","article_published_time":"2013-07-08T13:38:46+00:00","article_modified_time":"2022-01-19T13:40:30+00:00","og_image":[{"url":"https:\/\/nfunb.org\/wordpress\/wp-content\/uploads\/2022\/01\/Screen-shot-2013-07-08-at-12.14.39-PM-1024x563.png","type":"","width":"","height":""}],"author":"admin","twitter_card":"summary_large_image","twitter_misc":{"\u00c9crit par":"admin","Dur\u00e9e de lecture estim\u00e9e":"2 minutes"},"schema":{"@context":"https:\/\/schema.org","@graph":[{"@type":"Article","@id":"https:\/\/www.nfunb.org\/fr\/des-jeunes-seduits-par-le-metier-de-fermier\/#article","isPartOf":{"@id":"https:\/\/www.nfunb.org\/fr\/des-jeunes-seduits-par-le-metier-de-fermier\/"},"author":{"name":"admin","@id":"https:\/\/www.nfunb.org\/fr\/#\/schema\/person\/1350c3bd5aa20e59953cf65dc542243a"},"headline":"Des jeunes s\u00e9duits par le m\u00e9tier de fermier","datePublished":"2013-07-08T13:38:46+00:00","dateModified":"2022-01-19T13:40:30+00:00","mainEntityOfPage":{"@id":"https:\/\/www.nfunb.org\/fr\/des-jeunes-seduits-par-le-metier-de-fermier\/"},"wordCount":507,"commentCount":0,"publisher":{"@id":"https:\/\/www.nfunb.org\/fr\/#organization"},"image":{"@id":"https:\/\/www.nfunb.org\/fr\/des-jeunes-seduits-par-le-metier-de-fermier\/#primaryimage"},"thumbnailUrl":"https:\/\/nfunb.org\/wordpress\/wp-content\/uploads\/2022\/01\/Screen-shot-2013-07-08-at-12.14.39-PM-1024x563.png","articleSection":["Non classifi\u00e9(e)"],"inLanguage":"fr-FR"},{"@type":"WebPage","@id":"https:\/\/www.nfunb.org\/fr\/des-jeunes-seduits-par-le-metier-de-fermier\/","url":"https:\/\/www.nfunb.org\/fr\/des-jeunes-seduits-par-le-metier-de-fermier\/","name":"Des jeunes s\u00e9duits par le m\u00e9tier de fermier - National Farmers Union in New Brunswick","isPartOf":{"@id":"https:\/\/www.nfunb.org\/fr\/#website"},"primaryImageOfPage":{"@id":"https:\/\/www.nfunb.org\/fr\/des-jeunes-seduits-par-le-metier-de-fermier\/#primaryimage"},"image":{"@id":"https:\/\/www.nfunb.org\/fr\/des-jeunes-seduits-par-le-metier-de-fermier\/#primaryimage"},"thumbnailUrl":"https:\/\/nfunb.org\/wordpress\/wp-content\/uploads\/2022\/01\/Screen-shot-2013-07-08-at-12.14.39-PM-1024x563.png","datePublished":"2013-07-08T13:38:46+00:00","dateModified":"2022-01-19T13:40:30+00:00","breadcrumb":{"@id":"https:\/\/www.nfunb.org\/fr\/des-jeunes-seduits-par-le-metier-de-fermier\/#breadcrumb"},"inLanguage":"fr-FR","potentialAction":[{"@type":"ReadAction","target":["https:\/\/www.nfunb.org\/fr\/des-jeunes-seduits-par-le-metier-de-fermier\/"]}]},{"@type":"ImageObject","inLanguage":"fr-FR","@id":"https:\/\/www.nfunb.org\/fr\/des-jeunes-seduits-par-le-metier-de-fermier\/#primaryimage","url":"https:\/\/nfunb.org\/wordpress\/wp-content\/uploads\/2022\/01\/Screen-shot-2013-07-08-at-12.14.39-PM-1024x563.png","contentUrl":"https:\/\/nfunb.org\/wordpress\/wp-content\/uploads\/2022\/01\/Screen-shot-2013-07-08-at-12.14.39-PM-1024x563.png"},{"@type":"BreadcrumbList","@id":"https:\/\/www.nfunb.org\/fr\/des-jeunes-seduits-par-le-metier-de-fermier\/#breadcrumb","itemListElement":[{"@type":"ListItem","position":1,"name":"Home","item":"https:\/\/www.nfunb.org\/fr\/home\/"},{"@type":"ListItem","position":2,"name":"Des jeunes s\u00e9duits par le m\u00e9tier de fermier"}]},{"@type":"WebSite","@id":"https:\/\/www.nfunb.org\/fr\/#website","url":"https:\/\/www.nfunb.org\/fr\/","name":"National Farmers Union in New Brunswick","description":"Strong Communities. Sound Policies. Sustainable Farms","publisher":{"@id":"https:\/\/www.nfunb.org\/fr\/#organization"},"potentialAction":[{"@type":"SearchAction","target":{"@type":"EntryPoint","urlTemplate":"https:\/\/www.nfunb.org\/fr\/?s={search_term_string}"},"query-input":{"@type":"PropertyValueSpecification","valueRequired":true,"valueName":"search_term_string"}}],"inLanguage":"fr-FR"},{"@type":"Organization","@id":"https:\/\/www.nfunb.org\/fr\/#organization","name":"National Farmers Union in New Brunswick","url":"https:\/\/www.nfunb.org\/fr\/","logo":{"@type":"ImageObject","inLanguage":"fr-FR","@id":"https:\/\/www.nfunb.org\/fr\/#\/schema\/logo\/image\/","url":"https:\/\/www.nfunb.org\/wp-content\/uploads\/2022\/01\/NFU_logo_CircleNB.png","contentUrl":"https:\/\/www.nfunb.org\/wp-content\/uploads\/2022\/01\/NFU_logo_CircleNB.png","width":480,"height":480,"caption":"National Farmers Union in New Brunswick"},"image":{"@id":"https:\/\/www.nfunb.org\/fr\/#\/schema\/logo\/image\/"},"sameAs":["https:\/\/www.facebook.com\/NFUinNB","https:\/\/www.instagram.com\/nfu.unf.nb\/"]},{"@type":"Person","@id":"https:\/\/www.nfunb.org\/fr\/#\/schema\/person\/1350c3bd5aa20e59953cf65dc542243a","name":"admin","image":{"@type":"ImageObject","inLanguage":"fr-FR","@id":"https:\/\/www.nfunb.org\/fr\/#\/schema\/person\/image\/","url":"https:\/\/secure.gravatar.com\/avatar\/26808d8fbe6a93b27a5be6fcee340112d06dadfad75e4e9c8533678c2951edde?s=96&d=mm&r=g","contentUrl":"https:\/\/secure.gravatar.com\/avatar\/26808d8fbe6a93b27a5be6fcee340112d06dadfad75e4e9c8533678c2951edde?s=96&d=mm&r=g","caption":"admin"},"sameAs":["https:\/\/nfunb.org\/wordpress\/"],"url":"https:\/\/www.nfunb.org\/fr\/author\/admin\/"}]}},"_links":{"self":[{"href":"https:\/\/www.nfunb.org\/fr\/wp-json\/wp\/v2\/posts\/12229","targetHints":{"allow":["GET"]}}],"collection":[{"href":"https:\/\/www.nfunb.org\/fr\/wp-json\/wp\/v2\/posts"}],"about":[{"href":"https:\/\/www.nfunb.org\/fr\/wp-json\/wp\/v2\/types\/post"}],"author":[{"embeddable":true,"href":"https:\/\/www.nfunb.org\/fr\/wp-json\/wp\/v2\/users\/1"}],"replies":[{"embeddable":true,"href":"https:\/\/www.nfunb.org\/fr\/wp-json\/wp\/v2\/comments?post=12229"}],"version-history":[{"count":1,"href":"https:\/\/www.nfunb.org\/fr\/wp-json\/wp\/v2\/posts\/12229\/revisions"}],"predecessor-version":[{"id":12232,"href":"https:\/\/www.nfunb.org\/fr\/wp-json\/wp\/v2\/posts\/12229\/revisions\/12232"}],"wp:attachment":[{"href":"https:\/\/www.nfunb.org\/fr\/wp-json\/wp\/v2\/media?parent=12229"}],"wp:term":[{"taxonomy":"category","embeddable":true,"href":"https:\/\/www.nfunb.org\/fr\/wp-json\/wp\/v2\/categories?post=12229"},{"taxonomy":"post_tag","embeddable":true,"href":"https:\/\/www.nfunb.org\/fr\/wp-json\/wp\/v2\/tags?post=12229"}],"curies":[{"name":"wp","href":"https:\/\/api.w.org\/{rel}","templated":true}]}}