{"id":12312,"date":"2012-08-01T10:22:10","date_gmt":"2012-08-01T14:22:10","guid":{"rendered":"https:\/\/nfunb.org\/wordpress\/?p=12312"},"modified":"2022-01-19T10:24:35","modified_gmt":"2022-01-19T14:24:35","slug":"marquez-vos-calendriers-pour-la-rencontre-regionale-de-lunf","status":"publish","type":"post","link":"https:\/\/www.nfunb.org\/fr\/marquez-vos-calendriers-pour-la-rencontre-regionale-de-lunf\/","title":{"rendered":"Marquez vos calendriers pour la rencontre r\u00e9gionale de l\u2019UNF!"},"content":{"rendered":"<p>&nbsp;<\/p>\n<p><img loading=\"lazy\" decoding=\"async\" class=\"alignright size-full wp-image-12313\" src=\"https:\/\/nfunb.org\/wordpress\/wp-content\/uploads\/2022\/01\/bernards7.jpg\" alt=\"\" width=\"448\" height=\"252\" srcset=\"https:\/\/www.nfunb.org\/wp-content\/uploads\/2022\/01\/bernards7.jpg 448w, https:\/\/www.nfunb.org\/wp-content\/uploads\/2022\/01\/bernards7-300x169.jpg 300w\" sizes=\"auto, (max-width: 448px) 100vw, 448px\" \/><\/p>\n<p>La rencontre r\u00e9gionale de l\u2019UNF aura lieu le mardi, 7 ao\u00fbt, \u00e0 l\u2019Auberge Vue de la Dune, \u00e0 Bouctouche. C\u2019est une merveilleuse occasion de r\u00e9seauter avec les membres de l\u2019UNF de la Nouvelle-\u00c9cosse, du Nouveau-Brunswick et de l\u2019\u00cele-du-Prince-\u00c9douard, en plus de visiter une belle partie de la province.<\/p>\n<p>Le th\u00e8me de la rencontre de cette ann\u00e9e est : \u00ab Diversifier la ferme : Ajouter de la valeur au march\u00e9 local \u00bb, et nous sommes heureux d\u2019avoir les r\u00e9cipiendaires du prix \u00ab Jeune fermier de l\u2019Atlantique 2012 \u00bb, Sally et Mark Bernard, de Freetown, de l\u2019\u00ceP\u00c9, comme conf\u00e9renciers d\u2019honneur. Les Bernard, ainsi que le Chef Carson, de Carson\u2019s Organics, vont partager leurs points de vue en mati\u00e8re de possibilit\u00e9s en valeur ajout\u00e9e pour l\u2019agriculture au Canada Atlantique. Le Chef Carson va \u00e9galement offrir une tourn\u00e9e de son jardin et un buffet du midi compos\u00e9 d\u2019aliments biologiques d\u00e9licieux et locaux.<\/p>\n<p>Pour plus amples information: voir l\u2019affliche <a href=\"https:\/\/nfunb.org\/wordpress\/wp-content\/uploads\/2022\/01\/NFU-Regional-Convention-Flyer.pdf\">Recontre regionale UNF<\/a>\u00a0ou contactez-nous!<\/p>\n","protected":false},"excerpt":{"rendered":"<p>&nbsp; La rencontre r\u00e9gionale de l\u2019UNF aura lieu le mardi, 7 ao\u00fbt, \u00e0 l\u2019Auberge Vue de la Dune, \u00e0 Bouctouche. C\u2019est une merveilleuse occasion de r\u00e9seauter avec les membres de [&hellip;]<\/p>\n","protected":false},"author":1,"featured_media":0,"comment_status":"closed","ping_status":"open","sticky":false,"template":"","format":"standard","meta":{"footnotes":""},"categories":[18],"tags":[],"class_list":["post-12312","post","type-post","status-publish","format-standard","hentry","category-nouvelles"],"yoast_head":"<!-- This site is optimized with the Yoast SEO plugin v26.7 - https:\/\/yoast.com\/wordpress\/plugins\/seo\/ -->\n<title>Marquez vos calendriers pour la rencontre r\u00e9gionale de l\u2019UNF! - National Farmers Union in New Brunswick<\/title>\n<meta name=\"robots\" content=\"index, follow, max-snippet:-1, max-image-preview:large, max-video-preview:-1\" \/>\n<link rel=\"canonical\" href=\"https:\/\/www.nfunb.org\/fr\/marquez-vos-calendriers-pour-la-rencontre-regionale-de-lunf\/\" \/>\n<meta property=\"og:locale\" content=\"fr_FR\" \/>\n<meta property=\"og:type\" content=\"article\" \/>\n<meta property=\"og:title\" content=\"Marquez vos calendriers pour la rencontre r\u00e9gionale de l\u2019UNF! - National Farmers Union in New Brunswick\" \/>\n<meta property=\"og:description\" content=\"&nbsp; La rencontre r\u00e9gionale de l\u2019UNF aura lieu le mardi, 7 ao\u00fbt, \u00e0 l\u2019Auberge Vue de la Dune, \u00e0 Bouctouche. C\u2019est une merveilleuse occasion de r\u00e9seauter avec les membres de [&hellip;]\" \/>\n<meta property=\"og:url\" content=\"https:\/\/www.nfunb.org\/fr\/marquez-vos-calendriers-pour-la-rencontre-regionale-de-lunf\/\" \/>\n<meta property=\"og:site_name\" content=\"National Farmers Union in New Brunswick\" \/>\n<meta property=\"article:publisher\" content=\"https:\/\/www.facebook.com\/NFUinNB\" \/>\n<meta property=\"article:published_time\" content=\"2012-08-01T14:22:10+00:00\" \/>\n<meta property=\"article:modified_time\" content=\"2022-01-19T14:24:35+00:00\" \/>\n<meta property=\"og:image\" content=\"https:\/\/nfunb.org\/wordpress\/wp-content\/uploads\/2022\/01\/bernards7.jpg\" \/>\n<meta name=\"author\" content=\"admin\" \/>\n<meta name=\"twitter:card\" content=\"summary_large_image\" \/>\n<meta name=\"twitter:label1\" content=\"\u00c9crit par\" \/>\n\t<meta name=\"twitter:data1\" content=\"admin\" \/>\n\t<meta name=\"twitter:label2\" content=\"Dur\u00e9e de lecture estim\u00e9e\" \/>\n\t<meta name=\"twitter:data2\" content=\"1 minute\" \/>\n<script type=\"application\/ld+json\" class=\"yoast-schema-graph\">{\"@context\":\"https:\/\/schema.org\",\"@graph\":[{\"@type\":\"Article\",\"@id\":\"https:\/\/www.nfunb.org\/fr\/marquez-vos-calendriers-pour-la-rencontre-regionale-de-lunf\/#article\",\"isPartOf\":{\"@id\":\"https:\/\/www.nfunb.org\/fr\/marquez-vos-calendriers-pour-la-rencontre-regionale-de-lunf\/\"},\"author\":{\"name\":\"admin\",\"@id\":\"https:\/\/www.nfunb.org\/fr\/#\/schema\/person\/1350c3bd5aa20e59953cf65dc542243a\"},\"headline\":\"Marquez vos calendriers pour la rencontre r\u00e9gionale de l\u2019UNF!\",\"datePublished\":\"2012-08-01T14:22:10+00:00\",\"dateModified\":\"2022-01-19T14:24:35+00:00\",\"mainEntityOfPage\":{\"@id\":\"https:\/\/www.nfunb.org\/fr\/marquez-vos-calendriers-pour-la-rencontre-regionale-de-lunf\/\"},\"wordCount\":188,\"publisher\":{\"@id\":\"https:\/\/www.nfunb.org\/fr\/#organization\"},\"image\":{\"@id\":\"https:\/\/www.nfunb.org\/fr\/marquez-vos-calendriers-pour-la-rencontre-regionale-de-lunf\/#primaryimage\"},\"thumbnailUrl\":\"https:\/\/nfunb.org\/wordpress\/wp-content\/uploads\/2022\/01\/bernards7.jpg\",\"articleSection\":[\"Nouvelles\"],\"inLanguage\":\"fr-FR\"},{\"@type\":\"WebPage\",\"@id\":\"https:\/\/www.nfunb.org\/fr\/marquez-vos-calendriers-pour-la-rencontre-regionale-de-lunf\/\",\"url\":\"https:\/\/www.nfunb.org\/fr\/marquez-vos-calendriers-pour-la-rencontre-regionale-de-lunf\/\",\"name\":\"Marquez vos calendriers pour la rencontre r\u00e9gionale de l\u2019UNF! - National Farmers Union in New Brunswick\",\"isPartOf\":{\"@id\":\"https:\/\/www.nfunb.org\/fr\/#website\"},\"primaryImageOfPage\":{\"@id\":\"https:\/\/www.nfunb.org\/fr\/marquez-vos-calendriers-pour-la-rencontre-regionale-de-lunf\/#primaryimage\"},\"image\":{\"@id\":\"https:\/\/www.nfunb.org\/fr\/marquez-vos-calendriers-pour-la-rencontre-regionale-de-lunf\/#primaryimage\"},\"thumbnailUrl\":\"https:\/\/nfunb.org\/wordpress\/wp-content\/uploads\/2022\/01\/bernards7.jpg\",\"datePublished\":\"2012-08-01T14:22:10+00:00\",\"dateModified\":\"2022-01-19T14:24:35+00:00\",\"breadcrumb\":{\"@id\":\"https:\/\/www.nfunb.org\/fr\/marquez-vos-calendriers-pour-la-rencontre-regionale-de-lunf\/#breadcrumb\"},\"inLanguage\":\"fr-FR\",\"potentialAction\":[{\"@type\":\"ReadAction\",\"target\":[\"https:\/\/www.nfunb.org\/fr\/marquez-vos-calendriers-pour-la-rencontre-regionale-de-lunf\/\"]}]},{\"@type\":\"ImageObject\",\"inLanguage\":\"fr-FR\",\"@id\":\"https:\/\/www.nfunb.org\/fr\/marquez-vos-calendriers-pour-la-rencontre-regionale-de-lunf\/#primaryimage\",\"url\":\"https:\/\/nfunb.org\/wordpress\/wp-content\/uploads\/2022\/01\/bernards7.jpg\",\"contentUrl\":\"https:\/\/nfunb.org\/wordpress\/wp-content\/uploads\/2022\/01\/bernards7.jpg\"},{\"@type\":\"BreadcrumbList\",\"@id\":\"https:\/\/www.nfunb.org\/fr\/marquez-vos-calendriers-pour-la-rencontre-regionale-de-lunf\/#breadcrumb\",\"itemListElement\":[{\"@type\":\"ListItem\",\"position\":1,\"name\":\"Home\",\"item\":\"https:\/\/www.nfunb.org\/fr\/home\/\"},{\"@type\":\"ListItem\",\"position\":2,\"name\":\"Marquez vos calendriers pour la rencontre r\u00e9gionale de l\u2019UNF!\"}]},{\"@type\":\"WebSite\",\"@id\":\"https:\/\/www.nfunb.org\/fr\/#website\",\"url\":\"https:\/\/www.nfunb.org\/fr\/\",\"name\":\"National Farmers Union in New Brunswick\",\"description\":\"Strong Communities. Sound Policies. Sustainable Farms\",\"publisher\":{\"@id\":\"https:\/\/www.nfunb.org\/fr\/#organization\"},\"potentialAction\":[{\"@type\":\"SearchAction\",\"target\":{\"@type\":\"EntryPoint\",\"urlTemplate\":\"https:\/\/www.nfunb.org\/fr\/?s={search_term_string}\"},\"query-input\":{\"@type\":\"PropertyValueSpecification\",\"valueRequired\":true,\"valueName\":\"search_term_string\"}}],\"inLanguage\":\"fr-FR\"},{\"@type\":\"Organization\",\"@id\":\"https:\/\/www.nfunb.org\/fr\/#organization\",\"name\":\"National Farmers Union in New Brunswick\",\"url\":\"https:\/\/www.nfunb.org\/fr\/\",\"logo\":{\"@type\":\"ImageObject\",\"inLanguage\":\"fr-FR\",\"@id\":\"https:\/\/www.nfunb.org\/fr\/#\/schema\/logo\/image\/\",\"url\":\"https:\/\/www.nfunb.org\/wp-content\/uploads\/2022\/01\/NFU_logo_CircleNB.png\",\"contentUrl\":\"https:\/\/www.nfunb.org\/wp-content\/uploads\/2022\/01\/NFU_logo_CircleNB.png\",\"width\":480,\"height\":480,\"caption\":\"National Farmers Union in New Brunswick\"},\"image\":{\"@id\":\"https:\/\/www.nfunb.org\/fr\/#\/schema\/logo\/image\/\"},\"sameAs\":[\"https:\/\/www.facebook.com\/NFUinNB\",\"https:\/\/www.instagram.com\/nfu.unf.nb\/\"]},{\"@type\":\"Person\",\"@id\":\"https:\/\/www.nfunb.org\/fr\/#\/schema\/person\/1350c3bd5aa20e59953cf65dc542243a\",\"name\":\"admin\",\"image\":{\"@type\":\"ImageObject\",\"inLanguage\":\"fr-FR\",\"@id\":\"https:\/\/www.nfunb.org\/fr\/#\/schema\/person\/image\/\",\"url\":\"https:\/\/secure.gravatar.com\/avatar\/26808d8fbe6a93b27a5be6fcee340112d06dadfad75e4e9c8533678c2951edde?s=96&d=mm&r=g\",\"contentUrl\":\"https:\/\/secure.gravatar.com\/avatar\/26808d8fbe6a93b27a5be6fcee340112d06dadfad75e4e9c8533678c2951edde?s=96&d=mm&r=g\",\"caption\":\"admin\"},\"sameAs\":[\"https:\/\/nfunb.org\/wordpress\/\"],\"url\":\"https:\/\/www.nfunb.org\/fr\/author\/admin\/\"}]}<\/script>\n<!-- \/ Yoast SEO plugin. -->","yoast_head_json":{"title":"Marquez vos calendriers pour la rencontre r\u00e9gionale de l\u2019UNF! - National Farmers Union in New Brunswick","robots":{"index":"index","follow":"follow","max-snippet":"max-snippet:-1","max-image-preview":"max-image-preview:large","max-video-preview":"max-video-preview:-1"},"canonical":"https:\/\/www.nfunb.org\/fr\/marquez-vos-calendriers-pour-la-rencontre-regionale-de-lunf\/","og_locale":"fr_FR","og_type":"article","og_title":"Marquez vos calendriers pour la rencontre r\u00e9gionale de l\u2019UNF! - National Farmers Union in New Brunswick","og_description":"&nbsp; La rencontre r\u00e9gionale de l\u2019UNF aura lieu le mardi, 7 ao\u00fbt, \u00e0 l\u2019Auberge Vue de la Dune, \u00e0 Bouctouche. C\u2019est une merveilleuse occasion de r\u00e9seauter avec les membres de [&hellip;]","og_url":"https:\/\/www.nfunb.org\/fr\/marquez-vos-calendriers-pour-la-rencontre-regionale-de-lunf\/","og_site_name":"National Farmers Union in New Brunswick","article_publisher":"https:\/\/www.facebook.com\/NFUinNB","article_published_time":"2012-08-01T14:22:10+00:00","article_modified_time":"2022-01-19T14:24:35+00:00","og_image":[{"url":"https:\/\/nfunb.org\/wordpress\/wp-content\/uploads\/2022\/01\/bernards7.jpg","type":"","width":"","height":""}],"author":"admin","twitter_card":"summary_large_image","twitter_misc":{"\u00c9crit par":"admin","Dur\u00e9e de lecture estim\u00e9e":"1 minute"},"schema":{"@context":"https:\/\/schema.org","@graph":[{"@type":"Article","@id":"https:\/\/www.nfunb.org\/fr\/marquez-vos-calendriers-pour-la-rencontre-regionale-de-lunf\/#article","isPartOf":{"@id":"https:\/\/www.nfunb.org\/fr\/marquez-vos-calendriers-pour-la-rencontre-regionale-de-lunf\/"},"author":{"name":"admin","@id":"https:\/\/www.nfunb.org\/fr\/#\/schema\/person\/1350c3bd5aa20e59953cf65dc542243a"},"headline":"Marquez vos calendriers pour la rencontre r\u00e9gionale de l\u2019UNF!","datePublished":"2012-08-01T14:22:10+00:00","dateModified":"2022-01-19T14:24:35+00:00","mainEntityOfPage":{"@id":"https:\/\/www.nfunb.org\/fr\/marquez-vos-calendriers-pour-la-rencontre-regionale-de-lunf\/"},"wordCount":188,"publisher":{"@id":"https:\/\/www.nfunb.org\/fr\/#organization"},"image":{"@id":"https:\/\/www.nfunb.org\/fr\/marquez-vos-calendriers-pour-la-rencontre-regionale-de-lunf\/#primaryimage"},"thumbnailUrl":"https:\/\/nfunb.org\/wordpress\/wp-content\/uploads\/2022\/01\/bernards7.jpg","articleSection":["Nouvelles"],"inLanguage":"fr-FR"},{"@type":"WebPage","@id":"https:\/\/www.nfunb.org\/fr\/marquez-vos-calendriers-pour-la-rencontre-regionale-de-lunf\/","url":"https:\/\/www.nfunb.org\/fr\/marquez-vos-calendriers-pour-la-rencontre-regionale-de-lunf\/","name":"Marquez vos calendriers pour la rencontre r\u00e9gionale de l\u2019UNF! - National Farmers Union in New Brunswick","isPartOf":{"@id":"https:\/\/www.nfunb.org\/fr\/#website"},"primaryImageOfPage":{"@id":"https:\/\/www.nfunb.org\/fr\/marquez-vos-calendriers-pour-la-rencontre-regionale-de-lunf\/#primaryimage"},"image":{"@id":"https:\/\/www.nfunb.org\/fr\/marquez-vos-calendriers-pour-la-rencontre-regionale-de-lunf\/#primaryimage"},"thumbnailUrl":"https:\/\/nfunb.org\/wordpress\/wp-content\/uploads\/2022\/01\/bernards7.jpg","datePublished":"2012-08-01T14:22:10+00:00","dateModified":"2022-01-19T14:24:35+00:00","breadcrumb":{"@id":"https:\/\/www.nfunb.org\/fr\/marquez-vos-calendriers-pour-la-rencontre-regionale-de-lunf\/#breadcrumb"},"inLanguage":"fr-FR","potentialAction":[{"@type":"ReadAction","target":["https:\/\/www.nfunb.org\/fr\/marquez-vos-calendriers-pour-la-rencontre-regionale-de-lunf\/"]}]},{"@type":"ImageObject","inLanguage":"fr-FR","@id":"https:\/\/www.nfunb.org\/fr\/marquez-vos-calendriers-pour-la-rencontre-regionale-de-lunf\/#primaryimage","url":"https:\/\/nfunb.org\/wordpress\/wp-content\/uploads\/2022\/01\/bernards7.jpg","contentUrl":"https:\/\/nfunb.org\/wordpress\/wp-content\/uploads\/2022\/01\/bernards7.jpg"},{"@type":"BreadcrumbList","@id":"https:\/\/www.nfunb.org\/fr\/marquez-vos-calendriers-pour-la-rencontre-regionale-de-lunf\/#breadcrumb","itemListElement":[{"@type":"ListItem","position":1,"name":"Home","item":"https:\/\/www.nfunb.org\/fr\/home\/"},{"@type":"ListItem","position":2,"name":"Marquez vos calendriers pour la rencontre r\u00e9gionale de l\u2019UNF!"}]},{"@type":"WebSite","@id":"https:\/\/www.nfunb.org\/fr\/#website","url":"https:\/\/www.nfunb.org\/fr\/","name":"National Farmers Union in New Brunswick","description":"Strong Communities. Sound Policies. Sustainable Farms","publisher":{"@id":"https:\/\/www.nfunb.org\/fr\/#organization"},"potentialAction":[{"@type":"SearchAction","target":{"@type":"EntryPoint","urlTemplate":"https:\/\/www.nfunb.org\/fr\/?s={search_term_string}"},"query-input":{"@type":"PropertyValueSpecification","valueRequired":true,"valueName":"search_term_string"}}],"inLanguage":"fr-FR"},{"@type":"Organization","@id":"https:\/\/www.nfunb.org\/fr\/#organization","name":"National Farmers Union in New Brunswick","url":"https:\/\/www.nfunb.org\/fr\/","logo":{"@type":"ImageObject","inLanguage":"fr-FR","@id":"https:\/\/www.nfunb.org\/fr\/#\/schema\/logo\/image\/","url":"https:\/\/www.nfunb.org\/wp-content\/uploads\/2022\/01\/NFU_logo_CircleNB.png","contentUrl":"https:\/\/www.nfunb.org\/wp-content\/uploads\/2022\/01\/NFU_logo_CircleNB.png","width":480,"height":480,"caption":"National Farmers Union in New Brunswick"},"image":{"@id":"https:\/\/www.nfunb.org\/fr\/#\/schema\/logo\/image\/"},"sameAs":["https:\/\/www.facebook.com\/NFUinNB","https:\/\/www.instagram.com\/nfu.unf.nb\/"]},{"@type":"Person","@id":"https:\/\/www.nfunb.org\/fr\/#\/schema\/person\/1350c3bd5aa20e59953cf65dc542243a","name":"admin","image":{"@type":"ImageObject","inLanguage":"fr-FR","@id":"https:\/\/www.nfunb.org\/fr\/#\/schema\/person\/image\/","url":"https:\/\/secure.gravatar.com\/avatar\/26808d8fbe6a93b27a5be6fcee340112d06dadfad75e4e9c8533678c2951edde?s=96&d=mm&r=g","contentUrl":"https:\/\/secure.gravatar.com\/avatar\/26808d8fbe6a93b27a5be6fcee340112d06dadfad75e4e9c8533678c2951edde?s=96&d=mm&r=g","caption":"admin"},"sameAs":["https:\/\/nfunb.org\/wordpress\/"],"url":"https:\/\/www.nfunb.org\/fr\/author\/admin\/"}]}},"_links":{"self":[{"href":"https:\/\/www.nfunb.org\/fr\/wp-json\/wp\/v2\/posts\/12312","targetHints":{"allow":["GET"]}}],"collection":[{"href":"https:\/\/www.nfunb.org\/fr\/wp-json\/wp\/v2\/posts"}],"about":[{"href":"https:\/\/www.nfunb.org\/fr\/wp-json\/wp\/v2\/types\/post"}],"author":[{"embeddable":true,"href":"https:\/\/www.nfunb.org\/fr\/wp-json\/wp\/v2\/users\/1"}],"replies":[{"embeddable":true,"href":"https:\/\/www.nfunb.org\/fr\/wp-json\/wp\/v2\/comments?post=12312"}],"version-history":[{"count":1,"href":"https:\/\/www.nfunb.org\/fr\/wp-json\/wp\/v2\/posts\/12312\/revisions"}],"predecessor-version":[{"id":12317,"href":"https:\/\/www.nfunb.org\/fr\/wp-json\/wp\/v2\/posts\/12312\/revisions\/12317"}],"wp:attachment":[{"href":"https:\/\/www.nfunb.org\/fr\/wp-json\/wp\/v2\/media?parent=12312"}],"wp:term":[{"taxonomy":"category","embeddable":true,"href":"https:\/\/www.nfunb.org\/fr\/wp-json\/wp\/v2\/categories?post=12312"},{"taxonomy":"post_tag","embeddable":true,"href":"https:\/\/www.nfunb.org\/fr\/wp-json\/wp\/v2\/tags?post=12312"}],"curies":[{"name":"wp","href":"https:\/\/api.w.org\/{rel}","templated":true}]}}