{"id":12318,"date":"2011-12-10T10:26:55","date_gmt":"2011-12-10T14:26:55","guid":{"rendered":"https:\/\/nfunb.org\/wordpress\/?p=12318"},"modified":"2022-01-19T10:28:32","modified_gmt":"2022-01-19T14:28:32","slug":"une-nouvelle-directrice-generale-a-lunf-au-n-b","status":"publish","type":"post","link":"https:\/\/www.nfunb.org\/fr\/une-nouvelle-directrice-generale-a-lunf-au-n-b\/","title":{"rendered":"Une nouvelle directrice g\u00e9n\u00e9rale a L\u2019UNF au N-B"},"content":{"rendered":"<h4><strong>L\u2019Union nationale des fermiers au Nouveau-Brunswick a une nouvelle Directrice g\u00e9n\u00e9rale<\/strong><\/h4>\n<h1><img loading=\"lazy\" decoding=\"async\" class=\"alignright size-full wp-image-12319\" src=\"https:\/\/nfunb.org\/wordpress\/wp-content\/uploads\/2022\/01\/melbiophoto.jpg\" alt=\"\" width=\"357\" height=\"454\" srcset=\"https:\/\/www.nfunb.org\/wp-content\/uploads\/2022\/01\/melbiophoto.jpg 357w, https:\/\/www.nfunb.org\/wp-content\/uploads\/2022\/01\/melbiophoto-236x300.jpg 236w\" sizes=\"auto, (max-width: 357px) 100vw, 357px\" \/><\/h1>\n<div>\n<div>\n<p>L\u2019Union nationale des fermiers au Nouveau-Brunswick est heureuse d\u2019annoncer la nomination de Melanie Jellett en tant que Directrice g\u00e9n\u00e9rale, avec entr\u00e9e en fonction le 1er d\u00e9cembre.<\/p>\n<p>Jellett demeure \u00e0 Murray Corner, mais elle a grandi dans la r\u00e9gion de Gasp\u00e9, au Qu\u00e9bec. Elle est dipl\u00f4m\u00e9e de l\u2019Universit\u00e9 Mount Allison, \u00e0 Sackville, o\u00f9 elle termine pr\u00e9sentement une ma\u00eetrise en science de l\u2019environnement. Mme Jellet et son mari ont un petit jardin mara\u00eecher. Elle a h\u00e2te d\u2019assumer son r\u00f4le, soit d\u2019augmenter le succ\u00e8s et le dynamisme des fermiers de la province par le d\u00e9veloppement de politiques agricoles progressives.<\/p>\n<\/div>\n<\/div>\n","protected":false},"excerpt":{"rendered":"<p>L\u2019Union nationale des fermiers au Nouveau-Brunswick a une nouvelle Directrice g\u00e9n\u00e9rale L\u2019Union nationale des fermiers au Nouveau-Brunswick est heureuse d\u2019annoncer la nomination de Melanie Jellett en tant que Directrice g\u00e9n\u00e9rale, [&hellip;]<\/p>\n","protected":false},"author":1,"featured_media":0,"comment_status":"closed","ping_status":"open","sticky":false,"template":"","format":"standard","meta":{"footnotes":""},"categories":[18],"tags":[],"class_list":["post-12318","post","type-post","status-publish","format-standard","hentry","category-nouvelles"],"yoast_head":"<!-- This site is optimized with the Yoast SEO plugin v26.7 - https:\/\/yoast.com\/wordpress\/plugins\/seo\/ -->\n<title>Une nouvelle directrice g\u00e9n\u00e9rale a L\u2019UNF au N-B - National Farmers Union in New Brunswick<\/title>\n<meta name=\"robots\" content=\"index, follow, max-snippet:-1, max-image-preview:large, max-video-preview:-1\" \/>\n<link rel=\"canonical\" href=\"https:\/\/www.nfunb.org\/fr\/une-nouvelle-directrice-generale-a-lunf-au-n-b\/\" \/>\n<meta property=\"og:locale\" content=\"fr_FR\" \/>\n<meta property=\"og:type\" content=\"article\" \/>\n<meta property=\"og:title\" content=\"Une nouvelle directrice g\u00e9n\u00e9rale a L\u2019UNF au N-B - National Farmers Union in New Brunswick\" \/>\n<meta property=\"og:description\" content=\"L\u2019Union nationale des fermiers au Nouveau-Brunswick a une nouvelle Directrice g\u00e9n\u00e9rale L\u2019Union nationale des fermiers au Nouveau-Brunswick est heureuse d\u2019annoncer la nomination de Melanie Jellett en tant que Directrice g\u00e9n\u00e9rale, [&hellip;]\" \/>\n<meta property=\"og:url\" content=\"https:\/\/www.nfunb.org\/fr\/une-nouvelle-directrice-generale-a-lunf-au-n-b\/\" \/>\n<meta property=\"og:site_name\" content=\"National Farmers Union in New Brunswick\" \/>\n<meta property=\"article:publisher\" content=\"https:\/\/www.facebook.com\/NFUinNB\" \/>\n<meta property=\"article:published_time\" content=\"2011-12-10T14:26:55+00:00\" \/>\n<meta property=\"article:modified_time\" content=\"2022-01-19T14:28:32+00:00\" \/>\n<meta property=\"og:image\" content=\"https:\/\/nfunb.org\/wordpress\/wp-content\/uploads\/2022\/01\/melbiophoto.jpg\" \/>\n<meta name=\"author\" content=\"admin\" \/>\n<meta name=\"twitter:card\" content=\"summary_large_image\" \/>\n<meta name=\"twitter:label1\" content=\"\u00c9crit par\" \/>\n\t<meta name=\"twitter:data1\" content=\"admin\" \/>\n\t<meta name=\"twitter:label2\" content=\"Dur\u00e9e de lecture estim\u00e9e\" \/>\n\t<meta name=\"twitter:data2\" content=\"1 minute\" \/>\n<script type=\"application\/ld+json\" class=\"yoast-schema-graph\">{\"@context\":\"https:\/\/schema.org\",\"@graph\":[{\"@type\":\"Article\",\"@id\":\"https:\/\/www.nfunb.org\/fr\/une-nouvelle-directrice-generale-a-lunf-au-n-b\/#article\",\"isPartOf\":{\"@id\":\"https:\/\/www.nfunb.org\/fr\/une-nouvelle-directrice-generale-a-lunf-au-n-b\/\"},\"author\":{\"name\":\"admin\",\"@id\":\"https:\/\/www.nfunb.org\/fr\/#\/schema\/person\/1350c3bd5aa20e59953cf65dc542243a\"},\"headline\":\"Une nouvelle directrice g\u00e9n\u00e9rale a L\u2019UNF au N-B\",\"datePublished\":\"2011-12-10T14:26:55+00:00\",\"dateModified\":\"2022-01-19T14:28:32+00:00\",\"mainEntityOfPage\":{\"@id\":\"https:\/\/www.nfunb.org\/fr\/une-nouvelle-directrice-generale-a-lunf-au-n-b\/\"},\"wordCount\":140,\"publisher\":{\"@id\":\"https:\/\/www.nfunb.org\/fr\/#organization\"},\"image\":{\"@id\":\"https:\/\/www.nfunb.org\/fr\/une-nouvelle-directrice-generale-a-lunf-au-n-b\/#primaryimage\"},\"thumbnailUrl\":\"https:\/\/nfunb.org\/wordpress\/wp-content\/uploads\/2022\/01\/melbiophoto.jpg\",\"articleSection\":[\"Nouvelles\"],\"inLanguage\":\"fr-FR\"},{\"@type\":\"WebPage\",\"@id\":\"https:\/\/www.nfunb.org\/fr\/une-nouvelle-directrice-generale-a-lunf-au-n-b\/\",\"url\":\"https:\/\/www.nfunb.org\/fr\/une-nouvelle-directrice-generale-a-lunf-au-n-b\/\",\"name\":\"Une nouvelle directrice g\u00e9n\u00e9rale a L\u2019UNF au N-B - National Farmers Union in New Brunswick\",\"isPartOf\":{\"@id\":\"https:\/\/www.nfunb.org\/fr\/#website\"},\"primaryImageOfPage\":{\"@id\":\"https:\/\/www.nfunb.org\/fr\/une-nouvelle-directrice-generale-a-lunf-au-n-b\/#primaryimage\"},\"image\":{\"@id\":\"https:\/\/www.nfunb.org\/fr\/une-nouvelle-directrice-generale-a-lunf-au-n-b\/#primaryimage\"},\"thumbnailUrl\":\"https:\/\/nfunb.org\/wordpress\/wp-content\/uploads\/2022\/01\/melbiophoto.jpg\",\"datePublished\":\"2011-12-10T14:26:55+00:00\",\"dateModified\":\"2022-01-19T14:28:32+00:00\",\"breadcrumb\":{\"@id\":\"https:\/\/www.nfunb.org\/fr\/une-nouvelle-directrice-generale-a-lunf-au-n-b\/#breadcrumb\"},\"inLanguage\":\"fr-FR\",\"potentialAction\":[{\"@type\":\"ReadAction\",\"target\":[\"https:\/\/www.nfunb.org\/fr\/une-nouvelle-directrice-generale-a-lunf-au-n-b\/\"]}]},{\"@type\":\"ImageObject\",\"inLanguage\":\"fr-FR\",\"@id\":\"https:\/\/www.nfunb.org\/fr\/une-nouvelle-directrice-generale-a-lunf-au-n-b\/#primaryimage\",\"url\":\"https:\/\/nfunb.org\/wordpress\/wp-content\/uploads\/2022\/01\/melbiophoto.jpg\",\"contentUrl\":\"https:\/\/nfunb.org\/wordpress\/wp-content\/uploads\/2022\/01\/melbiophoto.jpg\"},{\"@type\":\"BreadcrumbList\",\"@id\":\"https:\/\/www.nfunb.org\/fr\/une-nouvelle-directrice-generale-a-lunf-au-n-b\/#breadcrumb\",\"itemListElement\":[{\"@type\":\"ListItem\",\"position\":1,\"name\":\"Home\",\"item\":\"https:\/\/www.nfunb.org\/fr\/home\/\"},{\"@type\":\"ListItem\",\"position\":2,\"name\":\"Une nouvelle directrice g\u00e9n\u00e9rale a L\u2019UNF au N-B\"}]},{\"@type\":\"WebSite\",\"@id\":\"https:\/\/www.nfunb.org\/fr\/#website\",\"url\":\"https:\/\/www.nfunb.org\/fr\/\",\"name\":\"National Farmers Union in New Brunswick\",\"description\":\"Strong Communities. Sound Policies. Sustainable Farms\",\"publisher\":{\"@id\":\"https:\/\/www.nfunb.org\/fr\/#organization\"},\"potentialAction\":[{\"@type\":\"SearchAction\",\"target\":{\"@type\":\"EntryPoint\",\"urlTemplate\":\"https:\/\/www.nfunb.org\/fr\/?s={search_term_string}\"},\"query-input\":{\"@type\":\"PropertyValueSpecification\",\"valueRequired\":true,\"valueName\":\"search_term_string\"}}],\"inLanguage\":\"fr-FR\"},{\"@type\":\"Organization\",\"@id\":\"https:\/\/www.nfunb.org\/fr\/#organization\",\"name\":\"National Farmers Union in New Brunswick\",\"url\":\"https:\/\/www.nfunb.org\/fr\/\",\"logo\":{\"@type\":\"ImageObject\",\"inLanguage\":\"fr-FR\",\"@id\":\"https:\/\/www.nfunb.org\/fr\/#\/schema\/logo\/image\/\",\"url\":\"https:\/\/www.nfunb.org\/wp-content\/uploads\/2022\/01\/NFU_logo_CircleNB.png\",\"contentUrl\":\"https:\/\/www.nfunb.org\/wp-content\/uploads\/2022\/01\/NFU_logo_CircleNB.png\",\"width\":480,\"height\":480,\"caption\":\"National Farmers Union in New Brunswick\"},\"image\":{\"@id\":\"https:\/\/www.nfunb.org\/fr\/#\/schema\/logo\/image\/\"},\"sameAs\":[\"https:\/\/www.facebook.com\/NFUinNB\",\"https:\/\/www.instagram.com\/nfu.unf.nb\/\"]},{\"@type\":\"Person\",\"@id\":\"https:\/\/www.nfunb.org\/fr\/#\/schema\/person\/1350c3bd5aa20e59953cf65dc542243a\",\"name\":\"admin\",\"image\":{\"@type\":\"ImageObject\",\"inLanguage\":\"fr-FR\",\"@id\":\"https:\/\/www.nfunb.org\/fr\/#\/schema\/person\/image\/\",\"url\":\"https:\/\/secure.gravatar.com\/avatar\/26808d8fbe6a93b27a5be6fcee340112d06dadfad75e4e9c8533678c2951edde?s=96&d=mm&r=g\",\"contentUrl\":\"https:\/\/secure.gravatar.com\/avatar\/26808d8fbe6a93b27a5be6fcee340112d06dadfad75e4e9c8533678c2951edde?s=96&d=mm&r=g\",\"caption\":\"admin\"},\"sameAs\":[\"https:\/\/nfunb.org\/wordpress\/\"],\"url\":\"https:\/\/www.nfunb.org\/fr\/author\/admin\/\"}]}<\/script>\n<!-- \/ Yoast SEO plugin. -->","yoast_head_json":{"title":"Une nouvelle directrice g\u00e9n\u00e9rale a L\u2019UNF au N-B - National Farmers Union in New Brunswick","robots":{"index":"index","follow":"follow","max-snippet":"max-snippet:-1","max-image-preview":"max-image-preview:large","max-video-preview":"max-video-preview:-1"},"canonical":"https:\/\/www.nfunb.org\/fr\/une-nouvelle-directrice-generale-a-lunf-au-n-b\/","og_locale":"fr_FR","og_type":"article","og_title":"Une nouvelle directrice g\u00e9n\u00e9rale a L\u2019UNF au N-B - National Farmers Union in New Brunswick","og_description":"L\u2019Union nationale des fermiers au Nouveau-Brunswick a une nouvelle Directrice g\u00e9n\u00e9rale L\u2019Union nationale des fermiers au Nouveau-Brunswick est heureuse d\u2019annoncer la nomination de Melanie Jellett en tant que Directrice g\u00e9n\u00e9rale, [&hellip;]","og_url":"https:\/\/www.nfunb.org\/fr\/une-nouvelle-directrice-generale-a-lunf-au-n-b\/","og_site_name":"National Farmers Union in New Brunswick","article_publisher":"https:\/\/www.facebook.com\/NFUinNB","article_published_time":"2011-12-10T14:26:55+00:00","article_modified_time":"2022-01-19T14:28:32+00:00","og_image":[{"url":"https:\/\/nfunb.org\/wordpress\/wp-content\/uploads\/2022\/01\/melbiophoto.jpg","type":"","width":"","height":""}],"author":"admin","twitter_card":"summary_large_image","twitter_misc":{"\u00c9crit par":"admin","Dur\u00e9e de lecture estim\u00e9e":"1 minute"},"schema":{"@context":"https:\/\/schema.org","@graph":[{"@type":"Article","@id":"https:\/\/www.nfunb.org\/fr\/une-nouvelle-directrice-generale-a-lunf-au-n-b\/#article","isPartOf":{"@id":"https:\/\/www.nfunb.org\/fr\/une-nouvelle-directrice-generale-a-lunf-au-n-b\/"},"author":{"name":"admin","@id":"https:\/\/www.nfunb.org\/fr\/#\/schema\/person\/1350c3bd5aa20e59953cf65dc542243a"},"headline":"Une nouvelle directrice g\u00e9n\u00e9rale a L\u2019UNF au N-B","datePublished":"2011-12-10T14:26:55+00:00","dateModified":"2022-01-19T14:28:32+00:00","mainEntityOfPage":{"@id":"https:\/\/www.nfunb.org\/fr\/une-nouvelle-directrice-generale-a-lunf-au-n-b\/"},"wordCount":140,"publisher":{"@id":"https:\/\/www.nfunb.org\/fr\/#organization"},"image":{"@id":"https:\/\/www.nfunb.org\/fr\/une-nouvelle-directrice-generale-a-lunf-au-n-b\/#primaryimage"},"thumbnailUrl":"https:\/\/nfunb.org\/wordpress\/wp-content\/uploads\/2022\/01\/melbiophoto.jpg","articleSection":["Nouvelles"],"inLanguage":"fr-FR"},{"@type":"WebPage","@id":"https:\/\/www.nfunb.org\/fr\/une-nouvelle-directrice-generale-a-lunf-au-n-b\/","url":"https:\/\/www.nfunb.org\/fr\/une-nouvelle-directrice-generale-a-lunf-au-n-b\/","name":"Une nouvelle directrice g\u00e9n\u00e9rale a L\u2019UNF au N-B - National Farmers Union in New Brunswick","isPartOf":{"@id":"https:\/\/www.nfunb.org\/fr\/#website"},"primaryImageOfPage":{"@id":"https:\/\/www.nfunb.org\/fr\/une-nouvelle-directrice-generale-a-lunf-au-n-b\/#primaryimage"},"image":{"@id":"https:\/\/www.nfunb.org\/fr\/une-nouvelle-directrice-generale-a-lunf-au-n-b\/#primaryimage"},"thumbnailUrl":"https:\/\/nfunb.org\/wordpress\/wp-content\/uploads\/2022\/01\/melbiophoto.jpg","datePublished":"2011-12-10T14:26:55+00:00","dateModified":"2022-01-19T14:28:32+00:00","breadcrumb":{"@id":"https:\/\/www.nfunb.org\/fr\/une-nouvelle-directrice-generale-a-lunf-au-n-b\/#breadcrumb"},"inLanguage":"fr-FR","potentialAction":[{"@type":"ReadAction","target":["https:\/\/www.nfunb.org\/fr\/une-nouvelle-directrice-generale-a-lunf-au-n-b\/"]}]},{"@type":"ImageObject","inLanguage":"fr-FR","@id":"https:\/\/www.nfunb.org\/fr\/une-nouvelle-directrice-generale-a-lunf-au-n-b\/#primaryimage","url":"https:\/\/nfunb.org\/wordpress\/wp-content\/uploads\/2022\/01\/melbiophoto.jpg","contentUrl":"https:\/\/nfunb.org\/wordpress\/wp-content\/uploads\/2022\/01\/melbiophoto.jpg"},{"@type":"BreadcrumbList","@id":"https:\/\/www.nfunb.org\/fr\/une-nouvelle-directrice-generale-a-lunf-au-n-b\/#breadcrumb","itemListElement":[{"@type":"ListItem","position":1,"name":"Home","item":"https:\/\/www.nfunb.org\/fr\/home\/"},{"@type":"ListItem","position":2,"name":"Une nouvelle directrice g\u00e9n\u00e9rale a L\u2019UNF au N-B"}]},{"@type":"WebSite","@id":"https:\/\/www.nfunb.org\/fr\/#website","url":"https:\/\/www.nfunb.org\/fr\/","name":"National Farmers Union in New Brunswick","description":"Strong Communities. Sound Policies. Sustainable Farms","publisher":{"@id":"https:\/\/www.nfunb.org\/fr\/#organization"},"potentialAction":[{"@type":"SearchAction","target":{"@type":"EntryPoint","urlTemplate":"https:\/\/www.nfunb.org\/fr\/?s={search_term_string}"},"query-input":{"@type":"PropertyValueSpecification","valueRequired":true,"valueName":"search_term_string"}}],"inLanguage":"fr-FR"},{"@type":"Organization","@id":"https:\/\/www.nfunb.org\/fr\/#organization","name":"National Farmers Union in New Brunswick","url":"https:\/\/www.nfunb.org\/fr\/","logo":{"@type":"ImageObject","inLanguage":"fr-FR","@id":"https:\/\/www.nfunb.org\/fr\/#\/schema\/logo\/image\/","url":"https:\/\/www.nfunb.org\/wp-content\/uploads\/2022\/01\/NFU_logo_CircleNB.png","contentUrl":"https:\/\/www.nfunb.org\/wp-content\/uploads\/2022\/01\/NFU_logo_CircleNB.png","width":480,"height":480,"caption":"National Farmers Union in New Brunswick"},"image":{"@id":"https:\/\/www.nfunb.org\/fr\/#\/schema\/logo\/image\/"},"sameAs":["https:\/\/www.facebook.com\/NFUinNB","https:\/\/www.instagram.com\/nfu.unf.nb\/"]},{"@type":"Person","@id":"https:\/\/www.nfunb.org\/fr\/#\/schema\/person\/1350c3bd5aa20e59953cf65dc542243a","name":"admin","image":{"@type":"ImageObject","inLanguage":"fr-FR","@id":"https:\/\/www.nfunb.org\/fr\/#\/schema\/person\/image\/","url":"https:\/\/secure.gravatar.com\/avatar\/26808d8fbe6a93b27a5be6fcee340112d06dadfad75e4e9c8533678c2951edde?s=96&d=mm&r=g","contentUrl":"https:\/\/secure.gravatar.com\/avatar\/26808d8fbe6a93b27a5be6fcee340112d06dadfad75e4e9c8533678c2951edde?s=96&d=mm&r=g","caption":"admin"},"sameAs":["https:\/\/nfunb.org\/wordpress\/"],"url":"https:\/\/www.nfunb.org\/fr\/author\/admin\/"}]}},"_links":{"self":[{"href":"https:\/\/www.nfunb.org\/fr\/wp-json\/wp\/v2\/posts\/12318","targetHints":{"allow":["GET"]}}],"collection":[{"href":"https:\/\/www.nfunb.org\/fr\/wp-json\/wp\/v2\/posts"}],"about":[{"href":"https:\/\/www.nfunb.org\/fr\/wp-json\/wp\/v2\/types\/post"}],"author":[{"embeddable":true,"href":"https:\/\/www.nfunb.org\/fr\/wp-json\/wp\/v2\/users\/1"}],"replies":[{"embeddable":true,"href":"https:\/\/www.nfunb.org\/fr\/wp-json\/wp\/v2\/comments?post=12318"}],"version-history":[{"count":1,"href":"https:\/\/www.nfunb.org\/fr\/wp-json\/wp\/v2\/posts\/12318\/revisions"}],"predecessor-version":[{"id":12321,"href":"https:\/\/www.nfunb.org\/fr\/wp-json\/wp\/v2\/posts\/12318\/revisions\/12321"}],"wp:attachment":[{"href":"https:\/\/www.nfunb.org\/fr\/wp-json\/wp\/v2\/media?parent=12318"}],"wp:term":[{"taxonomy":"category","embeddable":true,"href":"https:\/\/www.nfunb.org\/fr\/wp-json\/wp\/v2\/categories?post=12318"},{"taxonomy":"post_tag","embeddable":true,"href":"https:\/\/www.nfunb.org\/fr\/wp-json\/wp\/v2\/tags?post=12318"}],"curies":[{"name":"wp","href":"https:\/\/api.w.org\/{rel}","templated":true}]}}