{"id":12979,"date":"2022-03-16T08:12:53","date_gmt":"2022-03-16T12:12:53","guid":{"rendered":"https:\/\/www.nfunb.org\/?p=12979"},"modified":"2022-03-16T09:09:48","modified_gmt":"2022-03-16T13:09:48","slug":"lettre-ouvert-proteger-les-terres-agricoles-et-les-terres-privees-du-projet-du-loi-75","status":"publish","type":"post","link":"https:\/\/www.nfunb.org\/fr\/lettre-ouvert-proteger-les-terres-agricoles-et-les-terres-privees-du-projet-du-loi-75\/","title":{"rendered":"LETTRE OUVERTE : Prot\u00e9ger les terres agricoles et les terres priv\u00e9es du Projet du loi -75"},"content":{"rendered":"<p>&nbsp;<\/p>\n<p>Au premier ministre Blaine Higgs<\/p>\n<p>CC : les d\u00e9put\u00e9.e.s de l\u2019Assembl\u00e9e l\u00e9gislative<\/p>\n<p>&nbsp;<\/p>\n<p>Nous, les soussign\u00e9.e.s, sommes tr\u00e8s inqui\u00e8t.es par la Projet de loi -75, qui comprend un amendement \u00e0 la Loi sur les mines qui donnerait aux prospecteurs et prospectrices la permission d\u2019aller sur des terres priv\u00e9es (y compris des terres agricoles et des for\u00eats priv\u00e9es) sans avis ni permission du propri\u00e9taire foncier.<\/p>\n<p>&nbsp;<\/p>\n<p>La modification aurait des cons\u00e9quences graves pour les fermiers et fermi\u00e8res, les propri\u00e9taires de bois\u00e9s priv\u00e9s, et les propri\u00e9taires fonciers priv\u00e9s, car un.e prospecteur ou prospectrice utilisant des outils \u00e0 main ou pr\u00e9levant des \u00e9chantillons \u00e9quivalant \u00e0 2 kilogrammes ou 2 litres ne serait pas consid\u00e9r\u00e9 comme un dommage r\u00e9el ou une interf\u00e9rence dans l\u2019utilisation et la jouissance de la terre. Un.e prospecteur ou prospectrice qui conduit simplement dans les champs, sans oublier la perturbation du sol et des plantes, peut causer des dommages importants aux r\u00e9coltes et aux moyens de subsistance des fermiers er fermi\u00e8res et cr\u00e9er un risque de bios\u00e9curit\u00e9. Les zones de gestion sp\u00e9ciales dans les for\u00eats priv\u00e9es, souvent mandat\u00e9es par la r\u00e9glementation gouvernementale, contiennent des esp\u00e8ces uniques et en p\u00e9ril, qui peuvent \u00eatre compromises par des activit\u00e9s non autoris\u00e9es.<\/p>\n<p>&nbsp;<\/p>\n<p>Les compagnies mini\u00e8res ont souvent pr\u00e9tendu qu\u2019elles ont peu d\u2019int\u00e9r\u00eat dans les concessions mini\u00e8res sur les terres cultiv\u00e9es \u00e0 cause de l\u2019utilisation d\u2019engrais et de pesticides, mais les fermiers et fermi\u00e8res du Nouveau-Brunswick indiquent que cela n\u2019est pas vrai et que l\u2019on trouve r\u00e9guli\u00e8rement des pieux de bois (jalons) ou des prospecteurs et prospectrices sur leurs terres, en particulier dans le Comt\u00e9 de Charlotte. Les secteurs de l\u2019agriculture et des for\u00eats ont \u00e9galement soulev\u00e9 des pr\u00e9occupations quant \u00e0 la s\u00e9curit\u00e9 des prospecteurs et prospectrices, qui ne sont pas form\u00e9s ou \u00e9quip\u00e9s pour g\u00e9rer les dangers sur place.<\/p>\n<p>&nbsp;<\/p>\n<p>\u00c9tant donn\u00e9 qu&rsquo;aucune consultation n&rsquo;a eu lieu avec les industries agricoles ou foresti\u00e8res ou le grand public avant la 1<sup>i\u00e8re<\/sup> lecture, ni avant la 2<sup>i\u00e8me<\/sup> lecture, ni du d\u00e9bat en comit\u00e9 de ce Projet de loi ; nous croyons qu\u2019il y a eu violation de l\u2019application r\u00e9guli\u00e8re de la loi.<\/p>\n<p>&nbsp;<\/p>\n<p>Le minist\u00e8re de l\u2019\u00c9nergie et du D\u00e9veloppement des Ressources a manqu\u00e9 \u00e0 son devoir de communiquer les cons\u00e9quences du Projet de loi \u2013 75. Nous, les soussign\u00e9.e.s, sommes constern\u00e9.e.s par le manque de consultation sur les changements propos\u00e9s et les r\u00e9percussions sur les secteurs de l\u2019agriculture et de la foresterie et les propri\u00e9taires fonciers priv\u00e9s. Nous demandons que la Loi sur les mines prot\u00e8ge les droits des terres agricoles, des for\u00eats priv\u00e9es et des terres priv\u00e9es, et que des consultations aient maintenant lieu aupres le public et les industries concern\u00e9es.<\/p>\n<p>&nbsp;<\/p>\n<p>Sinc\u00e8rement,<\/p>\n<p>&nbsp;<\/p>\n<table>\n<tbody>\n<tr>\n<td width=\"367\">Alliance Agricole du Nouveau-Brunswick<\/td>\n<\/tr>\n<tr>\n<td width=\"367\">Association Ac\u00e9ricole du Nouveau-Brunswick<\/td>\n<\/tr>\n<tr>\n<td width=\"367\">Association des apicultures du Nouveau-Brunswick<\/td>\n<\/tr>\n<tr>\n<td width=\"367\">Atlantic Canadian Organic Regional Network<\/td>\n<\/tr>\n<tr>\n<td width=\"367\">Atlantic Regional Solidarity Network<\/td>\n<\/tr>\n<tr>\n<td width=\"367\">BioNB<\/td>\n<\/tr>\n<tr>\n<td width=\"367\">Camerise NB Haskap<\/td>\n<\/tr>\n<tr>\n<td width=\"367\">Comit\u00e9 consultatif du district de services locaux de Saint David<\/td>\n<\/tr>\n<tr>\n<td width=\"367\">Community Harvest Gardens Inc.<\/td>\n<\/tr>\n<tr>\n<td width=\"367\">Conseil de conservation du Nouveau-Brunswick<\/td>\n<\/tr>\n<tr>\n<td width=\"367\">Council of Canadians, chapitre de Fredericton<\/td>\n<\/tr>\n<tr>\n<td width=\"367\">Council of Canadians, chapitre de Saint John<\/td>\n<\/tr>\n<tr>\n<td width=\"367\">\u00c9leveurs de bovins du Nouveau-Brunswick<\/td>\n<\/tr>\n<tr>\n<td width=\"367\">Food For All NB | Aliments pour tous NB<\/td>\n<\/tr>\n<tr>\n<td width=\"367\">Front commun pour la justice sociale du Nouveau-Brunswick<\/td>\n<\/tr>\n<tr>\n<td width=\"367\">Green Light NB Enviro Club Feu Vert Inc.<\/td>\n<\/tr>\n<tr>\n<td width=\"367\">Groupe \u00c9coVie<\/td>\n<\/tr>\n<tr>\n<td width=\"367\">Hammond River Angling Association<\/td>\n<\/tr>\n<tr>\n<td width=\"367\">Imaginons la P\u00e9ninsule acadienne autrement<\/td>\n<\/tr>\n<tr>\n<td width=\"367\">J.D. Irving<\/td>\n<\/tr>\n<tr>\n<td width=\"367\">L\u2019Union nationale des fermiers<\/td>\n<\/tr>\n<tr>\n<td width=\"367\">L\u2019Union nationale des fermiers au Nouveau-Brunswick<\/td>\n<\/tr>\n<tr>\n<td width=\"367\">La R\u00e9colte de Chez Nous<\/td>\n<\/tr>\n<tr>\n<td width=\"367\">Le Groupe de d\u00e9veloppement durable du Pays de Cocagne<\/td>\n<\/tr>\n<tr>\n<td width=\"367\">Le Syndicat canadien de la fonction publique Nouveau-Brunswick<\/td>\n<\/tr>\n<tr>\n<td width=\"367\">March\u00e9 r\u00e9gional de Caraquet Inc.<\/td>\n<\/tr>\n<tr>\n<td width=\"367\">MiningWatch<\/td>\n<\/tr>\n<tr>\n<td width=\"367\">NB Media Coop<\/td>\n<\/tr>\n<tr>\n<td width=\"367\">New Brunswick Anti-Shale Gas Alliance<\/td>\n<\/tr>\n<tr>\n<td width=\"367\">New Brunswick Federation of Woodlot Owners<\/td>\n<\/tr>\n<tr>\n<td width=\"367\">Notre Environnement Notre Choix<\/td>\n<\/tr>\n<tr>\n<td width=\"367\">Pommes de terre Nouveau-Brunswick<\/td>\n<\/tr>\n<tr>\n<td width=\"367\">Porc NB Pork<\/td>\n<\/tr>\n<tr>\n<td width=\"367\">Producteurs d\u2019\u0153ufs du Nouveau-Brunswick<\/td>\n<\/tr>\n<tr>\n<td width=\"367\">Producteurs de pommes du Nouveau-Brunswick<\/td>\n<\/tr>\n<tr>\n<td width=\"367\">Producteurs laitiers du Nouveau-Brunswick<\/td>\n<\/tr>\n<tr>\n<td width=\"367\">Public for the Protection of the Forests of New Brunswick<\/td>\n<\/tr>\n<tr>\n<td width=\"367\">R\u00e9gion de la biosph\u00e8re de Fundy<\/td>\n<\/tr>\n<tr>\n<td width=\"367\">Regroupement f\u00e9ministe du Nouveau-Brunswick<\/td>\n<\/tr>\n<tr>\n<td width=\"367\">Rural Action and Voices for the Environment Network<\/td>\n<\/tr>\n<tr>\n<td width=\"367\">Solidarit\u00e9 Fredericton<\/td>\n<\/tr>\n<tr>\n<td width=\"367\">Standing for Water<\/td>\n<\/tr>\n<tr>\n<td width=\"367\">Sustainable Energy Group<\/td>\n<\/tr>\n<tr>\n<td width=\"367\">Tantramar Alliance Against Hydro-Fracking<\/td>\n<\/tr>\n<tr>\n<td width=\"367\">Taymouth Environmental Action Group<\/td>\n<\/tr>\n<tr>\n<td width=\"367\">Voices for Sustainable Environments and Communities<\/td>\n<\/tr>\n<\/tbody>\n<\/table>\n<p>&nbsp;<\/p>\n","protected":false},"excerpt":{"rendered":"<p>&nbsp; Au premier ministre Blaine Higgs CC : les d\u00e9put\u00e9.e.s de l\u2019Assembl\u00e9e l\u00e9gislative &nbsp; Nous, les soussign\u00e9.e.s, sommes tr\u00e8s inqui\u00e8t.es par la Projet de loi -75, qui comprend un amendement [&hellip;]<\/p>\n","protected":false},"author":2,"featured_media":12977,"comment_status":"closed","ping_status":"closed","sticky":false,"template":"","format":"standard","meta":{"footnotes":""},"categories":[18],"tags":[],"class_list":["post-12979","post","type-post","status-publish","format-standard","has-post-thumbnail","hentry","category-nouvelles"],"yoast_head":"<!-- This site is optimized with the Yoast SEO plugin v26.7 - https:\/\/yoast.com\/wordpress\/plugins\/seo\/ -->\n<title>LETTRE OUVERTE : Prot\u00e9ger les terres agricoles et les terres priv\u00e9es du Projet du loi -75 - National Farmers Union in New Brunswick<\/title>\n<meta name=\"robots\" content=\"index, follow, max-snippet:-1, max-image-preview:large, max-video-preview:-1\" \/>\n<link rel=\"canonical\" href=\"https:\/\/www.nfunb.org\/fr\/lettre-ouvert-proteger-les-terres-agricoles-et-les-terres-privees-du-projet-du-loi-75\/\" \/>\n<meta property=\"og:locale\" content=\"fr_FR\" \/>\n<meta property=\"og:type\" content=\"article\" \/>\n<meta property=\"og:title\" content=\"LETTRE OUVERTE : Prot\u00e9ger les terres agricoles et les terres priv\u00e9es du Projet du loi -75 - National Farmers Union in New Brunswick\" \/>\n<meta property=\"og:description\" content=\"&nbsp; Au premier ministre Blaine Higgs CC : les d\u00e9put\u00e9.e.s de l\u2019Assembl\u00e9e l\u00e9gislative &nbsp; Nous, les soussign\u00e9.e.s, sommes tr\u00e8s inqui\u00e8t.es par la Projet de loi -75, qui comprend un amendement [&hellip;]\" \/>\n<meta property=\"og:url\" content=\"https:\/\/www.nfunb.org\/fr\/lettre-ouvert-proteger-les-terres-agricoles-et-les-terres-privees-du-projet-du-loi-75\/\" \/>\n<meta property=\"og:site_name\" content=\"National Farmers Union in New Brunswick\" \/>\n<meta property=\"article:publisher\" content=\"https:\/\/www.facebook.com\/NFUinNB\" \/>\n<meta property=\"article:published_time\" content=\"2022-03-16T12:12:53+00:00\" \/>\n<meta property=\"article:modified_time\" content=\"2022-03-16T13:09:48+00:00\" \/>\n<meta property=\"og:image\" content=\"https:\/\/www.nfunb.org\/wp-content\/uploads\/2022\/03\/Plants-in-field-scaled.jpeg\" \/>\n\t<meta property=\"og:image:width\" content=\"2560\" \/>\n\t<meta property=\"og:image:height\" content=\"1920\" \/>\n\t<meta property=\"og:image:type\" content=\"image\/jpeg\" \/>\n<meta name=\"author\" content=\"Suzanne Fournier\" \/>\n<meta name=\"twitter:card\" content=\"summary_large_image\" \/>\n<meta name=\"twitter:label1\" content=\"\u00c9crit par\" \/>\n\t<meta name=\"twitter:data1\" content=\"Suzanne Fournier\" \/>\n\t<meta name=\"twitter:label2\" content=\"Dur\u00e9e de lecture estim\u00e9e\" \/>\n\t<meta name=\"twitter:data2\" content=\"4 minutes\" \/>\n<script type=\"application\/ld+json\" class=\"yoast-schema-graph\">{\"@context\":\"https:\/\/schema.org\",\"@graph\":[{\"@type\":\"Article\",\"@id\":\"https:\/\/www.nfunb.org\/fr\/lettre-ouvert-proteger-les-terres-agricoles-et-les-terres-privees-du-projet-du-loi-75\/#article\",\"isPartOf\":{\"@id\":\"https:\/\/www.nfunb.org\/fr\/lettre-ouvert-proteger-les-terres-agricoles-et-les-terres-privees-du-projet-du-loi-75\/\"},\"author\":{\"name\":\"Suzanne Fournier\",\"@id\":\"https:\/\/www.nfunb.org\/fr\/#\/schema\/person\/05e03cb5fa6d3d0db5488a40638b04c9\"},\"headline\":\"LETTRE OUVERTE : Prot\u00e9ger les terres agricoles et les terres priv\u00e9es du Projet du loi -75\",\"datePublished\":\"2022-03-16T12:12:53+00:00\",\"dateModified\":\"2022-03-16T13:09:48+00:00\",\"mainEntityOfPage\":{\"@id\":\"https:\/\/www.nfunb.org\/fr\/lettre-ouvert-proteger-les-terres-agricoles-et-les-terres-privees-du-projet-du-loi-75\/\"},\"wordCount\":780,\"publisher\":{\"@id\":\"https:\/\/www.nfunb.org\/fr\/#organization\"},\"image\":{\"@id\":\"https:\/\/www.nfunb.org\/fr\/lettre-ouvert-proteger-les-terres-agricoles-et-les-terres-privees-du-projet-du-loi-75\/#primaryimage\"},\"thumbnailUrl\":\"https:\/\/www.nfunb.org\/wp-content\/uploads\/2022\/03\/Plants-in-field-scaled.jpeg\",\"articleSection\":[\"Nouvelles\"],\"inLanguage\":\"fr-FR\"},{\"@type\":\"WebPage\",\"@id\":\"https:\/\/www.nfunb.org\/fr\/lettre-ouvert-proteger-les-terres-agricoles-et-les-terres-privees-du-projet-du-loi-75\/\",\"url\":\"https:\/\/www.nfunb.org\/fr\/lettre-ouvert-proteger-les-terres-agricoles-et-les-terres-privees-du-projet-du-loi-75\/\",\"name\":\"LETTRE OUVERTE : Prot\u00e9ger les terres agricoles et les terres priv\u00e9es du Projet du loi -75 - National Farmers Union in New Brunswick\",\"isPartOf\":{\"@id\":\"https:\/\/www.nfunb.org\/fr\/#website\"},\"primaryImageOfPage\":{\"@id\":\"https:\/\/www.nfunb.org\/fr\/lettre-ouvert-proteger-les-terres-agricoles-et-les-terres-privees-du-projet-du-loi-75\/#primaryimage\"},\"image\":{\"@id\":\"https:\/\/www.nfunb.org\/fr\/lettre-ouvert-proteger-les-terres-agricoles-et-les-terres-privees-du-projet-du-loi-75\/#primaryimage\"},\"thumbnailUrl\":\"https:\/\/www.nfunb.org\/wp-content\/uploads\/2022\/03\/Plants-in-field-scaled.jpeg\",\"datePublished\":\"2022-03-16T12:12:53+00:00\",\"dateModified\":\"2022-03-16T13:09:48+00:00\",\"breadcrumb\":{\"@id\":\"https:\/\/www.nfunb.org\/fr\/lettre-ouvert-proteger-les-terres-agricoles-et-les-terres-privees-du-projet-du-loi-75\/#breadcrumb\"},\"inLanguage\":\"fr-FR\",\"potentialAction\":[{\"@type\":\"ReadAction\",\"target\":[\"https:\/\/www.nfunb.org\/fr\/lettre-ouvert-proteger-les-terres-agricoles-et-les-terres-privees-du-projet-du-loi-75\/\"]}]},{\"@type\":\"ImageObject\",\"inLanguage\":\"fr-FR\",\"@id\":\"https:\/\/www.nfunb.org\/fr\/lettre-ouvert-proteger-les-terres-agricoles-et-les-terres-privees-du-projet-du-loi-75\/#primaryimage\",\"url\":\"https:\/\/www.nfunb.org\/wp-content\/uploads\/2022\/03\/Plants-in-field-scaled.jpeg\",\"contentUrl\":\"https:\/\/www.nfunb.org\/wp-content\/uploads\/2022\/03\/Plants-in-field-scaled.jpeg\",\"width\":2560,\"height\":1920},{\"@type\":\"BreadcrumbList\",\"@id\":\"https:\/\/www.nfunb.org\/fr\/lettre-ouvert-proteger-les-terres-agricoles-et-les-terres-privees-du-projet-du-loi-75\/#breadcrumb\",\"itemListElement\":[{\"@type\":\"ListItem\",\"position\":1,\"name\":\"Home\",\"item\":\"https:\/\/www.nfunb.org\/fr\/home\/\"},{\"@type\":\"ListItem\",\"position\":2,\"name\":\"LETTRE OUVERTE : Prot\u00e9ger les terres agricoles et les terres priv\u00e9es du Projet du loi -75\"}]},{\"@type\":\"WebSite\",\"@id\":\"https:\/\/www.nfunb.org\/fr\/#website\",\"url\":\"https:\/\/www.nfunb.org\/fr\/\",\"name\":\"National Farmers Union in New Brunswick\",\"description\":\"Strong Communities. Sound Policies. Sustainable Farms\",\"publisher\":{\"@id\":\"https:\/\/www.nfunb.org\/fr\/#organization\"},\"potentialAction\":[{\"@type\":\"SearchAction\",\"target\":{\"@type\":\"EntryPoint\",\"urlTemplate\":\"https:\/\/www.nfunb.org\/fr\/?s={search_term_string}\"},\"query-input\":{\"@type\":\"PropertyValueSpecification\",\"valueRequired\":true,\"valueName\":\"search_term_string\"}}],\"inLanguage\":\"fr-FR\"},{\"@type\":\"Organization\",\"@id\":\"https:\/\/www.nfunb.org\/fr\/#organization\",\"name\":\"National Farmers Union in New Brunswick\",\"url\":\"https:\/\/www.nfunb.org\/fr\/\",\"logo\":{\"@type\":\"ImageObject\",\"inLanguage\":\"fr-FR\",\"@id\":\"https:\/\/www.nfunb.org\/fr\/#\/schema\/logo\/image\/\",\"url\":\"https:\/\/www.nfunb.org\/wp-content\/uploads\/2022\/01\/NFU_logo_CircleNB.png\",\"contentUrl\":\"https:\/\/www.nfunb.org\/wp-content\/uploads\/2022\/01\/NFU_logo_CircleNB.png\",\"width\":480,\"height\":480,\"caption\":\"National Farmers Union in New Brunswick\"},\"image\":{\"@id\":\"https:\/\/www.nfunb.org\/fr\/#\/schema\/logo\/image\/\"},\"sameAs\":[\"https:\/\/www.facebook.com\/NFUinNB\",\"https:\/\/www.instagram.com\/nfu.unf.nb\/\"]},{\"@type\":\"Person\",\"@id\":\"https:\/\/www.nfunb.org\/fr\/#\/schema\/person\/05e03cb5fa6d3d0db5488a40638b04c9\",\"name\":\"Suzanne Fournier\",\"image\":{\"@type\":\"ImageObject\",\"inLanguage\":\"fr-FR\",\"@id\":\"https:\/\/www.nfunb.org\/fr\/#\/schema\/person\/image\/\",\"url\":\"https:\/\/secure.gravatar.com\/avatar\/21c1c8d1fc1b5c206791507e7ccb18a5c1b10ba6b794161ca5020d7d0d7ec6d2?s=96&d=mm&r=g\",\"contentUrl\":\"https:\/\/secure.gravatar.com\/avatar\/21c1c8d1fc1b5c206791507e7ccb18a5c1b10ba6b794161ca5020d7d0d7ec6d2?s=96&d=mm&r=g\",\"caption\":\"Suzanne Fournier\"},\"url\":\"https:\/\/www.nfunb.org\/fr\/author\/suzanne\/\"}]}<\/script>\n<!-- \/ Yoast SEO plugin. -->","yoast_head_json":{"title":"LETTRE OUVERTE : Prot\u00e9ger les terres agricoles et les terres priv\u00e9es du Projet du loi -75 - National Farmers Union in New Brunswick","robots":{"index":"index","follow":"follow","max-snippet":"max-snippet:-1","max-image-preview":"max-image-preview:large","max-video-preview":"max-video-preview:-1"},"canonical":"https:\/\/www.nfunb.org\/fr\/lettre-ouvert-proteger-les-terres-agricoles-et-les-terres-privees-du-projet-du-loi-75\/","og_locale":"fr_FR","og_type":"article","og_title":"LETTRE OUVERTE : Prot\u00e9ger les terres agricoles et les terres priv\u00e9es du Projet du loi -75 - National Farmers Union in New Brunswick","og_description":"&nbsp; Au premier ministre Blaine Higgs CC : les d\u00e9put\u00e9.e.s de l\u2019Assembl\u00e9e l\u00e9gislative &nbsp; Nous, les soussign\u00e9.e.s, sommes tr\u00e8s inqui\u00e8t.es par la Projet de loi -75, qui comprend un amendement [&hellip;]","og_url":"https:\/\/www.nfunb.org\/fr\/lettre-ouvert-proteger-les-terres-agricoles-et-les-terres-privees-du-projet-du-loi-75\/","og_site_name":"National Farmers Union in New Brunswick","article_publisher":"https:\/\/www.facebook.com\/NFUinNB","article_published_time":"2022-03-16T12:12:53+00:00","article_modified_time":"2022-03-16T13:09:48+00:00","og_image":[{"width":2560,"height":1920,"url":"https:\/\/www.nfunb.org\/wp-content\/uploads\/2022\/03\/Plants-in-field-scaled.jpeg","type":"image\/jpeg"}],"author":"Suzanne Fournier","twitter_card":"summary_large_image","twitter_misc":{"\u00c9crit par":"Suzanne Fournier","Dur\u00e9e de lecture estim\u00e9e":"4 minutes"},"schema":{"@context":"https:\/\/schema.org","@graph":[{"@type":"Article","@id":"https:\/\/www.nfunb.org\/fr\/lettre-ouvert-proteger-les-terres-agricoles-et-les-terres-privees-du-projet-du-loi-75\/#article","isPartOf":{"@id":"https:\/\/www.nfunb.org\/fr\/lettre-ouvert-proteger-les-terres-agricoles-et-les-terres-privees-du-projet-du-loi-75\/"},"author":{"name":"Suzanne Fournier","@id":"https:\/\/www.nfunb.org\/fr\/#\/schema\/person\/05e03cb5fa6d3d0db5488a40638b04c9"},"headline":"LETTRE OUVERTE : Prot\u00e9ger les terres agricoles et les terres priv\u00e9es du Projet du loi -75","datePublished":"2022-03-16T12:12:53+00:00","dateModified":"2022-03-16T13:09:48+00:00","mainEntityOfPage":{"@id":"https:\/\/www.nfunb.org\/fr\/lettre-ouvert-proteger-les-terres-agricoles-et-les-terres-privees-du-projet-du-loi-75\/"},"wordCount":780,"publisher":{"@id":"https:\/\/www.nfunb.org\/fr\/#organization"},"image":{"@id":"https:\/\/www.nfunb.org\/fr\/lettre-ouvert-proteger-les-terres-agricoles-et-les-terres-privees-du-projet-du-loi-75\/#primaryimage"},"thumbnailUrl":"https:\/\/www.nfunb.org\/wp-content\/uploads\/2022\/03\/Plants-in-field-scaled.jpeg","articleSection":["Nouvelles"],"inLanguage":"fr-FR"},{"@type":"WebPage","@id":"https:\/\/www.nfunb.org\/fr\/lettre-ouvert-proteger-les-terres-agricoles-et-les-terres-privees-du-projet-du-loi-75\/","url":"https:\/\/www.nfunb.org\/fr\/lettre-ouvert-proteger-les-terres-agricoles-et-les-terres-privees-du-projet-du-loi-75\/","name":"LETTRE OUVERTE : Prot\u00e9ger les terres agricoles et les terres priv\u00e9es du Projet du loi -75 - National Farmers Union in New Brunswick","isPartOf":{"@id":"https:\/\/www.nfunb.org\/fr\/#website"},"primaryImageOfPage":{"@id":"https:\/\/www.nfunb.org\/fr\/lettre-ouvert-proteger-les-terres-agricoles-et-les-terres-privees-du-projet-du-loi-75\/#primaryimage"},"image":{"@id":"https:\/\/www.nfunb.org\/fr\/lettre-ouvert-proteger-les-terres-agricoles-et-les-terres-privees-du-projet-du-loi-75\/#primaryimage"},"thumbnailUrl":"https:\/\/www.nfunb.org\/wp-content\/uploads\/2022\/03\/Plants-in-field-scaled.jpeg","datePublished":"2022-03-16T12:12:53+00:00","dateModified":"2022-03-16T13:09:48+00:00","breadcrumb":{"@id":"https:\/\/www.nfunb.org\/fr\/lettre-ouvert-proteger-les-terres-agricoles-et-les-terres-privees-du-projet-du-loi-75\/#breadcrumb"},"inLanguage":"fr-FR","potentialAction":[{"@type":"ReadAction","target":["https:\/\/www.nfunb.org\/fr\/lettre-ouvert-proteger-les-terres-agricoles-et-les-terres-privees-du-projet-du-loi-75\/"]}]},{"@type":"ImageObject","inLanguage":"fr-FR","@id":"https:\/\/www.nfunb.org\/fr\/lettre-ouvert-proteger-les-terres-agricoles-et-les-terres-privees-du-projet-du-loi-75\/#primaryimage","url":"https:\/\/www.nfunb.org\/wp-content\/uploads\/2022\/03\/Plants-in-field-scaled.jpeg","contentUrl":"https:\/\/www.nfunb.org\/wp-content\/uploads\/2022\/03\/Plants-in-field-scaled.jpeg","width":2560,"height":1920},{"@type":"BreadcrumbList","@id":"https:\/\/www.nfunb.org\/fr\/lettre-ouvert-proteger-les-terres-agricoles-et-les-terres-privees-du-projet-du-loi-75\/#breadcrumb","itemListElement":[{"@type":"ListItem","position":1,"name":"Home","item":"https:\/\/www.nfunb.org\/fr\/home\/"},{"@type":"ListItem","position":2,"name":"LETTRE OUVERTE : Prot\u00e9ger les terres agricoles et les terres priv\u00e9es du Projet du loi -75"}]},{"@type":"WebSite","@id":"https:\/\/www.nfunb.org\/fr\/#website","url":"https:\/\/www.nfunb.org\/fr\/","name":"National Farmers Union in New Brunswick","description":"Strong Communities. Sound Policies. Sustainable Farms","publisher":{"@id":"https:\/\/www.nfunb.org\/fr\/#organization"},"potentialAction":[{"@type":"SearchAction","target":{"@type":"EntryPoint","urlTemplate":"https:\/\/www.nfunb.org\/fr\/?s={search_term_string}"},"query-input":{"@type":"PropertyValueSpecification","valueRequired":true,"valueName":"search_term_string"}}],"inLanguage":"fr-FR"},{"@type":"Organization","@id":"https:\/\/www.nfunb.org\/fr\/#organization","name":"National Farmers Union in New Brunswick","url":"https:\/\/www.nfunb.org\/fr\/","logo":{"@type":"ImageObject","inLanguage":"fr-FR","@id":"https:\/\/www.nfunb.org\/fr\/#\/schema\/logo\/image\/","url":"https:\/\/www.nfunb.org\/wp-content\/uploads\/2022\/01\/NFU_logo_CircleNB.png","contentUrl":"https:\/\/www.nfunb.org\/wp-content\/uploads\/2022\/01\/NFU_logo_CircleNB.png","width":480,"height":480,"caption":"National Farmers Union in New Brunswick"},"image":{"@id":"https:\/\/www.nfunb.org\/fr\/#\/schema\/logo\/image\/"},"sameAs":["https:\/\/www.facebook.com\/NFUinNB","https:\/\/www.instagram.com\/nfu.unf.nb\/"]},{"@type":"Person","@id":"https:\/\/www.nfunb.org\/fr\/#\/schema\/person\/05e03cb5fa6d3d0db5488a40638b04c9","name":"Suzanne Fournier","image":{"@type":"ImageObject","inLanguage":"fr-FR","@id":"https:\/\/www.nfunb.org\/fr\/#\/schema\/person\/image\/","url":"https:\/\/secure.gravatar.com\/avatar\/21c1c8d1fc1b5c206791507e7ccb18a5c1b10ba6b794161ca5020d7d0d7ec6d2?s=96&d=mm&r=g","contentUrl":"https:\/\/secure.gravatar.com\/avatar\/21c1c8d1fc1b5c206791507e7ccb18a5c1b10ba6b794161ca5020d7d0d7ec6d2?s=96&d=mm&r=g","caption":"Suzanne Fournier"},"url":"https:\/\/www.nfunb.org\/fr\/author\/suzanne\/"}]}},"_links":{"self":[{"href":"https:\/\/www.nfunb.org\/fr\/wp-json\/wp\/v2\/posts\/12979","targetHints":{"allow":["GET"]}}],"collection":[{"href":"https:\/\/www.nfunb.org\/fr\/wp-json\/wp\/v2\/posts"}],"about":[{"href":"https:\/\/www.nfunb.org\/fr\/wp-json\/wp\/v2\/types\/post"}],"author":[{"embeddable":true,"href":"https:\/\/www.nfunb.org\/fr\/wp-json\/wp\/v2\/users\/2"}],"replies":[{"embeddable":true,"href":"https:\/\/www.nfunb.org\/fr\/wp-json\/wp\/v2\/comments?post=12979"}],"version-history":[{"count":3,"href":"https:\/\/www.nfunb.org\/fr\/wp-json\/wp\/v2\/posts\/12979\/revisions"}],"predecessor-version":[{"id":12984,"href":"https:\/\/www.nfunb.org\/fr\/wp-json\/wp\/v2\/posts\/12979\/revisions\/12984"}],"wp:featuredmedia":[{"embeddable":true,"href":"https:\/\/www.nfunb.org\/fr\/wp-json\/wp\/v2\/media\/12977"}],"wp:attachment":[{"href":"https:\/\/www.nfunb.org\/fr\/wp-json\/wp\/v2\/media?parent=12979"}],"wp:term":[{"taxonomy":"category","embeddable":true,"href":"https:\/\/www.nfunb.org\/fr\/wp-json\/wp\/v2\/categories?post=12979"},{"taxonomy":"post_tag","embeddable":true,"href":"https:\/\/www.nfunb.org\/fr\/wp-json\/wp\/v2\/tags?post=12979"}],"curies":[{"name":"wp","href":"https:\/\/api.w.org\/{rel}","templated":true}]}}