{"id":13032,"date":"2022-06-29T16:34:48","date_gmt":"2022-06-29T20:34:48","guid":{"rendered":"https:\/\/www.nfunb.org\/bilingual-new-brunswick-mental-health-and-farm-safety-program-coordinator\/"},"modified":"2023-02-27T13:11:55","modified_gmt":"2023-02-27T17:11:55","slug":"coordonnateur-coordonnatrice-bilingue-du-programme-de-sante-mentale","status":"publish","type":"post","link":"https:\/\/www.nfunb.org\/fr\/coordonnateur-coordonnatrice-bilingue-du-programme-de-sante-mentale\/","title":{"rendered":"COORDONNATEUR\/COORDONNATRICE BILINGUE DU PROGRAMME DE SANTE\u0301 MENTALE ET DE SE\u0301CURITE\u0301 A\u0300 LA FERME DU NOUVEAU-BRUNSWICK"},"content":{"rendered":"\r\n<div class=\"wp-block-file\">\r\n<p>Avez-vous une passion pour l\u2019agriculture et de l\u2019exp\u00e9rience dans la coordination de projets? Avez-vous un int\u00e9r\u00eat ou de l\u2019exp\u00e9rience en mati\u00e8re de sant\u00e9 et de s\u00e9curit\u00e9 mentales et physiques en agriculture? \u00cates-vous \u00e0 la recherche d\u2019une carri\u00e8re qui aidera la communaut\u00e9 agricole du Nouveau-Brunswick \u00e0 \u00eatre un endroit plus s\u00e9curitaire sur tous les plans\u2009? L\u2019Alliance agricole du Nouveau-Brunswick, en partenariat avec l\u2019Union nationale des fermiers au Nouveau-Brunswick et La R\u00e9colte de Chez Nous, est \u00e0 la recherche d\u2019une personne comme vous pour devenir notre coordonnateur ou notre coordonnatrice bilingue de l\u2019initiative de sant\u00e9 mentale et de s\u00e9curit\u00e9 \u00e0 la ferme!<\/p>\r\n<p>&nbsp;<\/p>\r\n<p><strong>Contexte\u00a0:<\/strong><\/p>\r\n<p>&nbsp;<\/p>\r\n<p><strong>Dur\u00e9e\u00a0: <\/strong>Poste contractuel avec un d\u00e9but potentielle de avril 2023 jusqu&rsquo;\u00e0 la fin mars 2024 avec des attentes de renouvellement pour 4 ann\u00e9es subs\u00e9quentes (en fonction du financement disponible)<\/p>\r\n<p>\u00a0<strong>Lieu de travail<\/strong>\u00a0: Nouveau-Brunswick<\/p>\r\n<p><strong>Horaire de travail\u00a0: <\/strong>Temps plein &#8211; Du lundi au vendredi. Doit avoir la possibilit\u00e9 de voyager (lorsque possible).<\/p>\r\n<p><strong>Salaire\u00a0: <\/strong>55\u2009000\u00a0$<\/p>\r\n<p><strong>Langue\u00a0:<\/strong> Ma\u00eetrise de l\u2019anglais et du fran\u00e7ais (parl\u00e9 et \u00e9crit) &#8211; <strong>Obligatoire <\/strong><\/p>\r\n<p><strong>Transport\u00a0:<\/strong> Permis de conduire valide (certains d\u00e9placements sont n\u00e9cessaires).\u00a0\u00a0<\/p>\r\n<p><strong>Autre\u00a0: <\/strong>Travail \u00e0 domicile<\/p>\r\n<p>&nbsp;<\/p>\r\n<p><strong><em>FONCTIONS\/RESPONSABILIT\u00c9S PARTICULI\u00c8RES\u00a0:<\/em><\/strong><\/p>\r\n<ul>\r\n<li>Ex\u00e9cution de l&rsquo;initiative sur la sant\u00e9 mentale et la s\u00e9curit\u00e9 \u00e0 la ferme en mettant l&rsquo;accent sur la promotion et la sensibilisation du programme, la coordination de la formation et les programmes d&rsquo;aide au secteur agricole (th\u00e9rapie). Continuer de personnaliser et de faire progresser l\u2019initiative sur la sant\u00e9 mentale et la s\u00e9curit\u00e9 \u00e0 la ferme<\/li>\r\n<li>Passer en revue et faire des recherches sur les programmes et les initiatives des autres provinces, effectuer une analyse des initiatives en cours au Nouveau-Brunswick et \u00e9tablir un plan de travail<\/li>\r\n<li>Collaborer avec les organismes en sant\u00e9 mentale, ainsi qu\u2019avec les autres partenaires provinciaux en mati\u00e8re de s\u00e9curit\u00e9 \u00e0 la ferme, le minist\u00e8re de l\u2019Agriculture, de l\u2019Aquaculture et des P\u00eaches, Travail s\u00e9curitaire NB, l\u2019Association canadienne de s\u00e9curit\u00e9 agricole, et l\u2019Association Canadienne de la sant\u00e9 mentale au NB afin de d\u00e9terminer les ressources et le mat\u00e9riel propres aux fermes du Nouveau-Brunswick.<\/li>\r\n<li>Rendre des comptes et fournir des rapports \u00e0 Agriculture NB (l\u2019Alliance agricole du N.-B., l\u2019Union nationale des fermiers au N.-B., La R\u00e9colte de Chez Nous).<\/li>\r\n<li>Trouver des sources de financement et pr\u00e9parer des propositions de financement<\/li>\r\n<\/ul>\r\n<p>&nbsp;<\/p>\r\n<p>&nbsp;<\/p>\r\n<p><strong><em>COMP\u00c9TENCES ET APTITUDES <\/em><\/strong><\/p>\r\n<ul>\r\n<li>De solides comp\u00e9tences en communication \u00e9crite et orale en anglais et en fran\u00e7ais sont essentielles<\/li>\r\n<li>De l\u2019exp\u00e9rience en sant\u00e9 mentale et\/ou en s\u00e9curit\u00e9 agricole est un atout<\/li>\r\n<li>Grand sens de l\u2019organisation, souci du travail bien fait, autonomie<\/li>\r\n<li>Capacit\u00e9 \u00e0 g\u00e9rer, coordonner et r\u00e9aliser de multiples projets et relations<\/li>\r\n<li>Grandes comp\u00e9tences en gestion de projet<\/li>\r\n<li>Exp\u00e9rience de travail dans le cadre de comit\u00e9s, de relations publiques, planifier et coordonner des formations et des ateliers<\/li>\r\n<li>Exp\u00e9rience de travail autonome et \u00e0 distance\u2009<\/li>\r\n<li>De l\u2019exp\u00e9rience dans l\u2019\u00e9laboration de propositions est un atout<\/li>\r\n<li>Solides comp\u00e9tences en mati\u00e8re de prise de d\u00e9cision, de cr\u00e9ativit\u00e9 et de r\u00e9solution de probl\u00e8mes<\/li>\r\n<li>Comp\u00e9tences av\u00e9r\u00e9es en informatique, y compris l\u2019utilisation des outils de m\u00e9dias sociaux et de Microsoft Office.<\/li>\r\n<\/ul>\r\n<p>&nbsp;<\/p>\r\n<p>Pour postuler, veuillez soumettre votre curriculum vitae et votre lettre de pr\u00e9sentation, sauvegard\u00e9s dans un seul document, \u00e0 l\u2019Alliance agricole du Nouveau-Brunswick par courriel\u00a0: <a href=\"mailto:alliance@fermenbfarm.ca\">alliance@fermenbfarm.ca<\/a> (pas par Facebook). Veuillez indiquer \u00ab\u00a0Sant\u00e9 mentale et s\u00e9curit\u00e9 \u00e0 la ferme\u00a0\u00bb dans l\u2019objet du courriel. Le poste restera ouvert jusqu\u2019\u00e0 ce qu\u2019un candidat appropri\u00e9 ou une candidate appropri\u00e9e soit retenu(e). Seules les personnes s\u00e9lectionn\u00e9es pour une entrevue de pr\u00e9s\u00e9lection seront contact\u00e9es.<\/p>\r\n<\/div>\r\n<div><a href=\"https:\/\/www.nfunb.org\/wp-content\/uploads\/2022\/06\/COORDONNATEURCOORDONNATRICE-BILINGUE-DE-LINITIATIVE-DE-SANTE-MENTALE.pdf\">COORDONNATEUR:COORDONNATRICE BILINGUE DE L\u2019INITIATIVE DE SANTE\u0301 MENTALE<\/a><\/div>\r\n<div class=\"wp-block-file\">\u00a0<\/div>\r\n","protected":false},"excerpt":{"rendered":"Avez-vous une passion pour l\u2019agriculture et de l\u2019exp\u00e9rience dans la coordination de projets? Avez-vous un int\u00e9r\u00eat ou de l\u2019exp\u00e9rience en mati\u00e8re de sant\u00e9 et de s\u00e9curit\u00e9 mentales et physiques en [...]","protected":false},"author":2,"featured_media":0,"comment_status":"closed","ping_status":"closed","sticky":false,"template":"","format":"standard","meta":{"footnotes":""},"categories":[18],"tags":[],"class_list":["post-13032","post","type-post","status-publish","format-standard","hentry","category-nouvelles"],"yoast_head":"<!-- This site is optimized with the Yoast SEO plugin v26.7 - https:\/\/yoast.com\/wordpress\/plugins\/seo\/ -->\n<title>COORDONNATEUR\/COORDONNATRICE BILINGUE DU PROGRAMME DE SANTE\u0301 MENTALE ET DE SE\u0301CURITE\u0301 A\u0300 LA FERME DU NOUVEAU-BRUNSWICK - National Farmers Union in New Brunswick<\/title>\n<meta name=\"robots\" content=\"index, follow, max-snippet:-1, max-image-preview:large, max-video-preview:-1\" \/>\n<link rel=\"canonical\" href=\"https:\/\/www.nfunb.org\/fr\/coordonnateur-coordonnatrice-bilingue-du-programme-de-sante-mentale\/\" \/>\n<meta property=\"og:locale\" content=\"fr_FR\" \/>\n<meta property=\"og:type\" content=\"article\" \/>\n<meta property=\"og:title\" content=\"COORDONNATEUR\/COORDONNATRICE BILINGUE DU PROGRAMME DE SANTE\u0301 MENTALE ET DE SE\u0301CURITE\u0301 A\u0300 LA FERME DU NOUVEAU-BRUNSWICK - National Farmers Union in New Brunswick\" \/>\n<meta property=\"og:url\" content=\"https:\/\/www.nfunb.org\/fr\/coordonnateur-coordonnatrice-bilingue-du-programme-de-sante-mentale\/\" \/>\n<meta property=\"og:site_name\" content=\"National Farmers Union in New Brunswick\" \/>\n<meta property=\"article:publisher\" content=\"https:\/\/www.facebook.com\/NFUinNB\" \/>\n<meta property=\"article:published_time\" content=\"2022-06-29T20:34:48+00:00\" \/>\n<meta property=\"article:modified_time\" content=\"2023-02-27T17:11:55+00:00\" \/>\n<meta name=\"author\" content=\"Suzanne Fournier\" \/>\n<meta name=\"twitter:card\" content=\"summary_large_image\" \/>\n<meta name=\"twitter:label1\" content=\"\u00c9crit par\" \/>\n\t<meta name=\"twitter:data1\" content=\"Suzanne Fournier\" \/>\n\t<meta name=\"twitter:label2\" content=\"Dur\u00e9e de lecture estim\u00e9e\" \/>\n\t<meta name=\"twitter:data2\" content=\"3 minutes\" \/>\n<script type=\"application\/ld+json\" class=\"yoast-schema-graph\">{\"@context\":\"https:\/\/schema.org\",\"@graph\":[{\"@type\":\"Article\",\"@id\":\"https:\/\/www.nfunb.org\/fr\/coordonnateur-coordonnatrice-bilingue-du-programme-de-sante-mentale\/#article\",\"isPartOf\":{\"@id\":\"https:\/\/www.nfunb.org\/fr\/coordonnateur-coordonnatrice-bilingue-du-programme-de-sante-mentale\/\"},\"author\":{\"name\":\"Suzanne Fournier\",\"@id\":\"https:\/\/www.nfunb.org\/fr\/#\/schema\/person\/05e03cb5fa6d3d0db5488a40638b04c9\"},\"headline\":\"COORDONNATEUR\/COORDONNATRICE BILINGUE DU PROGRAMME DE SANTE\u0301 MENTALE ET DE SE\u0301CURITE\u0301 A\u0300 LA FERME DU NOUVEAU-BRUNSWICK\",\"datePublished\":\"2022-06-29T20:34:48+00:00\",\"dateModified\":\"2023-02-27T17:11:55+00:00\",\"mainEntityOfPage\":{\"@id\":\"https:\/\/www.nfunb.org\/fr\/coordonnateur-coordonnatrice-bilingue-du-programme-de-sante-mentale\/\"},\"wordCount\":667,\"publisher\":{\"@id\":\"https:\/\/www.nfunb.org\/fr\/#organization\"},\"articleSection\":[\"Nouvelles\"],\"inLanguage\":\"fr-FR\"},{\"@type\":\"WebPage\",\"@id\":\"https:\/\/www.nfunb.org\/fr\/coordonnateur-coordonnatrice-bilingue-du-programme-de-sante-mentale\/\",\"url\":\"https:\/\/www.nfunb.org\/fr\/coordonnateur-coordonnatrice-bilingue-du-programme-de-sante-mentale\/\",\"name\":\"COORDONNATEUR\/COORDONNATRICE BILINGUE DU PROGRAMME DE SANTE\u0301 MENTALE ET DE SE\u0301CURITE\u0301 A\u0300 LA FERME DU NOUVEAU-BRUNSWICK - National Farmers Union in New Brunswick\",\"isPartOf\":{\"@id\":\"https:\/\/www.nfunb.org\/fr\/#website\"},\"datePublished\":\"2022-06-29T20:34:48+00:00\",\"dateModified\":\"2023-02-27T17:11:55+00:00\",\"breadcrumb\":{\"@id\":\"https:\/\/www.nfunb.org\/fr\/coordonnateur-coordonnatrice-bilingue-du-programme-de-sante-mentale\/#breadcrumb\"},\"inLanguage\":\"fr-FR\",\"potentialAction\":[{\"@type\":\"ReadAction\",\"target\":[\"https:\/\/www.nfunb.org\/fr\/coordonnateur-coordonnatrice-bilingue-du-programme-de-sante-mentale\/\"]}]},{\"@type\":\"BreadcrumbList\",\"@id\":\"https:\/\/www.nfunb.org\/fr\/coordonnateur-coordonnatrice-bilingue-du-programme-de-sante-mentale\/#breadcrumb\",\"itemListElement\":[{\"@type\":\"ListItem\",\"position\":1,\"name\":\"Home\",\"item\":\"https:\/\/www.nfunb.org\/fr\/home\/\"},{\"@type\":\"ListItem\",\"position\":2,\"name\":\"COORDONNATEUR\/COORDONNATRICE BILINGUE DU PROGRAMME DE SANTE\u0301 MENTALE ET DE SE\u0301CURITE\u0301 A\u0300 LA FERME DU NOUVEAU-BRUNSWICK\"}]},{\"@type\":\"WebSite\",\"@id\":\"https:\/\/www.nfunb.org\/fr\/#website\",\"url\":\"https:\/\/www.nfunb.org\/fr\/\",\"name\":\"National Farmers Union in New Brunswick\",\"description\":\"Strong Communities. Sound Policies. Sustainable Farms\",\"publisher\":{\"@id\":\"https:\/\/www.nfunb.org\/fr\/#organization\"},\"potentialAction\":[{\"@type\":\"SearchAction\",\"target\":{\"@type\":\"EntryPoint\",\"urlTemplate\":\"https:\/\/www.nfunb.org\/fr\/?s={search_term_string}\"},\"query-input\":{\"@type\":\"PropertyValueSpecification\",\"valueRequired\":true,\"valueName\":\"search_term_string\"}}],\"inLanguage\":\"fr-FR\"},{\"@type\":\"Organization\",\"@id\":\"https:\/\/www.nfunb.org\/fr\/#organization\",\"name\":\"National Farmers Union in New Brunswick\",\"url\":\"https:\/\/www.nfunb.org\/fr\/\",\"logo\":{\"@type\":\"ImageObject\",\"inLanguage\":\"fr-FR\",\"@id\":\"https:\/\/www.nfunb.org\/fr\/#\/schema\/logo\/image\/\",\"url\":\"https:\/\/www.nfunb.org\/wp-content\/uploads\/2022\/01\/NFU_logo_CircleNB.png\",\"contentUrl\":\"https:\/\/www.nfunb.org\/wp-content\/uploads\/2022\/01\/NFU_logo_CircleNB.png\",\"width\":480,\"height\":480,\"caption\":\"National Farmers Union in New Brunswick\"},\"image\":{\"@id\":\"https:\/\/www.nfunb.org\/fr\/#\/schema\/logo\/image\/\"},\"sameAs\":[\"https:\/\/www.facebook.com\/NFUinNB\",\"https:\/\/www.instagram.com\/nfu.unf.nb\/\"]},{\"@type\":\"Person\",\"@id\":\"https:\/\/www.nfunb.org\/fr\/#\/schema\/person\/05e03cb5fa6d3d0db5488a40638b04c9\",\"name\":\"Suzanne Fournier\",\"image\":{\"@type\":\"ImageObject\",\"inLanguage\":\"fr-FR\",\"@id\":\"https:\/\/www.nfunb.org\/fr\/#\/schema\/person\/image\/\",\"url\":\"https:\/\/secure.gravatar.com\/avatar\/21c1c8d1fc1b5c206791507e7ccb18a5c1b10ba6b794161ca5020d7d0d7ec6d2?s=96&d=mm&r=g\",\"contentUrl\":\"https:\/\/secure.gravatar.com\/avatar\/21c1c8d1fc1b5c206791507e7ccb18a5c1b10ba6b794161ca5020d7d0d7ec6d2?s=96&d=mm&r=g\",\"caption\":\"Suzanne Fournier\"},\"url\":\"https:\/\/www.nfunb.org\/fr\/author\/suzanne\/\"}]}<\/script>\n<!-- \/ Yoast SEO plugin. -->","yoast_head_json":{"title":"COORDONNATEUR\/COORDONNATRICE BILINGUE DU PROGRAMME DE SANTE\u0301 MENTALE ET DE SE\u0301CURITE\u0301 A\u0300 LA FERME DU NOUVEAU-BRUNSWICK - National Farmers Union in New Brunswick","robots":{"index":"index","follow":"follow","max-snippet":"max-snippet:-1","max-image-preview":"max-image-preview:large","max-video-preview":"max-video-preview:-1"},"canonical":"https:\/\/www.nfunb.org\/fr\/coordonnateur-coordonnatrice-bilingue-du-programme-de-sante-mentale\/","og_locale":"fr_FR","og_type":"article","og_title":"COORDONNATEUR\/COORDONNATRICE BILINGUE DU PROGRAMME DE SANTE\u0301 MENTALE ET DE SE\u0301CURITE\u0301 A\u0300 LA FERME DU NOUVEAU-BRUNSWICK - National Farmers Union in New Brunswick","og_url":"https:\/\/www.nfunb.org\/fr\/coordonnateur-coordonnatrice-bilingue-du-programme-de-sante-mentale\/","og_site_name":"National Farmers Union in New Brunswick","article_publisher":"https:\/\/www.facebook.com\/NFUinNB","article_published_time":"2022-06-29T20:34:48+00:00","article_modified_time":"2023-02-27T17:11:55+00:00","author":"Suzanne Fournier","twitter_card":"summary_large_image","twitter_misc":{"\u00c9crit par":"Suzanne Fournier","Dur\u00e9e de lecture estim\u00e9e":"3 minutes"},"schema":{"@context":"https:\/\/schema.org","@graph":[{"@type":"Article","@id":"https:\/\/www.nfunb.org\/fr\/coordonnateur-coordonnatrice-bilingue-du-programme-de-sante-mentale\/#article","isPartOf":{"@id":"https:\/\/www.nfunb.org\/fr\/coordonnateur-coordonnatrice-bilingue-du-programme-de-sante-mentale\/"},"author":{"name":"Suzanne Fournier","@id":"https:\/\/www.nfunb.org\/fr\/#\/schema\/person\/05e03cb5fa6d3d0db5488a40638b04c9"},"headline":"COORDONNATEUR\/COORDONNATRICE BILINGUE DU PROGRAMME DE SANTE\u0301 MENTALE ET DE SE\u0301CURITE\u0301 A\u0300 LA FERME DU NOUVEAU-BRUNSWICK","datePublished":"2022-06-29T20:34:48+00:00","dateModified":"2023-02-27T17:11:55+00:00","mainEntityOfPage":{"@id":"https:\/\/www.nfunb.org\/fr\/coordonnateur-coordonnatrice-bilingue-du-programme-de-sante-mentale\/"},"wordCount":667,"publisher":{"@id":"https:\/\/www.nfunb.org\/fr\/#organization"},"articleSection":["Nouvelles"],"inLanguage":"fr-FR"},{"@type":"WebPage","@id":"https:\/\/www.nfunb.org\/fr\/coordonnateur-coordonnatrice-bilingue-du-programme-de-sante-mentale\/","url":"https:\/\/www.nfunb.org\/fr\/coordonnateur-coordonnatrice-bilingue-du-programme-de-sante-mentale\/","name":"COORDONNATEUR\/COORDONNATRICE BILINGUE DU PROGRAMME DE SANTE\u0301 MENTALE ET DE SE\u0301CURITE\u0301 A\u0300 LA FERME DU NOUVEAU-BRUNSWICK - National Farmers Union in New Brunswick","isPartOf":{"@id":"https:\/\/www.nfunb.org\/fr\/#website"},"datePublished":"2022-06-29T20:34:48+00:00","dateModified":"2023-02-27T17:11:55+00:00","breadcrumb":{"@id":"https:\/\/www.nfunb.org\/fr\/coordonnateur-coordonnatrice-bilingue-du-programme-de-sante-mentale\/#breadcrumb"},"inLanguage":"fr-FR","potentialAction":[{"@type":"ReadAction","target":["https:\/\/www.nfunb.org\/fr\/coordonnateur-coordonnatrice-bilingue-du-programme-de-sante-mentale\/"]}]},{"@type":"BreadcrumbList","@id":"https:\/\/www.nfunb.org\/fr\/coordonnateur-coordonnatrice-bilingue-du-programme-de-sante-mentale\/#breadcrumb","itemListElement":[{"@type":"ListItem","position":1,"name":"Home","item":"https:\/\/www.nfunb.org\/fr\/home\/"},{"@type":"ListItem","position":2,"name":"COORDONNATEUR\/COORDONNATRICE BILINGUE DU PROGRAMME DE SANTE\u0301 MENTALE ET DE SE\u0301CURITE\u0301 A\u0300 LA FERME DU NOUVEAU-BRUNSWICK"}]},{"@type":"WebSite","@id":"https:\/\/www.nfunb.org\/fr\/#website","url":"https:\/\/www.nfunb.org\/fr\/","name":"National Farmers Union in New Brunswick","description":"Strong Communities. Sound Policies. Sustainable Farms","publisher":{"@id":"https:\/\/www.nfunb.org\/fr\/#organization"},"potentialAction":[{"@type":"SearchAction","target":{"@type":"EntryPoint","urlTemplate":"https:\/\/www.nfunb.org\/fr\/?s={search_term_string}"},"query-input":{"@type":"PropertyValueSpecification","valueRequired":true,"valueName":"search_term_string"}}],"inLanguage":"fr-FR"},{"@type":"Organization","@id":"https:\/\/www.nfunb.org\/fr\/#organization","name":"National Farmers Union in New Brunswick","url":"https:\/\/www.nfunb.org\/fr\/","logo":{"@type":"ImageObject","inLanguage":"fr-FR","@id":"https:\/\/www.nfunb.org\/fr\/#\/schema\/logo\/image\/","url":"https:\/\/www.nfunb.org\/wp-content\/uploads\/2022\/01\/NFU_logo_CircleNB.png","contentUrl":"https:\/\/www.nfunb.org\/wp-content\/uploads\/2022\/01\/NFU_logo_CircleNB.png","width":480,"height":480,"caption":"National Farmers Union in New Brunswick"},"image":{"@id":"https:\/\/www.nfunb.org\/fr\/#\/schema\/logo\/image\/"},"sameAs":["https:\/\/www.facebook.com\/NFUinNB","https:\/\/www.instagram.com\/nfu.unf.nb\/"]},{"@type":"Person","@id":"https:\/\/www.nfunb.org\/fr\/#\/schema\/person\/05e03cb5fa6d3d0db5488a40638b04c9","name":"Suzanne Fournier","image":{"@type":"ImageObject","inLanguage":"fr-FR","@id":"https:\/\/www.nfunb.org\/fr\/#\/schema\/person\/image\/","url":"https:\/\/secure.gravatar.com\/avatar\/21c1c8d1fc1b5c206791507e7ccb18a5c1b10ba6b794161ca5020d7d0d7ec6d2?s=96&d=mm&r=g","contentUrl":"https:\/\/secure.gravatar.com\/avatar\/21c1c8d1fc1b5c206791507e7ccb18a5c1b10ba6b794161ca5020d7d0d7ec6d2?s=96&d=mm&r=g","caption":"Suzanne Fournier"},"url":"https:\/\/www.nfunb.org\/fr\/author\/suzanne\/"}]}},"_links":{"self":[{"href":"https:\/\/www.nfunb.org\/fr\/wp-json\/wp\/v2\/posts\/13032","targetHints":{"allow":["GET"]}}],"collection":[{"href":"https:\/\/www.nfunb.org\/fr\/wp-json\/wp\/v2\/posts"}],"about":[{"href":"https:\/\/www.nfunb.org\/fr\/wp-json\/wp\/v2\/types\/post"}],"author":[{"embeddable":true,"href":"https:\/\/www.nfunb.org\/fr\/wp-json\/wp\/v2\/users\/2"}],"replies":[{"embeddable":true,"href":"https:\/\/www.nfunb.org\/fr\/wp-json\/wp\/v2\/comments?post=13032"}],"version-history":[{"count":4,"href":"https:\/\/www.nfunb.org\/fr\/wp-json\/wp\/v2\/posts\/13032\/revisions"}],"predecessor-version":[{"id":13133,"href":"https:\/\/www.nfunb.org\/fr\/wp-json\/wp\/v2\/posts\/13032\/revisions\/13133"}],"wp:attachment":[{"href":"https:\/\/www.nfunb.org\/fr\/wp-json\/wp\/v2\/media?parent=13032"}],"wp:term":[{"taxonomy":"category","embeddable":true,"href":"https:\/\/www.nfunb.org\/fr\/wp-json\/wp\/v2\/categories?post=13032"},{"taxonomy":"post_tag","embeddable":true,"href":"https:\/\/www.nfunb.org\/fr\/wp-json\/wp\/v2\/tags?post=13032"}],"curies":[{"name":"wp","href":"https:\/\/api.w.org\/{rel}","templated":true}]}}