{"id":13336,"date":"2024-03-05T18:01:52","date_gmt":"2024-03-05T22:01:52","guid":{"rendered":"https:\/\/www.nfunb.org\/?p=13336"},"modified":"2024-03-06T17:09:54","modified_gmt":"2024-03-06T21:09:54","slug":"2024-aga","status":"publish","type":"post","link":"https:\/\/www.nfunb.org\/fr\/2024-aga\/","title":{"rendered":"l&rsquo;Assembl\u00e9e G\u00e9n\u00e9rale Annuelle de l&rsquo;UNF-NB"},"content":{"rendered":"\r\n<p>Les inscriptions sont ouvertes !<\/p>\r\n<p>Veuillez utiliser le formulaire ci-dessous pour vous inscrire au :<\/p>\r\n<p>&nbsp;<\/p>\r\n<p>\r\n\r\n<\/p>\r\n<h3 class=\"wp-block-heading\">l&rsquo;AGA de l&rsquo;Union nationale des fermiers au Nouveau Brunswick\u00a0<\/h3>\r\n<p>Nous vous invitons \u00e0 participer \u00e0 l&rsquo;Assembl\u00e9e g\u00e9n\u00e9rale annuelle hybride 2024 de l&rsquo;UNF-NB le <strong><u>Dimanche, 17 mars<\/u>, <\/strong>\u00e0 la salle Bernard Leblanc, \u00e0 la Centre Culturel Aberdeen, au 140 Botsford St, Moncton, N.-B et en ligne sur Zoom. L&rsquo;inscription va commencer \u00e0 9h30, et la rencontre se terminera \u00e0 16h. <u>Il n&rsquo;y a pas de frais d&rsquo;inscription<\/u> et inclut le d\u00eener compos\u00e9 d\u2019aliments locaux ainsi que les pause-caf\u00e9\/collations.\u00a0La traduction simultan\u00e9e sera disponible.<\/p>\r\n<p><strong>Des r\u00e9solutions sur les questions d\u2019actualit\u00e9s politiques <\/strong>peuvent \u00eatre pr\u00e9sent\u00e9es \u00e0 l&rsquo;AGA. Il est pr\u00e9f\u00e9rable de nous les envoyer au moins une semaine \u00e0 l&rsquo;avance, mais elles seront \u00e9galement accept\u00e9es le matin de l&rsquo;AGA. Les r\u00e9solutions repr\u00e9sentent la base de notre politique et elles nous guident au cours de l&rsquo;ann\u00e9e. Contactez le bureau si vous avez des id\u00e9es que vous aimeriez soumettre.<\/p>\r\n<p>Cet \u00e9v\u00e9nement est votre opportunit\u00e9 d&rsquo;assumer un r\u00f4le de leadership aupr\u00e8s de l&rsquo;UNF ; <strong>des \u00e9lections auront lieu pour le Conseil d&rsquo;administration de l&rsquo;UNF-NB<\/strong>, y compris les postes de pr\u00e9sident(e), de pr\u00e9sidente des femmes, de pr\u00e9sident(e) des jeunes, de pr\u00e9sident(e) des PANDC, de secr\u00e9taire et de membres non d\u00e9sign\u00e9s.<\/p>\r\n<p>La journ\u00e9e consiste en une <strong>gamme<\/strong> <strong>de divers pr\u00e9sentateurs qui discuteront des obstacles \u00e0 l&rsquo;agriculture et des solutions pour les surmonter. <\/strong>Cela inclura des pr\u00e9sentations et des discussions sur le programme de sant\u00e9 mentale au N.-B. Ferme Parle Soins; les Laboratoires Vivants du N.-B.; et un panel sur notre th\u00e8me. Nous projetterons \u00e9galement les quatre films sur la profondeur de champ du Nouveau-Brunswick. Nous esp\u00e9rons faciliter une telle conversation d&rsquo;une mani\u00e8re \u00e9quilibr\u00e9e avec les fermiers et non fermiers contribuant leurs connaissances et leurs points de vue. Cette rencontre et la discussion a lieu afin de d\u00e9finir les futures orientations et la politique de l&rsquo;organisation.<\/p>\r\n<p>Nous encourageons fortement tous les membres \u00e0 participer \u00e0 cette Assembl\u00e9e g\u00e9n\u00e9rale annuelle et \u00e0 inviter tous les autres fermiers et voisins int\u00e9ress\u00e9s. Votre participation et votre contribution sont tr\u00e8s importantes \u00e0 nos discussions afin d&rsquo;orienter notre organisme.<\/p>\r\n<p>&nbsp;<\/p>\r\n<p><span data-sheets-value=\"{&quot;1&quot;:3,&quot;3&quot;:45017}\" data-sheets-userformat=\"{&quot;2&quot;:15357,&quot;3&quot;:{&quot;1&quot;:5,&quot;2&quot;:&quot;dddd, mmmm d, yyyy&quot;,&quot;3&quot;:1},&quot;5&quot;:{&quot;1&quot;:[{&quot;1&quot;:2,&quot;2&quot;:0,&quot;5&quot;:{&quot;1&quot;:2,&quot;2&quot;:0}},{&quot;1&quot;:0,&quot;2&quot;:0,&quot;3&quot;:3},{&quot;1&quot;:1,&quot;2&quot;:0,&quot;4&quot;:1}]},&quot;6&quot;:{&quot;1&quot;:[{&quot;1&quot;:2,&quot;2&quot;:0,&quot;5&quot;:{&quot;1&quot;:2,&quot;2&quot;:0}},{&quot;1&quot;:0,&quot;2&quot;:0,&quot;3&quot;:3},{&quot;1&quot;:1,&quot;2&quot;:0,&quot;4&quot;:1}]},&quot;7&quot;:{&quot;1&quot;:[{&quot;1&quot;:2,&quot;2&quot;:0,&quot;5&quot;:{&quot;1&quot;:2,&quot;2&quot;:0}},{&quot;1&quot;:0,&quot;2&quot;:0,&quot;3&quot;:3},{&quot;1&quot;:1,&quot;2&quot;:0,&quot;4&quot;:1}]},&quot;8&quot;:{&quot;1&quot;:[{&quot;1&quot;:2,&quot;2&quot;:0,&quot;5&quot;:{&quot;1&quot;:2,&quot;2&quot;:0}},{&quot;1&quot;:0,&quot;2&quot;:0,&quot;3&quot;:3},{&quot;1&quot;:1,&quot;2&quot;:0,&quot;4&quot;:1}]},&quot;9&quot;:0,&quot;10&quot;:0,&quot;11&quot;:4,&quot;12&quot;:0,&quot;14&quot;:{&quot;1&quot;:2,&quot;2&quot;:0},&quot;15&quot;:&quot;Calibri, sans-serif&quot;,&quot;16&quot;:11}\">Dimanche le 17 mars, 2024 10h \u00e0 16h\u00a0<\/span><\/p>\r\n<p>\r\n\r\n<\/p>\r\n<p><a href=\"https:\/\/centreculturelaberdeen.com\/\">Centre Culturel Aberdeen<\/a>, 140 rue Botsford, Moncton, N.-B.<\/p>\r\n<p>\r\n\r\n<\/p>\r\n<p>&nbsp;<\/p>\r\n<p>\r\n\r\n<\/p>\r\n\n<div class=\"wpcf7 no-js\" id=\"wpcf7-f13342-o1\" lang=\"en-US\" dir=\"ltr\" data-wpcf7-id=\"13342\">\n<div class=\"screen-reader-response\"><p role=\"status\" aria-live=\"polite\" aria-atomic=\"true\"><\/p> <ul><\/ul><\/div>\n<form action=\"\/fr\/wp-json\/wp\/v2\/posts\/13336#wpcf7-f13342-o1\" method=\"post\" class=\"wpcf7-form init\" aria-label=\"Contact form\" novalidate=\"novalidate\" data-status=\"init\">\n<fieldset class=\"hidden-fields-container\"><input type=\"hidden\" name=\"_wpcf7\" value=\"13342\" \/><input type=\"hidden\" name=\"_wpcf7_version\" value=\"6.1.4\" \/><input type=\"hidden\" name=\"_wpcf7_locale\" value=\"en_US\" \/><input type=\"hidden\" name=\"_wpcf7_unit_tag\" value=\"wpcf7-f13342-o1\" \/><input type=\"hidden\" name=\"_wpcf7_container_post\" value=\"0\" \/><input type=\"hidden\" name=\"_wpcf7_posted_data_hash\" value=\"\" \/><input type=\"hidden\" name=\"_wpcf7_recaptcha_response\" value=\"\" \/>\n<\/fieldset>\n<p><label> Votre nom<br \/>\n<span class=\"wpcf7-form-control-wrap\" data-name=\"votre-nom\"><input size=\"40\" maxlength=\"400\" class=\"wpcf7-form-control wpcf7-text wpcf7-validates-as-required\" autocomplete=\"name\" aria-required=\"true\" aria-invalid=\"false\" value=\"\" type=\"text\" name=\"votre-nom\" \/><\/span> <\/label>\n<\/p>\n<p><label> Votre courriel<br \/>\n<span class=\"wpcf7-form-control-wrap\" data-name=\"votre-courriel\"><input size=\"40\" maxlength=\"400\" class=\"wpcf7-form-control wpcf7-email wpcf7-validates-as-required wpcf7-text wpcf7-validates-as-email\" autocomplete=\"email\" aria-required=\"true\" aria-invalid=\"false\" value=\"\" type=\"email\" name=\"votre-courriel\" \/><\/span> <\/label>\n<\/p>\n<p><label> Votre telephone<br \/>\n<span class=\"wpcf7-form-control-wrap\" data-name=\"tel-279\"><input size=\"40\" maxlength=\"400\" class=\"wpcf7-form-control wpcf7-tel wpcf7-validates-as-required wpcf7-text wpcf7-validates-as-tel\" aria-required=\"true\" aria-invalid=\"false\" value=\"\" type=\"tel\" name=\"tel-279\" \/><\/span> <\/label>\n<\/p>\n<p><label> Votre addresse<br \/>\n<span class=\"wpcf7-form-control-wrap\" data-name=\"votre-addresse\"><input size=\"40\" maxlength=\"400\" class=\"wpcf7-form-control wpcf7-text wpcf7-validates-as-required\" aria-required=\"true\" aria-invalid=\"false\" value=\"\" type=\"text\" name=\"votre-addresse\" \/><\/span> <\/label>\n<\/p>\n<p><span class=\"wpcf7-form-control-wrap\" data-name=\"Choix-hybride\"><select class=\"wpcf7-form-control wpcf7-select wpcf7-validates-as-required\" aria-required=\"true\" aria-invalid=\"false\" name=\"Choix-hybride\"><option value=\"Veuillez choisir votre pr\u00e9sence\">Veuillez choisir votre pr\u00e9sence<\/option><option value=\"En Personne (Moncton, NB)\">En Personne (Moncton, NB)<\/option><option value=\"Zoom\">Zoom<\/option><\/select><\/span>\n<\/p>\n<p><label> Allergies alimentaires ou questions suppl\u00e9mentaires (facultatif)<br \/>\n<span class=\"wpcf7-form-control-wrap\" data-name=\"votre-message\"><textarea cols=\"40\" rows=\"10\" maxlength=\"2000\" class=\"wpcf7-form-control wpcf7-textarea\" aria-invalid=\"false\" name=\"votre-message\"><\/textarea><\/span> <\/label>\n<\/p>\n<p><input class=\"wpcf7-form-control wpcf7-submit has-spinner\" type=\"submit\" value=\"Soumettre\" \/>\n<\/p>\n<div class=\"screen-reader-response\">\n\t<div role=\"status\">\n\t<\/div>\n<\/div><div class=\"wpcf7-response-output\" aria-hidden=\"true\"><\/div>\n<\/form>\n<\/div>\n\r\n","protected":false},"excerpt":{"rendered":"<p>Les inscriptions sont ouvertes ! Veuillez utiliser le formulaire ci-dessous pour vous inscrire au : &nbsp; l&rsquo;AGA de l&rsquo;Union nationale des fermiers au Nouveau Brunswick\u00a0 Nous vous invitons \u00e0 participer [&hellip;]<\/p>\n","protected":false},"author":1,"featured_media":12848,"comment_status":"closed","ping_status":"closed","sticky":false,"template":"","format":"standard","meta":{"footnotes":""},"categories":[137,18],"tags":[],"class_list":["post-13336","post","type-post","status-publish","format-standard","has-post-thumbnail","hentry","category-evenements","category-nouvelles"],"yoast_head":"<!-- This site is optimized with the Yoast SEO plugin v26.7 - https:\/\/yoast.com\/wordpress\/plugins\/seo\/ -->\n<title>l&#039;Assembl\u00e9e G\u00e9n\u00e9rale Annuelle de l&#039;UNF-NB - National Farmers Union in New Brunswick<\/title>\n<meta name=\"robots\" content=\"index, follow, max-snippet:-1, max-image-preview:large, max-video-preview:-1\" \/>\n<link rel=\"canonical\" href=\"https:\/\/www.nfunb.org\/fr\/2024-aga\/\" \/>\n<meta property=\"og:locale\" content=\"fr_FR\" \/>\n<meta property=\"og:type\" content=\"article\" \/>\n<meta property=\"og:title\" content=\"l&#039;Assembl\u00e9e G\u00e9n\u00e9rale Annuelle de l&#039;UNF-NB - National Farmers Union in New Brunswick\" \/>\n<meta property=\"og:description\" content=\"Les inscriptions sont ouvertes ! Veuillez utiliser le formulaire ci-dessous pour vous inscrire au : &nbsp; l&rsquo;AGA de l&rsquo;Union nationale des fermiers au Nouveau Brunswick\u00a0 Nous vous invitons \u00e0 participer [&hellip;]\" \/>\n<meta property=\"og:url\" content=\"https:\/\/www.nfunb.org\/fr\/2024-aga\/\" \/>\n<meta property=\"og:site_name\" content=\"National Farmers Union in New Brunswick\" \/>\n<meta property=\"article:publisher\" content=\"https:\/\/www.facebook.com\/NFUinNB\" \/>\n<meta property=\"article:published_time\" content=\"2024-03-05T22:01:52+00:00\" \/>\n<meta property=\"article:modified_time\" content=\"2024-03-06T21:09:54+00:00\" \/>\n<meta property=\"og:image\" content=\"https:\/\/www.nfunb.org\/wp-content\/uploads\/2022\/02\/2017-AGM-Gailen-Allan-and-Pierre-Olivier-Brassard-scaled.jpg\" \/>\n\t<meta property=\"og:image:width\" content=\"2560\" \/>\n\t<meta property=\"og:image:height\" content=\"1707\" \/>\n\t<meta property=\"og:image:type\" content=\"image\/jpeg\" \/>\n<meta name=\"author\" content=\"admin\" \/>\n<meta name=\"twitter:card\" content=\"summary_large_image\" \/>\n<meta name=\"twitter:label1\" content=\"\u00c9crit par\" \/>\n\t<meta name=\"twitter:data1\" content=\"admin\" \/>\n\t<meta name=\"twitter:label2\" content=\"Dur\u00e9e de lecture estim\u00e9e\" \/>\n\t<meta name=\"twitter:data2\" content=\"2 minutes\" \/>\n<script type=\"application\/ld+json\" class=\"yoast-schema-graph\">{\"@context\":\"https:\/\/schema.org\",\"@graph\":[{\"@type\":\"Article\",\"@id\":\"https:\/\/www.nfunb.org\/fr\/2024-aga\/#article\",\"isPartOf\":{\"@id\":\"https:\/\/www.nfunb.org\/fr\/2024-aga\/\"},\"author\":{\"name\":\"admin\",\"@id\":\"https:\/\/www.nfunb.org\/fr\/#\/schema\/person\/1350c3bd5aa20e59953cf65dc542243a\"},\"headline\":\"l&rsquo;Assembl\u00e9e G\u00e9n\u00e9rale Annuelle de l&rsquo;UNF-NB\",\"datePublished\":\"2024-03-05T22:01:52+00:00\",\"dateModified\":\"2024-03-06T21:09:54+00:00\",\"mainEntityOfPage\":{\"@id\":\"https:\/\/www.nfunb.org\/fr\/2024-aga\/\"},\"wordCount\":437,\"publisher\":{\"@id\":\"https:\/\/www.nfunb.org\/fr\/#organization\"},\"image\":{\"@id\":\"https:\/\/www.nfunb.org\/fr\/2024-aga\/#primaryimage\"},\"thumbnailUrl\":\"https:\/\/www.nfunb.org\/wp-content\/uploads\/2022\/02\/2017-AGM-Gailen-Allan-and-Pierre-Olivier-Brassard-scaled.jpg\",\"articleSection\":[\"\u00c9v\u00e8nements\",\"Nouvelles\"],\"inLanguage\":\"fr-FR\"},{\"@type\":\"WebPage\",\"@id\":\"https:\/\/www.nfunb.org\/fr\/2024-aga\/\",\"url\":\"https:\/\/www.nfunb.org\/fr\/2024-aga\/\",\"name\":\"l'Assembl\u00e9e G\u00e9n\u00e9rale Annuelle de l'UNF-NB - National Farmers Union in New Brunswick\",\"isPartOf\":{\"@id\":\"https:\/\/www.nfunb.org\/fr\/#website\"},\"primaryImageOfPage\":{\"@id\":\"https:\/\/www.nfunb.org\/fr\/2024-aga\/#primaryimage\"},\"image\":{\"@id\":\"https:\/\/www.nfunb.org\/fr\/2024-aga\/#primaryimage\"},\"thumbnailUrl\":\"https:\/\/www.nfunb.org\/wp-content\/uploads\/2022\/02\/2017-AGM-Gailen-Allan-and-Pierre-Olivier-Brassard-scaled.jpg\",\"datePublished\":\"2024-03-05T22:01:52+00:00\",\"dateModified\":\"2024-03-06T21:09:54+00:00\",\"breadcrumb\":{\"@id\":\"https:\/\/www.nfunb.org\/fr\/2024-aga\/#breadcrumb\"},\"inLanguage\":\"fr-FR\",\"potentialAction\":[{\"@type\":\"ReadAction\",\"target\":[\"https:\/\/www.nfunb.org\/fr\/2024-aga\/\"]}]},{\"@type\":\"ImageObject\",\"inLanguage\":\"fr-FR\",\"@id\":\"https:\/\/www.nfunb.org\/fr\/2024-aga\/#primaryimage\",\"url\":\"https:\/\/www.nfunb.org\/wp-content\/uploads\/2022\/02\/2017-AGM-Gailen-Allan-and-Pierre-Olivier-Brassard-scaled.jpg\",\"contentUrl\":\"https:\/\/www.nfunb.org\/wp-content\/uploads\/2022\/02\/2017-AGM-Gailen-Allan-and-Pierre-Olivier-Brassard-scaled.jpg\",\"width\":2560,\"height\":1707},{\"@type\":\"BreadcrumbList\",\"@id\":\"https:\/\/www.nfunb.org\/fr\/2024-aga\/#breadcrumb\",\"itemListElement\":[{\"@type\":\"ListItem\",\"position\":1,\"name\":\"Home\",\"item\":\"https:\/\/www.nfunb.org\/fr\/home\/\"},{\"@type\":\"ListItem\",\"position\":2,\"name\":\"l&#8217;Assembl\u00e9e G\u00e9n\u00e9rale Annuelle de l&#8217;UNF-NB\"}]},{\"@type\":\"WebSite\",\"@id\":\"https:\/\/www.nfunb.org\/fr\/#website\",\"url\":\"https:\/\/www.nfunb.org\/fr\/\",\"name\":\"National Farmers Union in New Brunswick\",\"description\":\"Strong Communities. Sound Policies. Sustainable Farms\",\"publisher\":{\"@id\":\"https:\/\/www.nfunb.org\/fr\/#organization\"},\"potentialAction\":[{\"@type\":\"SearchAction\",\"target\":{\"@type\":\"EntryPoint\",\"urlTemplate\":\"https:\/\/www.nfunb.org\/fr\/?s={search_term_string}\"},\"query-input\":{\"@type\":\"PropertyValueSpecification\",\"valueRequired\":true,\"valueName\":\"search_term_string\"}}],\"inLanguage\":\"fr-FR\"},{\"@type\":\"Organization\",\"@id\":\"https:\/\/www.nfunb.org\/fr\/#organization\",\"name\":\"National Farmers Union in New Brunswick\",\"url\":\"https:\/\/www.nfunb.org\/fr\/\",\"logo\":{\"@type\":\"ImageObject\",\"inLanguage\":\"fr-FR\",\"@id\":\"https:\/\/www.nfunb.org\/fr\/#\/schema\/logo\/image\/\",\"url\":\"https:\/\/www.nfunb.org\/wp-content\/uploads\/2022\/01\/NFU_logo_CircleNB.png\",\"contentUrl\":\"https:\/\/www.nfunb.org\/wp-content\/uploads\/2022\/01\/NFU_logo_CircleNB.png\",\"width\":480,\"height\":480,\"caption\":\"National Farmers Union in New Brunswick\"},\"image\":{\"@id\":\"https:\/\/www.nfunb.org\/fr\/#\/schema\/logo\/image\/\"},\"sameAs\":[\"https:\/\/www.facebook.com\/NFUinNB\",\"https:\/\/www.instagram.com\/nfu.unf.nb\/\"]},{\"@type\":\"Person\",\"@id\":\"https:\/\/www.nfunb.org\/fr\/#\/schema\/person\/1350c3bd5aa20e59953cf65dc542243a\",\"name\":\"admin\",\"image\":{\"@type\":\"ImageObject\",\"inLanguage\":\"fr-FR\",\"@id\":\"https:\/\/www.nfunb.org\/fr\/#\/schema\/person\/image\/\",\"url\":\"https:\/\/secure.gravatar.com\/avatar\/26808d8fbe6a93b27a5be6fcee340112d06dadfad75e4e9c8533678c2951edde?s=96&d=mm&r=g\",\"contentUrl\":\"https:\/\/secure.gravatar.com\/avatar\/26808d8fbe6a93b27a5be6fcee340112d06dadfad75e4e9c8533678c2951edde?s=96&d=mm&r=g\",\"caption\":\"admin\"},\"sameAs\":[\"https:\/\/nfunb.org\/wordpress\/\"],\"url\":\"https:\/\/www.nfunb.org\/fr\/author\/admin\/\"}]}<\/script>\n<!-- \/ Yoast SEO plugin. -->","yoast_head_json":{"title":"l'Assembl\u00e9e G\u00e9n\u00e9rale Annuelle de l'UNF-NB - National Farmers Union in New Brunswick","robots":{"index":"index","follow":"follow","max-snippet":"max-snippet:-1","max-image-preview":"max-image-preview:large","max-video-preview":"max-video-preview:-1"},"canonical":"https:\/\/www.nfunb.org\/fr\/2024-aga\/","og_locale":"fr_FR","og_type":"article","og_title":"l'Assembl\u00e9e G\u00e9n\u00e9rale Annuelle de l'UNF-NB - National Farmers Union in New Brunswick","og_description":"Les inscriptions sont ouvertes ! Veuillez utiliser le formulaire ci-dessous pour vous inscrire au : &nbsp; l&rsquo;AGA de l&rsquo;Union nationale des fermiers au Nouveau Brunswick\u00a0 Nous vous invitons \u00e0 participer [&hellip;]","og_url":"https:\/\/www.nfunb.org\/fr\/2024-aga\/","og_site_name":"National Farmers Union in New Brunswick","article_publisher":"https:\/\/www.facebook.com\/NFUinNB","article_published_time":"2024-03-05T22:01:52+00:00","article_modified_time":"2024-03-06T21:09:54+00:00","og_image":[{"width":2560,"height":1707,"url":"https:\/\/www.nfunb.org\/wp-content\/uploads\/2022\/02\/2017-AGM-Gailen-Allan-and-Pierre-Olivier-Brassard-scaled.jpg","type":"image\/jpeg"}],"author":"admin","twitter_card":"summary_large_image","twitter_misc":{"\u00c9crit par":"admin","Dur\u00e9e de lecture estim\u00e9e":"2 minutes"},"schema":{"@context":"https:\/\/schema.org","@graph":[{"@type":"Article","@id":"https:\/\/www.nfunb.org\/fr\/2024-aga\/#article","isPartOf":{"@id":"https:\/\/www.nfunb.org\/fr\/2024-aga\/"},"author":{"name":"admin","@id":"https:\/\/www.nfunb.org\/fr\/#\/schema\/person\/1350c3bd5aa20e59953cf65dc542243a"},"headline":"l&rsquo;Assembl\u00e9e G\u00e9n\u00e9rale Annuelle de l&rsquo;UNF-NB","datePublished":"2024-03-05T22:01:52+00:00","dateModified":"2024-03-06T21:09:54+00:00","mainEntityOfPage":{"@id":"https:\/\/www.nfunb.org\/fr\/2024-aga\/"},"wordCount":437,"publisher":{"@id":"https:\/\/www.nfunb.org\/fr\/#organization"},"image":{"@id":"https:\/\/www.nfunb.org\/fr\/2024-aga\/#primaryimage"},"thumbnailUrl":"https:\/\/www.nfunb.org\/wp-content\/uploads\/2022\/02\/2017-AGM-Gailen-Allan-and-Pierre-Olivier-Brassard-scaled.jpg","articleSection":["\u00c9v\u00e8nements","Nouvelles"],"inLanguage":"fr-FR"},{"@type":"WebPage","@id":"https:\/\/www.nfunb.org\/fr\/2024-aga\/","url":"https:\/\/www.nfunb.org\/fr\/2024-aga\/","name":"l'Assembl\u00e9e G\u00e9n\u00e9rale Annuelle de l'UNF-NB - National Farmers Union in New Brunswick","isPartOf":{"@id":"https:\/\/www.nfunb.org\/fr\/#website"},"primaryImageOfPage":{"@id":"https:\/\/www.nfunb.org\/fr\/2024-aga\/#primaryimage"},"image":{"@id":"https:\/\/www.nfunb.org\/fr\/2024-aga\/#primaryimage"},"thumbnailUrl":"https:\/\/www.nfunb.org\/wp-content\/uploads\/2022\/02\/2017-AGM-Gailen-Allan-and-Pierre-Olivier-Brassard-scaled.jpg","datePublished":"2024-03-05T22:01:52+00:00","dateModified":"2024-03-06T21:09:54+00:00","breadcrumb":{"@id":"https:\/\/www.nfunb.org\/fr\/2024-aga\/#breadcrumb"},"inLanguage":"fr-FR","potentialAction":[{"@type":"ReadAction","target":["https:\/\/www.nfunb.org\/fr\/2024-aga\/"]}]},{"@type":"ImageObject","inLanguage":"fr-FR","@id":"https:\/\/www.nfunb.org\/fr\/2024-aga\/#primaryimage","url":"https:\/\/www.nfunb.org\/wp-content\/uploads\/2022\/02\/2017-AGM-Gailen-Allan-and-Pierre-Olivier-Brassard-scaled.jpg","contentUrl":"https:\/\/www.nfunb.org\/wp-content\/uploads\/2022\/02\/2017-AGM-Gailen-Allan-and-Pierre-Olivier-Brassard-scaled.jpg","width":2560,"height":1707},{"@type":"BreadcrumbList","@id":"https:\/\/www.nfunb.org\/fr\/2024-aga\/#breadcrumb","itemListElement":[{"@type":"ListItem","position":1,"name":"Home","item":"https:\/\/www.nfunb.org\/fr\/home\/"},{"@type":"ListItem","position":2,"name":"l&#8217;Assembl\u00e9e G\u00e9n\u00e9rale Annuelle de l&#8217;UNF-NB"}]},{"@type":"WebSite","@id":"https:\/\/www.nfunb.org\/fr\/#website","url":"https:\/\/www.nfunb.org\/fr\/","name":"National Farmers Union in New Brunswick","description":"Strong Communities. Sound Policies. Sustainable Farms","publisher":{"@id":"https:\/\/www.nfunb.org\/fr\/#organization"},"potentialAction":[{"@type":"SearchAction","target":{"@type":"EntryPoint","urlTemplate":"https:\/\/www.nfunb.org\/fr\/?s={search_term_string}"},"query-input":{"@type":"PropertyValueSpecification","valueRequired":true,"valueName":"search_term_string"}}],"inLanguage":"fr-FR"},{"@type":"Organization","@id":"https:\/\/www.nfunb.org\/fr\/#organization","name":"National Farmers Union in New Brunswick","url":"https:\/\/www.nfunb.org\/fr\/","logo":{"@type":"ImageObject","inLanguage":"fr-FR","@id":"https:\/\/www.nfunb.org\/fr\/#\/schema\/logo\/image\/","url":"https:\/\/www.nfunb.org\/wp-content\/uploads\/2022\/01\/NFU_logo_CircleNB.png","contentUrl":"https:\/\/www.nfunb.org\/wp-content\/uploads\/2022\/01\/NFU_logo_CircleNB.png","width":480,"height":480,"caption":"National Farmers Union in New Brunswick"},"image":{"@id":"https:\/\/www.nfunb.org\/fr\/#\/schema\/logo\/image\/"},"sameAs":["https:\/\/www.facebook.com\/NFUinNB","https:\/\/www.instagram.com\/nfu.unf.nb\/"]},{"@type":"Person","@id":"https:\/\/www.nfunb.org\/fr\/#\/schema\/person\/1350c3bd5aa20e59953cf65dc542243a","name":"admin","image":{"@type":"ImageObject","inLanguage":"fr-FR","@id":"https:\/\/www.nfunb.org\/fr\/#\/schema\/person\/image\/","url":"https:\/\/secure.gravatar.com\/avatar\/26808d8fbe6a93b27a5be6fcee340112d06dadfad75e4e9c8533678c2951edde?s=96&d=mm&r=g","contentUrl":"https:\/\/secure.gravatar.com\/avatar\/26808d8fbe6a93b27a5be6fcee340112d06dadfad75e4e9c8533678c2951edde?s=96&d=mm&r=g","caption":"admin"},"sameAs":["https:\/\/nfunb.org\/wordpress\/"],"url":"https:\/\/www.nfunb.org\/fr\/author\/admin\/"}]}},"_links":{"self":[{"href":"https:\/\/www.nfunb.org\/fr\/wp-json\/wp\/v2\/posts\/13336","targetHints":{"allow":["GET"]}}],"collection":[{"href":"https:\/\/www.nfunb.org\/fr\/wp-json\/wp\/v2\/posts"}],"about":[{"href":"https:\/\/www.nfunb.org\/fr\/wp-json\/wp\/v2\/types\/post"}],"author":[{"embeddable":true,"href":"https:\/\/www.nfunb.org\/fr\/wp-json\/wp\/v2\/users\/1"}],"replies":[{"embeddable":true,"href":"https:\/\/www.nfunb.org\/fr\/wp-json\/wp\/v2\/comments?post=13336"}],"version-history":[{"count":6,"href":"https:\/\/www.nfunb.org\/fr\/wp-json\/wp\/v2\/posts\/13336\/revisions"}],"predecessor-version":[{"id":13346,"href":"https:\/\/www.nfunb.org\/fr\/wp-json\/wp\/v2\/posts\/13336\/revisions\/13346"}],"wp:featuredmedia":[{"embeddable":true,"href":"https:\/\/www.nfunb.org\/fr\/wp-json\/wp\/v2\/media\/12848"}],"wp:attachment":[{"href":"https:\/\/www.nfunb.org\/fr\/wp-json\/wp\/v2\/media?parent=13336"}],"wp:term":[{"taxonomy":"category","embeddable":true,"href":"https:\/\/www.nfunb.org\/fr\/wp-json\/wp\/v2\/categories?post=13336"},{"taxonomy":"post_tag","embeddable":true,"href":"https:\/\/www.nfunb.org\/fr\/wp-json\/wp\/v2\/tags?post=13336"}],"curies":[{"name":"wp","href":"https:\/\/api.w.org\/{rel}","templated":true}]}}