{"id":13363,"date":"2024-05-21T01:00:58","date_gmt":"2024-05-21T05:00:58","guid":{"rendered":"https:\/\/www.nfunb.org\/?p=13363"},"modified":"2024-05-21T07:29:49","modified_gmt":"2024-05-21T11:29:49","slug":"communique-de-presse-unf-nb-elections","status":"publish","type":"post","link":"https:\/\/www.nfunb.org\/fr\/communique-de-presse-unf-nb-elections\/","title":{"rendered":"Communiqu\u00e9 de presse UNF-NB \u00c9lections"},"content":{"rendered":"<p>Le 21 mai 2024 \u2013 L\u2019Union nationale des fermiers au Nouveau-Brunswick (UNF-NB) est heureuse d&rsquo;annoncer la nomination d&rsquo;une nouvelle pr\u00e9sidente, d&rsquo;une nouvelle pr\u00e9sidente pour les femmes, d&rsquo;un nouveau pr\u00e9sident pour les jeunes et d&rsquo;une nouvelle pr\u00e9sidente pour les Personnes autochtones, noires et de couleur (PANDC).<\/p>\n<p>&nbsp;<\/p>\n<p>Lors de notre assembl\u00e9e g\u00e9n\u00e9rale annuelle tenue le 17 mars au Centre culturel Aberdeen \u00e0 Moncton, et des r\u00e9unions subs\u00e9quentes du conseil d&rsquo;administration, Data Brainanta a \u00e9t\u00e9 \u00e9lu pr\u00e9sident ; Karen Ferron a \u00e9t\u00e9 \u00e9lue pr\u00e9sidente des femmes ; Alexis L\u00e9g\u00e8re a \u00e9t\u00e9 \u00e9lu pr\u00e9sident des jeunes ; et Leah Sappier a \u00e9t\u00e9 \u00e9lue pr\u00e9sidente PANDC. La plupart des membres du conseil d&rsquo;administration reprennent leurs fonctions : Genevi\u00e8ve Latour, secr\u00e9taire ; R\u00e9beka Frazer-Chiasson, tr\u00e9sori\u00e8re ; Aaron Shantz, Al Ferron, Dirk Groenenberg et Bernadette Goguen, membres \u00e0 part enti\u00e8re ; et Barb Amos, repr\u00e9sentante du district au conseil d&rsquo;administration national.<\/p>\n<p>&nbsp;<\/p>\n<p>Data est un immigrant re\u00e7u de l&rsquo;Indon\u00e9sie qui a v\u00e9cu au Canada par intermittence pendant plus d&rsquo;une d\u00e9cennie. En 2020, il a pu concentrer son attention et son \u00e9nergie sur l&rsquo;apprentissage de l&rsquo;agriculture et de la permaculture \u00e0 \u00e9chelle humaine en climat temp\u00e9r\u00e9. Suite \u00e0 ses apprentissages, Data et ses amis ont d\u00e9marr\u00e9 une coop\u00e9rative de jardins alimentaires (Coop\u00e9rative TOASA) avec pour mission de travailler avec la communaut\u00e9 dans un esprit de paix et d&rsquo;amiti\u00e9 afin de nourrir une relation d\u00e9colonis\u00e9e \u00e0 la terre.<\/p>\n<p>&nbsp;<\/p>\n<p>Leah est originaire de Neqotkuk et r\u00e9side actuellement \u00e0 Eqpahak. Elle a effectu\u00e9 un stage en agriculture r\u00e9g\u00e9n\u00e9rative \u00e0 Hayes Farm en 2021. Leah dit\u00a0: \u00ab qu&rsquo;elle s&rsquo;est jointe \u00e0 l&rsquo;UNF-NB afin d&rsquo;\u00e9tablir des liens avec des personnes qui partagent les m\u00eames id\u00e9es et qui sont tout aussi passionn\u00e9es par l&rsquo;apprentissage de ce que ce magnifique territoire de Wolastoqey a \u00e0 offrir \u00e0 nous tous ! \u00bb<\/p>\n<p>&nbsp;<\/p>\n<p>Alexis est mara\u00eecher chez Les Racines L\u00e9g\u00e8re, une ferme mara\u00eech\u00e8re mixte situ\u00e9e \u00e0 Caraquet, sur le terrain de l&rsquo;\u00e9cole Marguerite-Bourgeoys. Il fournit une partie des produits \u00e0 l&rsquo;\u00e9cole et vend le reste directement ou par l&rsquo;interm\u00e9diaire d\u2019une ASC ; il aide les \u00e9l\u00e8ves \u00e0 apprendre \u00e0 cultiver des aliments et utilise la cuisine certifi\u00e9e de l&rsquo;\u00e9cole pour produire des produits \u00e0 valeur ajout\u00e9e. Alexis d\u00e9clare : \u00ab Compar\u00e9 \u00e0 d&rsquo;autres provinces, il y a beaucoup de potentiel ici. Les jeunes agriculteurs doivent sortir des sentiers battus et ne pas essayer d&rsquo;imiter ce que les autres agriculteurs faisaient auparavant. \u00bb<\/p>\n<p>&nbsp;<\/p>\n<p>Karen et son mari Al sont copropri\u00e9taires de \u00ab Ferron Family Farms \u00bb \u00e0 Long Settlement, au Nouveau-Brunswick. Ils d\u00e9couvrent l&rsquo;agriculture et le Nouveau-Brunswick apr\u00e8s avoir v\u00e9cu dans d&rsquo;autres provinces du Canada et en Jama\u00efque. Ils \u00e9l\u00e8vent du b\u00e9tail, des bovins, des moutons, des porcs et des poulets nourris \u00e0 l&rsquo;herbe et en p\u00e2turage, avec une attention particuli\u00e8re pour la production de viande de ch\u00e8vre. Ils vendent \u00e9galement d&rsquo;autres produits jama\u00efcains \u00e0 leur stand de ferme.<\/p>\n<p>\u00ab Nous sommes ravis d&rsquo;avoir un conseil d&rsquo;administration complet, en particulier les nouveaux membres qui apportent des exp\u00e9riences et des perspectives uniques \u00e0 notre organisation \u00bb, a d\u00e9clar\u00e9 Suzanne Fournier, directrice ex\u00e9cutive de l\u2019UNF-NB. L\u2019UNF-NB lancera bient\u00f4t une nouvelle carte des march\u00e9s fermiers du Nouveau-Brunswick et une s\u00e9rie d&rsquo;\u00e9v\u00e9nements PANDC afin de cr\u00e9er des occasions de r\u00e9seautage et de formation.<\/p>\n<p>&nbsp;<\/p>\n<p>L\u2019Union nationale des fermiers au Nouveau-Brunswick est l&rsquo;une des deux organisations agricoles g\u00e9n\u00e9rales accr\u00e9dit\u00e9es dans la province. Notre organisation repr\u00e9sente et d\u00e9fend les exploitations agricoles de toutes tailles et de tous types de produits. En tant qu&rsquo;organisation d\u00e9mocratique dirig\u00e9e par ses membres, nous faisons la promotion de politiques mises de l&rsquo;avant par nos membres qui s&rsquo;opposent au contr\u00f4le de l&rsquo;alimentation par les entreprises. Nous nous effor\u00e7ons de cr\u00e9er des espaces permettant aux fermiers de se r\u00e9unir pour apprendre et travailler en r\u00e9seau.<\/p>\n<p>&nbsp;<\/p>\n<p>-30-<\/p>\n<p>&nbsp;<\/p>\n<p>Contacts m\u00e9dias &#8211;<\/p>\n<p>Anglais : Suzanne Fournier &#8211; 506 260 0087<\/p>\n<p>Fran\u00e7ais : Alexis L\u00e9g\u00e8re &#8211; 506 726 6965<\/p>\n<p><a href=\"https:\/\/www.nfunb.org\/wp-content\/uploads\/2024\/05\/Communique-de-presse-UNF-NB-Elections.pdf\">Communique\u0301 de presse UNF-NB E\u0301lections<\/a><\/p>\n","protected":false},"excerpt":{"rendered":"<p>Le 21 mai 2024 \u2013 L\u2019Union nationale des fermiers au Nouveau-Brunswick (UNF-NB) est heureuse d&rsquo;annoncer la nomination d&rsquo;une nouvelle pr\u00e9sidente, d&rsquo;une nouvelle pr\u00e9sidente pour les femmes, d&rsquo;un nouveau pr\u00e9sident pour [&hellip;]<\/p>\n","protected":false},"author":2,"featured_media":13077,"comment_status":"closed","ping_status":"closed","sticky":false,"template":"","format":"standard","meta":{"footnotes":""},"categories":[135,18],"tags":[],"class_list":["post-13363","post","type-post","status-publish","format-standard","has-post-thumbnail","hentry","category-communiques-de-presse","category-nouvelles"],"yoast_head":"<!-- This site is optimized with the Yoast SEO plugin v26.7 - https:\/\/yoast.com\/wordpress\/plugins\/seo\/ -->\n<title>Communiqu\u00e9 de presse UNF-NB \u00c9lections - National Farmers Union in New Brunswick<\/title>\n<meta name=\"robots\" content=\"index, follow, max-snippet:-1, max-image-preview:large, max-video-preview:-1\" \/>\n<link rel=\"canonical\" href=\"https:\/\/www.nfunb.org\/fr\/communique-de-presse-unf-nb-elections\/\" \/>\n<meta property=\"og:locale\" content=\"fr_FR\" \/>\n<meta property=\"og:type\" content=\"article\" \/>\n<meta property=\"og:title\" content=\"Communiqu\u00e9 de presse UNF-NB \u00c9lections - National Farmers Union in New Brunswick\" \/>\n<meta property=\"og:description\" content=\"Le 21 mai 2024 \u2013 L\u2019Union nationale des fermiers au Nouveau-Brunswick (UNF-NB) est heureuse d&rsquo;annoncer la nomination d&rsquo;une nouvelle pr\u00e9sidente, d&rsquo;une nouvelle pr\u00e9sidente pour les femmes, d&rsquo;un nouveau pr\u00e9sident pour [&hellip;]\" \/>\n<meta property=\"og:url\" content=\"https:\/\/www.nfunb.org\/fr\/communique-de-presse-unf-nb-elections\/\" \/>\n<meta property=\"og:site_name\" content=\"National Farmers Union in New Brunswick\" \/>\n<meta property=\"article:publisher\" content=\"https:\/\/www.facebook.com\/NFUinNB\" \/>\n<meta property=\"article:published_time\" content=\"2024-05-21T05:00:58+00:00\" \/>\n<meta property=\"article:modified_time\" content=\"2024-05-21T11:29:49+00:00\" \/>\n<meta property=\"og:image\" content=\"https:\/\/www.nfunb.org\/wp-content\/uploads\/2022\/12\/data-brainanta.jpg\" \/>\n\t<meta property=\"og:image:width\" content=\"750\" \/>\n\t<meta property=\"og:image:height\" content=\"1000\" \/>\n\t<meta property=\"og:image:type\" content=\"image\/jpeg\" \/>\n<meta name=\"author\" content=\"Suzanne Fournier\" \/>\n<meta name=\"twitter:card\" content=\"summary_large_image\" \/>\n<meta name=\"twitter:label1\" content=\"\u00c9crit par\" \/>\n\t<meta name=\"twitter:data1\" content=\"Suzanne Fournier\" \/>\n\t<meta name=\"twitter:label2\" content=\"Dur\u00e9e de lecture estim\u00e9e\" \/>\n\t<meta name=\"twitter:data2\" content=\"3 minutes\" \/>\n<script type=\"application\/ld+json\" class=\"yoast-schema-graph\">{\"@context\":\"https:\/\/schema.org\",\"@graph\":[{\"@type\":\"Article\",\"@id\":\"https:\/\/www.nfunb.org\/fr\/communique-de-presse-unf-nb-elections\/#article\",\"isPartOf\":{\"@id\":\"https:\/\/www.nfunb.org\/fr\/communique-de-presse-unf-nb-elections\/\"},\"author\":{\"name\":\"Suzanne Fournier\",\"@id\":\"https:\/\/www.nfunb.org\/fr\/#\/schema\/person\/05e03cb5fa6d3d0db5488a40638b04c9\"},\"headline\":\"Communiqu\u00e9 de presse UNF-NB \u00c9lections\",\"datePublished\":\"2024-05-21T05:00:58+00:00\",\"dateModified\":\"2024-05-21T11:29:49+00:00\",\"mainEntityOfPage\":{\"@id\":\"https:\/\/www.nfunb.org\/fr\/communique-de-presse-unf-nb-elections\/\"},\"wordCount\":728,\"publisher\":{\"@id\":\"https:\/\/www.nfunb.org\/fr\/#organization\"},\"image\":{\"@id\":\"https:\/\/www.nfunb.org\/fr\/communique-de-presse-unf-nb-elections\/#primaryimage\"},\"thumbnailUrl\":\"https:\/\/www.nfunb.org\/wp-content\/uploads\/2022\/12\/data-brainanta.jpg\",\"articleSection\":[\"Communiqu\u00e9s de presse\",\"Nouvelles\"],\"inLanguage\":\"fr-FR\"},{\"@type\":\"WebPage\",\"@id\":\"https:\/\/www.nfunb.org\/fr\/communique-de-presse-unf-nb-elections\/\",\"url\":\"https:\/\/www.nfunb.org\/fr\/communique-de-presse-unf-nb-elections\/\",\"name\":\"Communiqu\u00e9 de presse UNF-NB \u00c9lections - National Farmers Union in New Brunswick\",\"isPartOf\":{\"@id\":\"https:\/\/www.nfunb.org\/fr\/#website\"},\"primaryImageOfPage\":{\"@id\":\"https:\/\/www.nfunb.org\/fr\/communique-de-presse-unf-nb-elections\/#primaryimage\"},\"image\":{\"@id\":\"https:\/\/www.nfunb.org\/fr\/communique-de-presse-unf-nb-elections\/#primaryimage\"},\"thumbnailUrl\":\"https:\/\/www.nfunb.org\/wp-content\/uploads\/2022\/12\/data-brainanta.jpg\",\"datePublished\":\"2024-05-21T05:00:58+00:00\",\"dateModified\":\"2024-05-21T11:29:49+00:00\",\"breadcrumb\":{\"@id\":\"https:\/\/www.nfunb.org\/fr\/communique-de-presse-unf-nb-elections\/#breadcrumb\"},\"inLanguage\":\"fr-FR\",\"potentialAction\":[{\"@type\":\"ReadAction\",\"target\":[\"https:\/\/www.nfunb.org\/fr\/communique-de-presse-unf-nb-elections\/\"]}]},{\"@type\":\"ImageObject\",\"inLanguage\":\"fr-FR\",\"@id\":\"https:\/\/www.nfunb.org\/fr\/communique-de-presse-unf-nb-elections\/#primaryimage\",\"url\":\"https:\/\/www.nfunb.org\/wp-content\/uploads\/2022\/12\/data-brainanta.jpg\",\"contentUrl\":\"https:\/\/www.nfunb.org\/wp-content\/uploads\/2022\/12\/data-brainanta.jpg\",\"width\":750,\"height\":1000},{\"@type\":\"BreadcrumbList\",\"@id\":\"https:\/\/www.nfunb.org\/fr\/communique-de-presse-unf-nb-elections\/#breadcrumb\",\"itemListElement\":[{\"@type\":\"ListItem\",\"position\":1,\"name\":\"Home\",\"item\":\"https:\/\/www.nfunb.org\/fr\/home\/\"},{\"@type\":\"ListItem\",\"position\":2,\"name\":\"Communiqu\u00e9 de presse UNF-NB \u00c9lections\"}]},{\"@type\":\"WebSite\",\"@id\":\"https:\/\/www.nfunb.org\/fr\/#website\",\"url\":\"https:\/\/www.nfunb.org\/fr\/\",\"name\":\"National Farmers Union in New Brunswick\",\"description\":\"Strong Communities. Sound Policies. Sustainable Farms\",\"publisher\":{\"@id\":\"https:\/\/www.nfunb.org\/fr\/#organization\"},\"potentialAction\":[{\"@type\":\"SearchAction\",\"target\":{\"@type\":\"EntryPoint\",\"urlTemplate\":\"https:\/\/www.nfunb.org\/fr\/?s={search_term_string}\"},\"query-input\":{\"@type\":\"PropertyValueSpecification\",\"valueRequired\":true,\"valueName\":\"search_term_string\"}}],\"inLanguage\":\"fr-FR\"},{\"@type\":\"Organization\",\"@id\":\"https:\/\/www.nfunb.org\/fr\/#organization\",\"name\":\"National Farmers Union in New Brunswick\",\"url\":\"https:\/\/www.nfunb.org\/fr\/\",\"logo\":{\"@type\":\"ImageObject\",\"inLanguage\":\"fr-FR\",\"@id\":\"https:\/\/www.nfunb.org\/fr\/#\/schema\/logo\/image\/\",\"url\":\"https:\/\/www.nfunb.org\/wp-content\/uploads\/2022\/01\/NFU_logo_CircleNB.png\",\"contentUrl\":\"https:\/\/www.nfunb.org\/wp-content\/uploads\/2022\/01\/NFU_logo_CircleNB.png\",\"width\":480,\"height\":480,\"caption\":\"National Farmers Union in New Brunswick\"},\"image\":{\"@id\":\"https:\/\/www.nfunb.org\/fr\/#\/schema\/logo\/image\/\"},\"sameAs\":[\"https:\/\/www.facebook.com\/NFUinNB\",\"https:\/\/www.instagram.com\/nfu.unf.nb\/\"]},{\"@type\":\"Person\",\"@id\":\"https:\/\/www.nfunb.org\/fr\/#\/schema\/person\/05e03cb5fa6d3d0db5488a40638b04c9\",\"name\":\"Suzanne Fournier\",\"image\":{\"@type\":\"ImageObject\",\"inLanguage\":\"fr-FR\",\"@id\":\"https:\/\/www.nfunb.org\/fr\/#\/schema\/person\/image\/\",\"url\":\"https:\/\/secure.gravatar.com\/avatar\/21c1c8d1fc1b5c206791507e7ccb18a5c1b10ba6b794161ca5020d7d0d7ec6d2?s=96&d=mm&r=g\",\"contentUrl\":\"https:\/\/secure.gravatar.com\/avatar\/21c1c8d1fc1b5c206791507e7ccb18a5c1b10ba6b794161ca5020d7d0d7ec6d2?s=96&d=mm&r=g\",\"caption\":\"Suzanne Fournier\"},\"url\":\"https:\/\/www.nfunb.org\/fr\/author\/suzanne\/\"}]}<\/script>\n<!-- \/ Yoast SEO plugin. -->","yoast_head_json":{"title":"Communiqu\u00e9 de presse UNF-NB \u00c9lections - National Farmers Union in New Brunswick","robots":{"index":"index","follow":"follow","max-snippet":"max-snippet:-1","max-image-preview":"max-image-preview:large","max-video-preview":"max-video-preview:-1"},"canonical":"https:\/\/www.nfunb.org\/fr\/communique-de-presse-unf-nb-elections\/","og_locale":"fr_FR","og_type":"article","og_title":"Communiqu\u00e9 de presse UNF-NB \u00c9lections - National Farmers Union in New Brunswick","og_description":"Le 21 mai 2024 \u2013 L\u2019Union nationale des fermiers au Nouveau-Brunswick (UNF-NB) est heureuse d&rsquo;annoncer la nomination d&rsquo;une nouvelle pr\u00e9sidente, d&rsquo;une nouvelle pr\u00e9sidente pour les femmes, d&rsquo;un nouveau pr\u00e9sident pour [&hellip;]","og_url":"https:\/\/www.nfunb.org\/fr\/communique-de-presse-unf-nb-elections\/","og_site_name":"National Farmers Union in New Brunswick","article_publisher":"https:\/\/www.facebook.com\/NFUinNB","article_published_time":"2024-05-21T05:00:58+00:00","article_modified_time":"2024-05-21T11:29:49+00:00","og_image":[{"width":750,"height":1000,"url":"https:\/\/www.nfunb.org\/wp-content\/uploads\/2022\/12\/data-brainanta.jpg","type":"image\/jpeg"}],"author":"Suzanne Fournier","twitter_card":"summary_large_image","twitter_misc":{"\u00c9crit par":"Suzanne Fournier","Dur\u00e9e de lecture estim\u00e9e":"3 minutes"},"schema":{"@context":"https:\/\/schema.org","@graph":[{"@type":"Article","@id":"https:\/\/www.nfunb.org\/fr\/communique-de-presse-unf-nb-elections\/#article","isPartOf":{"@id":"https:\/\/www.nfunb.org\/fr\/communique-de-presse-unf-nb-elections\/"},"author":{"name":"Suzanne Fournier","@id":"https:\/\/www.nfunb.org\/fr\/#\/schema\/person\/05e03cb5fa6d3d0db5488a40638b04c9"},"headline":"Communiqu\u00e9 de presse UNF-NB \u00c9lections","datePublished":"2024-05-21T05:00:58+00:00","dateModified":"2024-05-21T11:29:49+00:00","mainEntityOfPage":{"@id":"https:\/\/www.nfunb.org\/fr\/communique-de-presse-unf-nb-elections\/"},"wordCount":728,"publisher":{"@id":"https:\/\/www.nfunb.org\/fr\/#organization"},"image":{"@id":"https:\/\/www.nfunb.org\/fr\/communique-de-presse-unf-nb-elections\/#primaryimage"},"thumbnailUrl":"https:\/\/www.nfunb.org\/wp-content\/uploads\/2022\/12\/data-brainanta.jpg","articleSection":["Communiqu\u00e9s de presse","Nouvelles"],"inLanguage":"fr-FR"},{"@type":"WebPage","@id":"https:\/\/www.nfunb.org\/fr\/communique-de-presse-unf-nb-elections\/","url":"https:\/\/www.nfunb.org\/fr\/communique-de-presse-unf-nb-elections\/","name":"Communiqu\u00e9 de presse UNF-NB \u00c9lections - National Farmers Union in New Brunswick","isPartOf":{"@id":"https:\/\/www.nfunb.org\/fr\/#website"},"primaryImageOfPage":{"@id":"https:\/\/www.nfunb.org\/fr\/communique-de-presse-unf-nb-elections\/#primaryimage"},"image":{"@id":"https:\/\/www.nfunb.org\/fr\/communique-de-presse-unf-nb-elections\/#primaryimage"},"thumbnailUrl":"https:\/\/www.nfunb.org\/wp-content\/uploads\/2022\/12\/data-brainanta.jpg","datePublished":"2024-05-21T05:00:58+00:00","dateModified":"2024-05-21T11:29:49+00:00","breadcrumb":{"@id":"https:\/\/www.nfunb.org\/fr\/communique-de-presse-unf-nb-elections\/#breadcrumb"},"inLanguage":"fr-FR","potentialAction":[{"@type":"ReadAction","target":["https:\/\/www.nfunb.org\/fr\/communique-de-presse-unf-nb-elections\/"]}]},{"@type":"ImageObject","inLanguage":"fr-FR","@id":"https:\/\/www.nfunb.org\/fr\/communique-de-presse-unf-nb-elections\/#primaryimage","url":"https:\/\/www.nfunb.org\/wp-content\/uploads\/2022\/12\/data-brainanta.jpg","contentUrl":"https:\/\/www.nfunb.org\/wp-content\/uploads\/2022\/12\/data-brainanta.jpg","width":750,"height":1000},{"@type":"BreadcrumbList","@id":"https:\/\/www.nfunb.org\/fr\/communique-de-presse-unf-nb-elections\/#breadcrumb","itemListElement":[{"@type":"ListItem","position":1,"name":"Home","item":"https:\/\/www.nfunb.org\/fr\/home\/"},{"@type":"ListItem","position":2,"name":"Communiqu\u00e9 de presse UNF-NB \u00c9lections"}]},{"@type":"WebSite","@id":"https:\/\/www.nfunb.org\/fr\/#website","url":"https:\/\/www.nfunb.org\/fr\/","name":"National Farmers Union in New Brunswick","description":"Strong Communities. Sound Policies. Sustainable Farms","publisher":{"@id":"https:\/\/www.nfunb.org\/fr\/#organization"},"potentialAction":[{"@type":"SearchAction","target":{"@type":"EntryPoint","urlTemplate":"https:\/\/www.nfunb.org\/fr\/?s={search_term_string}"},"query-input":{"@type":"PropertyValueSpecification","valueRequired":true,"valueName":"search_term_string"}}],"inLanguage":"fr-FR"},{"@type":"Organization","@id":"https:\/\/www.nfunb.org\/fr\/#organization","name":"National Farmers Union in New Brunswick","url":"https:\/\/www.nfunb.org\/fr\/","logo":{"@type":"ImageObject","inLanguage":"fr-FR","@id":"https:\/\/www.nfunb.org\/fr\/#\/schema\/logo\/image\/","url":"https:\/\/www.nfunb.org\/wp-content\/uploads\/2022\/01\/NFU_logo_CircleNB.png","contentUrl":"https:\/\/www.nfunb.org\/wp-content\/uploads\/2022\/01\/NFU_logo_CircleNB.png","width":480,"height":480,"caption":"National Farmers Union in New Brunswick"},"image":{"@id":"https:\/\/www.nfunb.org\/fr\/#\/schema\/logo\/image\/"},"sameAs":["https:\/\/www.facebook.com\/NFUinNB","https:\/\/www.instagram.com\/nfu.unf.nb\/"]},{"@type":"Person","@id":"https:\/\/www.nfunb.org\/fr\/#\/schema\/person\/05e03cb5fa6d3d0db5488a40638b04c9","name":"Suzanne Fournier","image":{"@type":"ImageObject","inLanguage":"fr-FR","@id":"https:\/\/www.nfunb.org\/fr\/#\/schema\/person\/image\/","url":"https:\/\/secure.gravatar.com\/avatar\/21c1c8d1fc1b5c206791507e7ccb18a5c1b10ba6b794161ca5020d7d0d7ec6d2?s=96&d=mm&r=g","contentUrl":"https:\/\/secure.gravatar.com\/avatar\/21c1c8d1fc1b5c206791507e7ccb18a5c1b10ba6b794161ca5020d7d0d7ec6d2?s=96&d=mm&r=g","caption":"Suzanne Fournier"},"url":"https:\/\/www.nfunb.org\/fr\/author\/suzanne\/"}]}},"_links":{"self":[{"href":"https:\/\/www.nfunb.org\/fr\/wp-json\/wp\/v2\/posts\/13363","targetHints":{"allow":["GET"]}}],"collection":[{"href":"https:\/\/www.nfunb.org\/fr\/wp-json\/wp\/v2\/posts"}],"about":[{"href":"https:\/\/www.nfunb.org\/fr\/wp-json\/wp\/v2\/types\/post"}],"author":[{"embeddable":true,"href":"https:\/\/www.nfunb.org\/fr\/wp-json\/wp\/v2\/users\/2"}],"replies":[{"embeddable":true,"href":"https:\/\/www.nfunb.org\/fr\/wp-json\/wp\/v2\/comments?post=13363"}],"version-history":[{"count":1,"href":"https:\/\/www.nfunb.org\/fr\/wp-json\/wp\/v2\/posts\/13363\/revisions"}],"predecessor-version":[{"id":13366,"href":"https:\/\/www.nfunb.org\/fr\/wp-json\/wp\/v2\/posts\/13363\/revisions\/13366"}],"wp:featuredmedia":[{"embeddable":true,"href":"https:\/\/www.nfunb.org\/fr\/wp-json\/wp\/v2\/media\/13077"}],"wp:attachment":[{"href":"https:\/\/www.nfunb.org\/fr\/wp-json\/wp\/v2\/media?parent=13363"}],"wp:term":[{"taxonomy":"category","embeddable":true,"href":"https:\/\/www.nfunb.org\/fr\/wp-json\/wp\/v2\/categories?post=13363"},{"taxonomy":"post_tag","embeddable":true,"href":"https:\/\/www.nfunb.org\/fr\/wp-json\/wp\/v2\/tags?post=13363"}],"curies":[{"name":"wp","href":"https:\/\/api.w.org\/{rel}","templated":true}]}}