{"id":13766,"date":"2025-07-24T17:04:59","date_gmt":"2025-07-24T21:04:59","guid":{"rendered":"https:\/\/www.nfunb.org\/?p=13766"},"modified":"2025-07-24T17:04:59","modified_gmt":"2025-07-24T21:04:59","slug":"rapport-et-conference-sur-les-marches-fermiers","status":"publish","type":"post","link":"https:\/\/www.nfunb.org\/fr\/rapport-et-conference-sur-les-marches-fermiers\/","title":{"rendered":"Rapport et Conf\u00e9rence sur les March\u00e9s Fermiers"},"content":{"rendered":"<p>En mai, nous avons organis\u00e9 la premi\u00e8re conf\u00e9rence des march\u00e9s fermiers du NB, pour rassembler les gestionnaires, les personnelle, et les b\u00e9n\u00e9voles des march\u00e9s qui n\u2019ont aucune opportunit\u00e9 de rencontr\u00e9 et travailler ensemble. 17 repr\u00e9sentants des 46 march\u00e9s de Nouveau-Brunswick \u00e0 assist\u00e9 avec d\u2019autre organisations alimentaires provinciaux et repr\u00e9sentants gouvernementaux. Les discussions inclus marketing, les opportunit\u00e9s pour financement, et si N.-B. devrait cr\u00e9e une association des march\u00e9s fermiers provinciale.<\/p>\n<p>Le rapport post-conf\u00e9rence est disponible ici.<\/p>\n<p><a href=\"https:\/\/www.nfunb.org\/wp-content\/uploads\/2025\/07\/lUNF-NB-Rapport-final-Marches-Fermiers-Conference-2025.pdf\">l&rsquo;UNF-NB Rapport &#8211; Marche\u0301s Fermiers Confe\u0301rence 2025<\/a><\/p>\n","protected":false},"excerpt":{"rendered":"<p>En mai, nous avons organis\u00e9 la premi\u00e8re conf\u00e9rence des march\u00e9s fermiers du NB, pour rassembler les gestionnaires, les personnelle, et les b\u00e9n\u00e9voles des march\u00e9s qui n\u2019ont aucune opportunit\u00e9 de rencontr\u00e9 [&hellip;]<\/p>\n","protected":false},"author":2,"featured_media":13764,"comment_status":"closed","ping_status":"closed","sticky":false,"template":"","format":"standard","meta":{"footnotes":""},"categories":[18],"tags":[],"class_list":["post-13766","post","type-post","status-publish","format-standard","has-post-thumbnail","hentry","category-nouvelles"],"yoast_head":"<!-- This site is optimized with the Yoast SEO plugin v26.7 - https:\/\/yoast.com\/wordpress\/plugins\/seo\/ -->\n<title>Rapport et Conf\u00e9rence sur les March\u00e9s Fermiers - National Farmers Union in New Brunswick<\/title>\n<meta name=\"robots\" content=\"index, follow, max-snippet:-1, max-image-preview:large, max-video-preview:-1\" \/>\n<link rel=\"canonical\" href=\"https:\/\/www.nfunb.org\/fr\/rapport-et-conference-sur-les-marches-fermiers\/\" \/>\n<meta property=\"og:locale\" content=\"fr_FR\" \/>\n<meta property=\"og:type\" content=\"article\" \/>\n<meta property=\"og:title\" content=\"Rapport et Conf\u00e9rence sur les March\u00e9s Fermiers - National Farmers Union in New Brunswick\" \/>\n<meta property=\"og:description\" content=\"En mai, nous avons organis\u00e9 la premi\u00e8re conf\u00e9rence des march\u00e9s fermiers du NB, pour rassembler les gestionnaires, les personnelle, et les b\u00e9n\u00e9voles des march\u00e9s qui n\u2019ont aucune opportunit\u00e9 de rencontr\u00e9 [&hellip;]\" \/>\n<meta property=\"og:url\" content=\"https:\/\/www.nfunb.org\/fr\/rapport-et-conference-sur-les-marches-fermiers\/\" \/>\n<meta property=\"og:site_name\" content=\"National Farmers Union in New Brunswick\" \/>\n<meta property=\"article:publisher\" content=\"https:\/\/www.facebook.com\/NFUinNB\" \/>\n<meta property=\"article:published_time\" content=\"2025-07-24T21:04:59+00:00\" \/>\n<meta property=\"og:image\" content=\"https:\/\/www.nfunb.org\/wp-content\/uploads\/2025\/07\/IMG_9385-scaled.jpg\" \/>\n\t<meta property=\"og:image:width\" content=\"2560\" \/>\n\t<meta property=\"og:image:height\" content=\"1707\" \/>\n\t<meta property=\"og:image:type\" content=\"image\/jpeg\" \/>\n<meta name=\"author\" content=\"Suzanne Fournier\" \/>\n<meta name=\"twitter:card\" content=\"summary_large_image\" \/>\n<meta name=\"twitter:label1\" content=\"\u00c9crit par\" \/>\n\t<meta name=\"twitter:data1\" content=\"Suzanne Fournier\" \/>\n\t<meta name=\"twitter:label2\" content=\"Dur\u00e9e de lecture estim\u00e9e\" \/>\n\t<meta name=\"twitter:data2\" content=\"1 minute\" \/>\n<script type=\"application\/ld+json\" class=\"yoast-schema-graph\">{\"@context\":\"https:\/\/schema.org\",\"@graph\":[{\"@type\":\"Article\",\"@id\":\"https:\/\/www.nfunb.org\/fr\/rapport-et-conference-sur-les-marches-fermiers\/#article\",\"isPartOf\":{\"@id\":\"https:\/\/www.nfunb.org\/fr\/rapport-et-conference-sur-les-marches-fermiers\/\"},\"author\":{\"name\":\"Suzanne Fournier\",\"@id\":\"https:\/\/www.nfunb.org\/fr\/#\/schema\/person\/05e03cb5fa6d3d0db5488a40638b04c9\"},\"headline\":\"Rapport et Conf\u00e9rence sur les March\u00e9s Fermiers\",\"datePublished\":\"2025-07-24T21:04:59+00:00\",\"mainEntityOfPage\":{\"@id\":\"https:\/\/www.nfunb.org\/fr\/rapport-et-conference-sur-les-marches-fermiers\/\"},\"wordCount\":106,\"publisher\":{\"@id\":\"https:\/\/www.nfunb.org\/fr\/#organization\"},\"image\":{\"@id\":\"https:\/\/www.nfunb.org\/fr\/rapport-et-conference-sur-les-marches-fermiers\/#primaryimage\"},\"thumbnailUrl\":\"https:\/\/www.nfunb.org\/wp-content\/uploads\/2025\/07\/IMG_9385-scaled.jpg\",\"articleSection\":[\"Nouvelles\"],\"inLanguage\":\"fr-FR\"},{\"@type\":\"WebPage\",\"@id\":\"https:\/\/www.nfunb.org\/fr\/rapport-et-conference-sur-les-marches-fermiers\/\",\"url\":\"https:\/\/www.nfunb.org\/fr\/rapport-et-conference-sur-les-marches-fermiers\/\",\"name\":\"Rapport et Conf\u00e9rence sur les March\u00e9s Fermiers - National Farmers Union in New Brunswick\",\"isPartOf\":{\"@id\":\"https:\/\/www.nfunb.org\/fr\/#website\"},\"primaryImageOfPage\":{\"@id\":\"https:\/\/www.nfunb.org\/fr\/rapport-et-conference-sur-les-marches-fermiers\/#primaryimage\"},\"image\":{\"@id\":\"https:\/\/www.nfunb.org\/fr\/rapport-et-conference-sur-les-marches-fermiers\/#primaryimage\"},\"thumbnailUrl\":\"https:\/\/www.nfunb.org\/wp-content\/uploads\/2025\/07\/IMG_9385-scaled.jpg\",\"datePublished\":\"2025-07-24T21:04:59+00:00\",\"breadcrumb\":{\"@id\":\"https:\/\/www.nfunb.org\/fr\/rapport-et-conference-sur-les-marches-fermiers\/#breadcrumb\"},\"inLanguage\":\"fr-FR\",\"potentialAction\":[{\"@type\":\"ReadAction\",\"target\":[\"https:\/\/www.nfunb.org\/fr\/rapport-et-conference-sur-les-marches-fermiers\/\"]}]},{\"@type\":\"ImageObject\",\"inLanguage\":\"fr-FR\",\"@id\":\"https:\/\/www.nfunb.org\/fr\/rapport-et-conference-sur-les-marches-fermiers\/#primaryimage\",\"url\":\"https:\/\/www.nfunb.org\/wp-content\/uploads\/2025\/07\/IMG_9385-scaled.jpg\",\"contentUrl\":\"https:\/\/www.nfunb.org\/wp-content\/uploads\/2025\/07\/IMG_9385-scaled.jpg\",\"width\":2560,\"height\":1707},{\"@type\":\"BreadcrumbList\",\"@id\":\"https:\/\/www.nfunb.org\/fr\/rapport-et-conference-sur-les-marches-fermiers\/#breadcrumb\",\"itemListElement\":[{\"@type\":\"ListItem\",\"position\":1,\"name\":\"Home\",\"item\":\"https:\/\/www.nfunb.org\/fr\/home\/\"},{\"@type\":\"ListItem\",\"position\":2,\"name\":\"Rapport et Conf\u00e9rence sur les March\u00e9s Fermiers\"}]},{\"@type\":\"WebSite\",\"@id\":\"https:\/\/www.nfunb.org\/fr\/#website\",\"url\":\"https:\/\/www.nfunb.org\/fr\/\",\"name\":\"National Farmers Union in New Brunswick\",\"description\":\"Strong Communities. Sound Policies. Sustainable Farms\",\"publisher\":{\"@id\":\"https:\/\/www.nfunb.org\/fr\/#organization\"},\"potentialAction\":[{\"@type\":\"SearchAction\",\"target\":{\"@type\":\"EntryPoint\",\"urlTemplate\":\"https:\/\/www.nfunb.org\/fr\/?s={search_term_string}\"},\"query-input\":{\"@type\":\"PropertyValueSpecification\",\"valueRequired\":true,\"valueName\":\"search_term_string\"}}],\"inLanguage\":\"fr-FR\"},{\"@type\":\"Organization\",\"@id\":\"https:\/\/www.nfunb.org\/fr\/#organization\",\"name\":\"National Farmers Union in New Brunswick\",\"url\":\"https:\/\/www.nfunb.org\/fr\/\",\"logo\":{\"@type\":\"ImageObject\",\"inLanguage\":\"fr-FR\",\"@id\":\"https:\/\/www.nfunb.org\/fr\/#\/schema\/logo\/image\/\",\"url\":\"https:\/\/www.nfunb.org\/wp-content\/uploads\/2022\/01\/NFU_logo_CircleNB.png\",\"contentUrl\":\"https:\/\/www.nfunb.org\/wp-content\/uploads\/2022\/01\/NFU_logo_CircleNB.png\",\"width\":480,\"height\":480,\"caption\":\"National Farmers Union in New Brunswick\"},\"image\":{\"@id\":\"https:\/\/www.nfunb.org\/fr\/#\/schema\/logo\/image\/\"},\"sameAs\":[\"https:\/\/www.facebook.com\/NFUinNB\",\"https:\/\/www.instagram.com\/nfu.unf.nb\/\"]},{\"@type\":\"Person\",\"@id\":\"https:\/\/www.nfunb.org\/fr\/#\/schema\/person\/05e03cb5fa6d3d0db5488a40638b04c9\",\"name\":\"Suzanne Fournier\",\"image\":{\"@type\":\"ImageObject\",\"inLanguage\":\"fr-FR\",\"@id\":\"https:\/\/www.nfunb.org\/fr\/#\/schema\/person\/image\/\",\"url\":\"https:\/\/secure.gravatar.com\/avatar\/21c1c8d1fc1b5c206791507e7ccb18a5c1b10ba6b794161ca5020d7d0d7ec6d2?s=96&d=mm&r=g\",\"contentUrl\":\"https:\/\/secure.gravatar.com\/avatar\/21c1c8d1fc1b5c206791507e7ccb18a5c1b10ba6b794161ca5020d7d0d7ec6d2?s=96&d=mm&r=g\",\"caption\":\"Suzanne Fournier\"},\"url\":\"https:\/\/www.nfunb.org\/fr\/author\/suzanne\/\"}]}<\/script>\n<!-- \/ Yoast SEO plugin. -->","yoast_head_json":{"title":"Rapport et Conf\u00e9rence sur les March\u00e9s Fermiers - National Farmers Union in New Brunswick","robots":{"index":"index","follow":"follow","max-snippet":"max-snippet:-1","max-image-preview":"max-image-preview:large","max-video-preview":"max-video-preview:-1"},"canonical":"https:\/\/www.nfunb.org\/fr\/rapport-et-conference-sur-les-marches-fermiers\/","og_locale":"fr_FR","og_type":"article","og_title":"Rapport et Conf\u00e9rence sur les March\u00e9s Fermiers - National Farmers Union in New Brunswick","og_description":"En mai, nous avons organis\u00e9 la premi\u00e8re conf\u00e9rence des march\u00e9s fermiers du NB, pour rassembler les gestionnaires, les personnelle, et les b\u00e9n\u00e9voles des march\u00e9s qui n\u2019ont aucune opportunit\u00e9 de rencontr\u00e9 [&hellip;]","og_url":"https:\/\/www.nfunb.org\/fr\/rapport-et-conference-sur-les-marches-fermiers\/","og_site_name":"National Farmers Union in New Brunswick","article_publisher":"https:\/\/www.facebook.com\/NFUinNB","article_published_time":"2025-07-24T21:04:59+00:00","og_image":[{"width":2560,"height":1707,"url":"https:\/\/www.nfunb.org\/wp-content\/uploads\/2025\/07\/IMG_9385-scaled.jpg","type":"image\/jpeg"}],"author":"Suzanne Fournier","twitter_card":"summary_large_image","twitter_misc":{"\u00c9crit par":"Suzanne Fournier","Dur\u00e9e de lecture estim\u00e9e":"1 minute"},"schema":{"@context":"https:\/\/schema.org","@graph":[{"@type":"Article","@id":"https:\/\/www.nfunb.org\/fr\/rapport-et-conference-sur-les-marches-fermiers\/#article","isPartOf":{"@id":"https:\/\/www.nfunb.org\/fr\/rapport-et-conference-sur-les-marches-fermiers\/"},"author":{"name":"Suzanne Fournier","@id":"https:\/\/www.nfunb.org\/fr\/#\/schema\/person\/05e03cb5fa6d3d0db5488a40638b04c9"},"headline":"Rapport et Conf\u00e9rence sur les March\u00e9s Fermiers","datePublished":"2025-07-24T21:04:59+00:00","mainEntityOfPage":{"@id":"https:\/\/www.nfunb.org\/fr\/rapport-et-conference-sur-les-marches-fermiers\/"},"wordCount":106,"publisher":{"@id":"https:\/\/www.nfunb.org\/fr\/#organization"},"image":{"@id":"https:\/\/www.nfunb.org\/fr\/rapport-et-conference-sur-les-marches-fermiers\/#primaryimage"},"thumbnailUrl":"https:\/\/www.nfunb.org\/wp-content\/uploads\/2025\/07\/IMG_9385-scaled.jpg","articleSection":["Nouvelles"],"inLanguage":"fr-FR"},{"@type":"WebPage","@id":"https:\/\/www.nfunb.org\/fr\/rapport-et-conference-sur-les-marches-fermiers\/","url":"https:\/\/www.nfunb.org\/fr\/rapport-et-conference-sur-les-marches-fermiers\/","name":"Rapport et Conf\u00e9rence sur les March\u00e9s Fermiers - National Farmers Union in New Brunswick","isPartOf":{"@id":"https:\/\/www.nfunb.org\/fr\/#website"},"primaryImageOfPage":{"@id":"https:\/\/www.nfunb.org\/fr\/rapport-et-conference-sur-les-marches-fermiers\/#primaryimage"},"image":{"@id":"https:\/\/www.nfunb.org\/fr\/rapport-et-conference-sur-les-marches-fermiers\/#primaryimage"},"thumbnailUrl":"https:\/\/www.nfunb.org\/wp-content\/uploads\/2025\/07\/IMG_9385-scaled.jpg","datePublished":"2025-07-24T21:04:59+00:00","breadcrumb":{"@id":"https:\/\/www.nfunb.org\/fr\/rapport-et-conference-sur-les-marches-fermiers\/#breadcrumb"},"inLanguage":"fr-FR","potentialAction":[{"@type":"ReadAction","target":["https:\/\/www.nfunb.org\/fr\/rapport-et-conference-sur-les-marches-fermiers\/"]}]},{"@type":"ImageObject","inLanguage":"fr-FR","@id":"https:\/\/www.nfunb.org\/fr\/rapport-et-conference-sur-les-marches-fermiers\/#primaryimage","url":"https:\/\/www.nfunb.org\/wp-content\/uploads\/2025\/07\/IMG_9385-scaled.jpg","contentUrl":"https:\/\/www.nfunb.org\/wp-content\/uploads\/2025\/07\/IMG_9385-scaled.jpg","width":2560,"height":1707},{"@type":"BreadcrumbList","@id":"https:\/\/www.nfunb.org\/fr\/rapport-et-conference-sur-les-marches-fermiers\/#breadcrumb","itemListElement":[{"@type":"ListItem","position":1,"name":"Home","item":"https:\/\/www.nfunb.org\/fr\/home\/"},{"@type":"ListItem","position":2,"name":"Rapport et Conf\u00e9rence sur les March\u00e9s Fermiers"}]},{"@type":"WebSite","@id":"https:\/\/www.nfunb.org\/fr\/#website","url":"https:\/\/www.nfunb.org\/fr\/","name":"National Farmers Union in New Brunswick","description":"Strong Communities. Sound Policies. Sustainable Farms","publisher":{"@id":"https:\/\/www.nfunb.org\/fr\/#organization"},"potentialAction":[{"@type":"SearchAction","target":{"@type":"EntryPoint","urlTemplate":"https:\/\/www.nfunb.org\/fr\/?s={search_term_string}"},"query-input":{"@type":"PropertyValueSpecification","valueRequired":true,"valueName":"search_term_string"}}],"inLanguage":"fr-FR"},{"@type":"Organization","@id":"https:\/\/www.nfunb.org\/fr\/#organization","name":"National Farmers Union in New Brunswick","url":"https:\/\/www.nfunb.org\/fr\/","logo":{"@type":"ImageObject","inLanguage":"fr-FR","@id":"https:\/\/www.nfunb.org\/fr\/#\/schema\/logo\/image\/","url":"https:\/\/www.nfunb.org\/wp-content\/uploads\/2022\/01\/NFU_logo_CircleNB.png","contentUrl":"https:\/\/www.nfunb.org\/wp-content\/uploads\/2022\/01\/NFU_logo_CircleNB.png","width":480,"height":480,"caption":"National Farmers Union in New Brunswick"},"image":{"@id":"https:\/\/www.nfunb.org\/fr\/#\/schema\/logo\/image\/"},"sameAs":["https:\/\/www.facebook.com\/NFUinNB","https:\/\/www.instagram.com\/nfu.unf.nb\/"]},{"@type":"Person","@id":"https:\/\/www.nfunb.org\/fr\/#\/schema\/person\/05e03cb5fa6d3d0db5488a40638b04c9","name":"Suzanne Fournier","image":{"@type":"ImageObject","inLanguage":"fr-FR","@id":"https:\/\/www.nfunb.org\/fr\/#\/schema\/person\/image\/","url":"https:\/\/secure.gravatar.com\/avatar\/21c1c8d1fc1b5c206791507e7ccb18a5c1b10ba6b794161ca5020d7d0d7ec6d2?s=96&d=mm&r=g","contentUrl":"https:\/\/secure.gravatar.com\/avatar\/21c1c8d1fc1b5c206791507e7ccb18a5c1b10ba6b794161ca5020d7d0d7ec6d2?s=96&d=mm&r=g","caption":"Suzanne Fournier"},"url":"https:\/\/www.nfunb.org\/fr\/author\/suzanne\/"}]}},"_links":{"self":[{"href":"https:\/\/www.nfunb.org\/fr\/wp-json\/wp\/v2\/posts\/13766","targetHints":{"allow":["GET"]}}],"collection":[{"href":"https:\/\/www.nfunb.org\/fr\/wp-json\/wp\/v2\/posts"}],"about":[{"href":"https:\/\/www.nfunb.org\/fr\/wp-json\/wp\/v2\/types\/post"}],"author":[{"embeddable":true,"href":"https:\/\/www.nfunb.org\/fr\/wp-json\/wp\/v2\/users\/2"}],"replies":[{"embeddable":true,"href":"https:\/\/www.nfunb.org\/fr\/wp-json\/wp\/v2\/comments?post=13766"}],"version-history":[{"count":1,"href":"https:\/\/www.nfunb.org\/fr\/wp-json\/wp\/v2\/posts\/13766\/revisions"}],"predecessor-version":[{"id":13769,"href":"https:\/\/www.nfunb.org\/fr\/wp-json\/wp\/v2\/posts\/13766\/revisions\/13769"}],"wp:featuredmedia":[{"embeddable":true,"href":"https:\/\/www.nfunb.org\/fr\/wp-json\/wp\/v2\/media\/13764"}],"wp:attachment":[{"href":"https:\/\/www.nfunb.org\/fr\/wp-json\/wp\/v2\/media?parent=13766"}],"wp:term":[{"taxonomy":"category","embeddable":true,"href":"https:\/\/www.nfunb.org\/fr\/wp-json\/wp\/v2\/categories?post=13766"},{"taxonomy":"post_tag","embeddable":true,"href":"https:\/\/www.nfunb.org\/fr\/wp-json\/wp\/v2\/tags?post=13766"}],"curies":[{"name":"wp","href":"https:\/\/api.w.org\/{rel}","templated":true}]}}