{"id":1863,"date":"2015-10-16T12:25:07","date_gmt":"2015-10-16T15:25:07","guid":{"rendered":"http:\/\/nfunb.org\/en\/?p=1863"},"modified":"2022-01-24T13:38:31","modified_gmt":"2022-01-24T17:38:31","slug":"world-food-day-2015","status":"publish","type":"post","link":"https:\/\/www.nfunb.org\/fr\/world-food-day-2015\/","title":{"rendered":"World Food Day 2015"},"content":{"rendered":"<h2>Trade deals and Food Sovereignty don\u2019t mix, says NFU<\/h2>\n<p>&nbsp;<\/p>\n<p><strong><img loading=\"lazy\" decoding=\"async\" class=\"alignleft size-full wp-image-12571\" src=\"https:\/\/nfunb.org\/wordpress\/wp-content\/uploads\/2015\/10\/2015-10-16-Peoples-Food-Sov-300x200-1.jpg\" alt=\"\" width=\"300\" height=\"200\" \/>Press Release (Oct. 16, 2015)<\/strong> &#8211;\u00a0On October 16, 1945, the United Nations Food and Agriculture Organization (FAO) was founded in Quebec City. World Food Day commemorates the occasion by celebrating the FAO\u2019s mission to promote international cooperation to combat hunger, rural poverty, disempowerment and public apathy regarding these issues.<\/p>\n<p>\u201cWorld Food Day serves as a reminder of our international commitment to work toward world-wide food security and social justice for food producers,\u201d said Jan Slomp, National Farmers Union (NFU) President. \u201cCanada hosted the first FAO meeting. Today, seventy years later, Canada has taken a great leap backward with the current government\u2019s support for trade deals like CETA and the Trans Pacific Partnership (TPP), international treaties that, if ratified, will do irreparable harm to Canada\u2019s food system and prevent future governments from building a more just and ecologically sound approach to food and agriculture.\u201d<\/p>\n<p>The NFU, as a member of the international movement\u00a0la Via Campesina,\u00a0promotes food sovereignty. It is the right of peoples to healthy and culturally appropriate food produced through ecologically sound and sustainable methods, and their right to define their own food and agriculture systems. Trade deals such as the TPP and the Canada-European Union Comprehensive Economic and Trade Agreement (CETA) would take Canada and our trading partners in the opposite direction.<\/p>\n<p>Both CETA and the TPP undermine Canada\u2019s highly efficient and equitable supply management system for dairy, eggs and poultry by allowing in ever-increasing amounts of imports to displace our farmers and their products. Countries seeking access to our markets subsidize their farmers and\/or force them to take on excessive debt so they can sell far below the cost of production, often off-loading costs by polluting the environment, harming animal welfare, using veterinary drugs not approved in Canada and exploiting vulnerable workers.<\/p>\n<p>\u201cThese trade agreements undermine our grain, beef and pork producers by facilitating concentration in the grains industry and livestock industries, making farmers livelihoods more precarious here in Canada as well as in other countries,\u201d said Terry Boehm, Chair of the NFU Seed and Trade Committee. \u201cProponents of these agreements claim farmers will prosper based on more trade, but the reality is that farm debt is increasing rapidly. With fewer farmers, and less secure farmers \u2013 what kind of food system do you end up with?\u201d<\/p>\n<p>Every trade deal Canada has signed since NAFTA contains an Investor State Dispute Settlement (ISDS) mechanism that makes it possible for corporations to sue national governments if they pass laws or regulations that reduce the company\u2019s future profitability.<\/p>\n<p>\u201cIf ratified, the ISDS clauses in the TPP or CETA would lock in recent laws \u2013 such as the Agriculture Growth Act &#8212; that shift power away from farmers and consumers towards global agribusiness corporations,\u201d said Ann Slater, NFU Vice President of Policy. \u201cAfter ratifying a trade deal with an ISDS, governments that repeal or amend these harmful laws would risk being sued for billions of dollars by corporations in unaccountable trade tribunals \u2013 not in our own court system. By agreeing to ISDS mechanisms, Canada\u2019s trade negotiators consented to letting a few appointed trade lawyers over-ride the democratic will of the Canadian people.\u201d<\/p>\n<p>Food sovereignty is about empowering people \u2013 farmers and eaters \u2013 to make the important decisions about food and agriculture. The TPP, CETA and other such agreements affect trade, but they are fundamentally about shifting economic decision-making power from national governments to multinational corporations by setting out rules that bind future governments.<\/p>\n<p>\u201cOne of the cornerstones of food sovereignty is giving people democratic control when decisions are made regarding food. Negotiating trade deals behind closed doors and not making the text available to either elected representatives or citizens before finalizing the deals is not democratic,\u201d said Slater. \u00ab\u00a0Instead of tying us to trade\u00a0deals like\u00a0CETA and the TPP,\u00a0our government should put in place policies that are in keeping with the ideals of World Food Day and food sovereignty.\u00a0\u00bb<\/p>\n<p><img loading=\"lazy\" decoding=\"async\" class=\"size-full wp-image-12573 alignnone\" src=\"https:\/\/nfunb.org\/wordpress\/wp-content\/uploads\/2015\/10\/Imports-exports-income-debt-293x300-1.jpg\" alt=\"\" width=\"293\" height=\"300\" \/><\/p>\n<p style=\"text-align: center;\">&#8211; 30 &#8211;<\/p>\n<p style=\"text-align: left;\"><strong>For more information:<\/strong><br \/>\nJan Slomp, NFU President: (403) 704-4364 or (250) 898-8223<br \/>\nAnn Slater, NFU Vice President, Policy: (519) 349-2448 or aslater@quadro.net<br \/>\nTerry Boehm, Chair, NFU Seed and Trade Committee: (306) 255-2880 or (306) 255-7638<\/p>\n<p>Leaked January 2015 negotiating text of <a href=\"https:\/\/wikileaks.org\/tpp-investment\/WikiLeaks-TPP-Investment-Chapter.pdf\" target=\"_blank\" rel=\"noopener\">TPP Investment Chapter<\/a><br \/>\nMedia release: <a href=\"http:\/\/www.nfu.ca\/story\/tpp-sets-stage-10-year-phase-out-canadian-dairy-harper-puts-taxpayer-hook-cover-cost-says-nfu\" target=\"_blank\" rel=\"noopener\">TPP sets stage for 10-year phase-out of Canadian dairy, says NFU<\/a><br \/>\nThe National Farmers Union is a founding member of <a href=\"http:\/\/viacampesina.org\/en\/index.php\/organisation-mainmenu-44\/what-is-la-via-campesina-mainmenu-45\" target=\"_blank\" rel=\"noopener\">La Via Campesina<\/a>.<br \/>\nGraph: Farm Income, Debt, Imports and Exports, 1970 &#8211; 2014<\/p>\n","protected":false},"excerpt":{"rendered":"<p>Trade deals and Food Sovereignty don\u2019t mix, says NFU &nbsp; Press Release (Oct. 16, 2015) &#8211;\u00a0On October 16, 1945, the United Nations Food and Agriculture Organization (FAO) was founded in [&hellip;]<\/p>\n","protected":false},"author":1,"featured_media":0,"comment_status":"closed","ping_status":"open","sticky":false,"template":"","format":"standard","meta":{"footnotes":""},"categories":[17,116],"tags":[],"class_list":["post-1863","post","type-post","status-publish","format-standard","hentry","category-news","category-press-release"],"yoast_head":"<!-- This site is optimized with the Yoast SEO plugin v26.7 - https:\/\/yoast.com\/wordpress\/plugins\/seo\/ -->\n<title>World Food Day 2015 - National Farmers Union in New Brunswick<\/title>\n<meta name=\"robots\" content=\"index, follow, max-snippet:-1, max-image-preview:large, max-video-preview:-1\" \/>\n<link rel=\"canonical\" href=\"https:\/\/www.nfunb.org\/fr\/world-food-day-2015\/\" \/>\n<meta property=\"og:locale\" content=\"fr_FR\" \/>\n<meta property=\"og:type\" content=\"article\" \/>\n<meta property=\"og:title\" content=\"World Food Day 2015 - National Farmers Union in New Brunswick\" \/>\n<meta property=\"og:description\" content=\"Trade deals and Food Sovereignty don\u2019t mix, says NFU &nbsp; Press Release (Oct. 16, 2015) &#8211;\u00a0On October 16, 1945, the United Nations Food and Agriculture Organization (FAO) was founded in [&hellip;]\" \/>\n<meta property=\"og:url\" content=\"https:\/\/www.nfunb.org\/fr\/world-food-day-2015\/\" \/>\n<meta property=\"og:site_name\" content=\"National Farmers Union in New Brunswick\" \/>\n<meta property=\"article:publisher\" content=\"https:\/\/www.facebook.com\/NFUinNB\" \/>\n<meta property=\"article:published_time\" content=\"2015-10-16T15:25:07+00:00\" \/>\n<meta property=\"article:modified_time\" content=\"2022-01-24T17:38:31+00:00\" \/>\n<meta property=\"og:image\" content=\"https:\/\/nfunb.org\/wordpress\/wp-content\/uploads\/2015\/10\/2015-10-16-Peoples-Food-Sov-300x200-1.jpg\" \/>\n<meta name=\"author\" content=\"admin\" \/>\n<meta name=\"twitter:card\" content=\"summary_large_image\" \/>\n<meta name=\"twitter:label1\" content=\"\u00c9crit par\" \/>\n\t<meta name=\"twitter:data1\" content=\"admin\" \/>\n\t<meta name=\"twitter:label2\" content=\"Dur\u00e9e de lecture estim\u00e9e\" \/>\n\t<meta name=\"twitter:data2\" content=\"4 minutes\" \/>\n<script type=\"application\/ld+json\" class=\"yoast-schema-graph\">{\"@context\":\"https:\/\/schema.org\",\"@graph\":[{\"@type\":\"Article\",\"@id\":\"https:\/\/www.nfunb.org\/fr\/world-food-day-2015\/#article\",\"isPartOf\":{\"@id\":\"https:\/\/www.nfunb.org\/fr\/world-food-day-2015\/\"},\"author\":{\"name\":\"admin\",\"@id\":\"https:\/\/www.nfunb.org\/fr\/#\/schema\/person\/1350c3bd5aa20e59953cf65dc542243a\"},\"headline\":\"World Food Day 2015\",\"datePublished\":\"2015-10-16T15:25:07+00:00\",\"dateModified\":\"2022-01-24T17:38:31+00:00\",\"mainEntityOfPage\":{\"@id\":\"https:\/\/www.nfunb.org\/fr\/world-food-day-2015\/\"},\"wordCount\":741,\"publisher\":{\"@id\":\"https:\/\/www.nfunb.org\/fr\/#organization\"},\"image\":{\"@id\":\"https:\/\/www.nfunb.org\/fr\/world-food-day-2015\/#primaryimage\"},\"thumbnailUrl\":\"https:\/\/nfunb.org\/wordpress\/wp-content\/uploads\/2015\/10\/2015-10-16-Peoples-Food-Sov-300x200-1.jpg\",\"articleSection\":[\"News\",\"Press release\"],\"inLanguage\":\"fr-FR\"},{\"@type\":\"WebPage\",\"@id\":\"https:\/\/www.nfunb.org\/fr\/world-food-day-2015\/\",\"url\":\"https:\/\/www.nfunb.org\/fr\/world-food-day-2015\/\",\"name\":\"World Food Day 2015 - National Farmers Union in New Brunswick\",\"isPartOf\":{\"@id\":\"https:\/\/www.nfunb.org\/fr\/#website\"},\"primaryImageOfPage\":{\"@id\":\"https:\/\/www.nfunb.org\/fr\/world-food-day-2015\/#primaryimage\"},\"image\":{\"@id\":\"https:\/\/www.nfunb.org\/fr\/world-food-day-2015\/#primaryimage\"},\"thumbnailUrl\":\"https:\/\/nfunb.org\/wordpress\/wp-content\/uploads\/2015\/10\/2015-10-16-Peoples-Food-Sov-300x200-1.jpg\",\"datePublished\":\"2015-10-16T15:25:07+00:00\",\"dateModified\":\"2022-01-24T17:38:31+00:00\",\"breadcrumb\":{\"@id\":\"https:\/\/www.nfunb.org\/fr\/world-food-day-2015\/#breadcrumb\"},\"inLanguage\":\"fr-FR\",\"potentialAction\":[{\"@type\":\"ReadAction\",\"target\":[\"https:\/\/www.nfunb.org\/fr\/world-food-day-2015\/\"]}]},{\"@type\":\"ImageObject\",\"inLanguage\":\"fr-FR\",\"@id\":\"https:\/\/www.nfunb.org\/fr\/world-food-day-2015\/#primaryimage\",\"url\":\"https:\/\/nfunb.org\/wordpress\/wp-content\/uploads\/2015\/10\/2015-10-16-Peoples-Food-Sov-300x200-1.jpg\",\"contentUrl\":\"https:\/\/nfunb.org\/wordpress\/wp-content\/uploads\/2015\/10\/2015-10-16-Peoples-Food-Sov-300x200-1.jpg\"},{\"@type\":\"BreadcrumbList\",\"@id\":\"https:\/\/www.nfunb.org\/fr\/world-food-day-2015\/#breadcrumb\",\"itemListElement\":[{\"@type\":\"ListItem\",\"position\":1,\"name\":\"Home\",\"item\":\"https:\/\/www.nfunb.org\/fr\/home\/\"},{\"@type\":\"ListItem\",\"position\":2,\"name\":\"World Food Day 2015\"}]},{\"@type\":\"WebSite\",\"@id\":\"https:\/\/www.nfunb.org\/fr\/#website\",\"url\":\"https:\/\/www.nfunb.org\/fr\/\",\"name\":\"National Farmers Union in New Brunswick\",\"description\":\"Strong Communities. Sound Policies. Sustainable Farms\",\"publisher\":{\"@id\":\"https:\/\/www.nfunb.org\/fr\/#organization\"},\"potentialAction\":[{\"@type\":\"SearchAction\",\"target\":{\"@type\":\"EntryPoint\",\"urlTemplate\":\"https:\/\/www.nfunb.org\/fr\/?s={search_term_string}\"},\"query-input\":{\"@type\":\"PropertyValueSpecification\",\"valueRequired\":true,\"valueName\":\"search_term_string\"}}],\"inLanguage\":\"fr-FR\"},{\"@type\":\"Organization\",\"@id\":\"https:\/\/www.nfunb.org\/fr\/#organization\",\"name\":\"National Farmers Union in New Brunswick\",\"url\":\"https:\/\/www.nfunb.org\/fr\/\",\"logo\":{\"@type\":\"ImageObject\",\"inLanguage\":\"fr-FR\",\"@id\":\"https:\/\/www.nfunb.org\/fr\/#\/schema\/logo\/image\/\",\"url\":\"https:\/\/www.nfunb.org\/wp-content\/uploads\/2022\/01\/NFU_logo_CircleNB.png\",\"contentUrl\":\"https:\/\/www.nfunb.org\/wp-content\/uploads\/2022\/01\/NFU_logo_CircleNB.png\",\"width\":480,\"height\":480,\"caption\":\"National Farmers Union in New Brunswick\"},\"image\":{\"@id\":\"https:\/\/www.nfunb.org\/fr\/#\/schema\/logo\/image\/\"},\"sameAs\":[\"https:\/\/www.facebook.com\/NFUinNB\",\"https:\/\/www.instagram.com\/nfu.unf.nb\/\"]},{\"@type\":\"Person\",\"@id\":\"https:\/\/www.nfunb.org\/fr\/#\/schema\/person\/1350c3bd5aa20e59953cf65dc542243a\",\"name\":\"admin\",\"image\":{\"@type\":\"ImageObject\",\"inLanguage\":\"fr-FR\",\"@id\":\"https:\/\/www.nfunb.org\/fr\/#\/schema\/person\/image\/\",\"url\":\"https:\/\/secure.gravatar.com\/avatar\/26808d8fbe6a93b27a5be6fcee340112d06dadfad75e4e9c8533678c2951edde?s=96&d=mm&r=g\",\"contentUrl\":\"https:\/\/secure.gravatar.com\/avatar\/26808d8fbe6a93b27a5be6fcee340112d06dadfad75e4e9c8533678c2951edde?s=96&d=mm&r=g\",\"caption\":\"admin\"},\"sameAs\":[\"https:\/\/nfunb.org\/wordpress\/\"],\"url\":\"https:\/\/www.nfunb.org\/fr\/author\/admin\/\"}]}<\/script>\n<!-- \/ Yoast SEO plugin. -->","yoast_head_json":{"title":"World Food Day 2015 - National Farmers Union in New Brunswick","robots":{"index":"index","follow":"follow","max-snippet":"max-snippet:-1","max-image-preview":"max-image-preview:large","max-video-preview":"max-video-preview:-1"},"canonical":"https:\/\/www.nfunb.org\/fr\/world-food-day-2015\/","og_locale":"fr_FR","og_type":"article","og_title":"World Food Day 2015 - National Farmers Union in New Brunswick","og_description":"Trade deals and Food Sovereignty don\u2019t mix, says NFU &nbsp; Press Release (Oct. 16, 2015) &#8211;\u00a0On October 16, 1945, the United Nations Food and Agriculture Organization (FAO) was founded in [&hellip;]","og_url":"https:\/\/www.nfunb.org\/fr\/world-food-day-2015\/","og_site_name":"National Farmers Union in New Brunswick","article_publisher":"https:\/\/www.facebook.com\/NFUinNB","article_published_time":"2015-10-16T15:25:07+00:00","article_modified_time":"2022-01-24T17:38:31+00:00","og_image":[{"url":"https:\/\/nfunb.org\/wordpress\/wp-content\/uploads\/2015\/10\/2015-10-16-Peoples-Food-Sov-300x200-1.jpg","type":"","width":"","height":""}],"author":"admin","twitter_card":"summary_large_image","twitter_misc":{"\u00c9crit par":"admin","Dur\u00e9e de lecture estim\u00e9e":"4 minutes"},"schema":{"@context":"https:\/\/schema.org","@graph":[{"@type":"Article","@id":"https:\/\/www.nfunb.org\/fr\/world-food-day-2015\/#article","isPartOf":{"@id":"https:\/\/www.nfunb.org\/fr\/world-food-day-2015\/"},"author":{"name":"admin","@id":"https:\/\/www.nfunb.org\/fr\/#\/schema\/person\/1350c3bd5aa20e59953cf65dc542243a"},"headline":"World Food Day 2015","datePublished":"2015-10-16T15:25:07+00:00","dateModified":"2022-01-24T17:38:31+00:00","mainEntityOfPage":{"@id":"https:\/\/www.nfunb.org\/fr\/world-food-day-2015\/"},"wordCount":741,"publisher":{"@id":"https:\/\/www.nfunb.org\/fr\/#organization"},"image":{"@id":"https:\/\/www.nfunb.org\/fr\/world-food-day-2015\/#primaryimage"},"thumbnailUrl":"https:\/\/nfunb.org\/wordpress\/wp-content\/uploads\/2015\/10\/2015-10-16-Peoples-Food-Sov-300x200-1.jpg","articleSection":["News","Press release"],"inLanguage":"fr-FR"},{"@type":"WebPage","@id":"https:\/\/www.nfunb.org\/fr\/world-food-day-2015\/","url":"https:\/\/www.nfunb.org\/fr\/world-food-day-2015\/","name":"World Food Day 2015 - National Farmers Union in New Brunswick","isPartOf":{"@id":"https:\/\/www.nfunb.org\/fr\/#website"},"primaryImageOfPage":{"@id":"https:\/\/www.nfunb.org\/fr\/world-food-day-2015\/#primaryimage"},"image":{"@id":"https:\/\/www.nfunb.org\/fr\/world-food-day-2015\/#primaryimage"},"thumbnailUrl":"https:\/\/nfunb.org\/wordpress\/wp-content\/uploads\/2015\/10\/2015-10-16-Peoples-Food-Sov-300x200-1.jpg","datePublished":"2015-10-16T15:25:07+00:00","dateModified":"2022-01-24T17:38:31+00:00","breadcrumb":{"@id":"https:\/\/www.nfunb.org\/fr\/world-food-day-2015\/#breadcrumb"},"inLanguage":"fr-FR","potentialAction":[{"@type":"ReadAction","target":["https:\/\/www.nfunb.org\/fr\/world-food-day-2015\/"]}]},{"@type":"ImageObject","inLanguage":"fr-FR","@id":"https:\/\/www.nfunb.org\/fr\/world-food-day-2015\/#primaryimage","url":"https:\/\/nfunb.org\/wordpress\/wp-content\/uploads\/2015\/10\/2015-10-16-Peoples-Food-Sov-300x200-1.jpg","contentUrl":"https:\/\/nfunb.org\/wordpress\/wp-content\/uploads\/2015\/10\/2015-10-16-Peoples-Food-Sov-300x200-1.jpg"},{"@type":"BreadcrumbList","@id":"https:\/\/www.nfunb.org\/fr\/world-food-day-2015\/#breadcrumb","itemListElement":[{"@type":"ListItem","position":1,"name":"Home","item":"https:\/\/www.nfunb.org\/fr\/home\/"},{"@type":"ListItem","position":2,"name":"World Food Day 2015"}]},{"@type":"WebSite","@id":"https:\/\/www.nfunb.org\/fr\/#website","url":"https:\/\/www.nfunb.org\/fr\/","name":"National Farmers Union in New Brunswick","description":"Strong Communities. Sound Policies. Sustainable Farms","publisher":{"@id":"https:\/\/www.nfunb.org\/fr\/#organization"},"potentialAction":[{"@type":"SearchAction","target":{"@type":"EntryPoint","urlTemplate":"https:\/\/www.nfunb.org\/fr\/?s={search_term_string}"},"query-input":{"@type":"PropertyValueSpecification","valueRequired":true,"valueName":"search_term_string"}}],"inLanguage":"fr-FR"},{"@type":"Organization","@id":"https:\/\/www.nfunb.org\/fr\/#organization","name":"National Farmers Union in New Brunswick","url":"https:\/\/www.nfunb.org\/fr\/","logo":{"@type":"ImageObject","inLanguage":"fr-FR","@id":"https:\/\/www.nfunb.org\/fr\/#\/schema\/logo\/image\/","url":"https:\/\/www.nfunb.org\/wp-content\/uploads\/2022\/01\/NFU_logo_CircleNB.png","contentUrl":"https:\/\/www.nfunb.org\/wp-content\/uploads\/2022\/01\/NFU_logo_CircleNB.png","width":480,"height":480,"caption":"National Farmers Union in New Brunswick"},"image":{"@id":"https:\/\/www.nfunb.org\/fr\/#\/schema\/logo\/image\/"},"sameAs":["https:\/\/www.facebook.com\/NFUinNB","https:\/\/www.instagram.com\/nfu.unf.nb\/"]},{"@type":"Person","@id":"https:\/\/www.nfunb.org\/fr\/#\/schema\/person\/1350c3bd5aa20e59953cf65dc542243a","name":"admin","image":{"@type":"ImageObject","inLanguage":"fr-FR","@id":"https:\/\/www.nfunb.org\/fr\/#\/schema\/person\/image\/","url":"https:\/\/secure.gravatar.com\/avatar\/26808d8fbe6a93b27a5be6fcee340112d06dadfad75e4e9c8533678c2951edde?s=96&d=mm&r=g","contentUrl":"https:\/\/secure.gravatar.com\/avatar\/26808d8fbe6a93b27a5be6fcee340112d06dadfad75e4e9c8533678c2951edde?s=96&d=mm&r=g","caption":"admin"},"sameAs":["https:\/\/nfunb.org\/wordpress\/"],"url":"https:\/\/www.nfunb.org\/fr\/author\/admin\/"}]}},"_links":{"self":[{"href":"https:\/\/www.nfunb.org\/fr\/wp-json\/wp\/v2\/posts\/1863","targetHints":{"allow":["GET"]}}],"collection":[{"href":"https:\/\/www.nfunb.org\/fr\/wp-json\/wp\/v2\/posts"}],"about":[{"href":"https:\/\/www.nfunb.org\/fr\/wp-json\/wp\/v2\/types\/post"}],"author":[{"embeddable":true,"href":"https:\/\/www.nfunb.org\/fr\/wp-json\/wp\/v2\/users\/1"}],"replies":[{"embeddable":true,"href":"https:\/\/www.nfunb.org\/fr\/wp-json\/wp\/v2\/comments?post=1863"}],"version-history":[{"count":2,"href":"https:\/\/www.nfunb.org\/fr\/wp-json\/wp\/v2\/posts\/1863\/revisions"}],"predecessor-version":[{"id":12575,"href":"https:\/\/www.nfunb.org\/fr\/wp-json\/wp\/v2\/posts\/1863\/revisions\/12575"}],"wp:attachment":[{"href":"https:\/\/www.nfunb.org\/fr\/wp-json\/wp\/v2\/media?parent=1863"}],"wp:term":[{"taxonomy":"category","embeddable":true,"href":"https:\/\/www.nfunb.org\/fr\/wp-json\/wp\/v2\/categories?post=1863"},{"taxonomy":"post_tag","embeddable":true,"href":"https:\/\/www.nfunb.org\/fr\/wp-json\/wp\/v2\/tags?post=1863"}],"curies":[{"name":"wp","href":"https:\/\/api.w.org\/{rel}","templated":true}]}}