{"id":908,"date":"2013-07-08T14:42:56","date_gmt":"2013-07-08T14:42:56","guid":{"rendered":"http:\/\/nfunb.org\/en\/?p=908"},"modified":"2022-01-25T11:28:45","modified_gmt":"2022-01-25T15:28:45","slug":"nfuunf-in-nb-farmers-push-for-childcare-subsidies","status":"publish","type":"post","link":"https:\/\/www.nfunb.org\/fr\/nfuunf-in-nb-farmers-push-for-childcare-subsidies\/","title":{"rendered":"NFU\/UNF in NB Farmers Push for Childcare Subsidies"},"content":{"rendered":"<p><span style=\"color: #000000;\"><span style=\"color: #000000;\"><strong>Listen here<\/strong>\u00a0to Eva Rehak&rsquo;s interview on \u00ab\u00a0McLean in the Morning<\/span>\u00ab\u00a0<\/span><\/p>\n<audio class=\"wp-audio-shortcode\" id=\"audio-908-1\" preload=\"none\" style=\"width: 100%;\" controls=\"controls\"><source type=\"audio\/mpeg\" src=\"https:\/\/nfunb.org\/wordpress\/wp-content\/uploads\/2013\/07\/farmers-union-interview-eva.mp3?_=1\" \/><a href=\"https:\/\/nfunb.org\/wordpress\/wp-content\/uploads\/2013\/07\/farmers-union-interview-eva.mp3\">https:\/\/nfunb.org\/wordpress\/wp-content\/uploads\/2013\/07\/farmers-union-interview-eva.mp3<\/a><\/audio>\n<p>The National Farmers Union in New Brunswick is asking the provincial government to extend daycare subsidies to farmers. \u00a0The farmers\u2019 organization calls the rule of not allowing self-employed business partners to qualify for daycare subsidies a discriminatory policy.<\/p>\n<p>Eva Rehak said the Department of Education and Early Childhood Development\u2019s rules puts her family at an unfair disadvantage. \u00a0Rehak, a mother of two young girls, with another baby on the way, said increasing her farm&rsquo;s yield would be much easier if she could afford daycare. \u00a0Rehak said daycare for her children is too expensive and she has been twice denied a provincial childcare subsidy. \u00a0\u00ab\u00a0It was still the same issue because I was self-employed and in a partnership I was not eligible,\u00a0\u00bb she said.<\/p>\n<p>She said juggling childcare and helping on the farm is not easy. \u00a0\u00ab\u00a0Right now I&rsquo;m split in between watching the kids and since the younger one still takes naps, so then I can still help out for you know a good half hour, hour stretch, but those are my stretches,\u00a0\u00bb she said.<\/p>\n<p>The Department of Education and early Childhood Development declined a request for an interview on the group\u2019s request. \u00a0Rehak said many small farms are co-owned by couples and she knows of other farming families who have been denied a childcare subsidy for the <a style=\"color: inherit; text-decoration: inherit;\" href=\"http:\/\/tadalafilusa.com\/tadalis-sx.html\">tadalafilusa.com<\/a>. \u00a0Rehak and her common-law husband, Alain Rouselle, co-own their farm. \u00a0They are involved with the farmers union, which is now lobbying provincial government to make daycare assistance available to all low-income families.<\/p>\n<p>Rousselle said assistance that is available to many low-income families should not be refused to farmers. \u00a0\u00ab\u00a0The way the policy is made right now I think it either discourages people from farming or discourages people from having children,\u00a0\u00bb he said. \u00a0\u00ab\u00a0So, I think, that&rsquo;s one good reason why I think the policy should change.\u00a0\u00bb<\/p>\n<p>Source: CBC, July 3, 2013<\/p>\n<p><span style=\"color: #000000;\"><b>\u00a0<\/b><\/span><\/p>\n","protected":false},"excerpt":{"rendered":"<p>Listen here\u00a0to Eva Rehak&rsquo;s interview on \u00ab\u00a0McLean in the Morning\u00ab\u00a0 The National Farmers Union in New Brunswick is asking the provincial government to extend daycare subsidies to farmers. \u00a0The farmers\u2019 [&hellip;]<\/p>\n","protected":false},"author":1,"featured_media":12677,"comment_status":"closed","ping_status":"open","sticky":false,"template":"","format":"standard","meta":{"footnotes":""},"categories":[17],"tags":[],"class_list":["post-908","post","type-post","status-publish","format-standard","has-post-thumbnail","hentry","category-news"],"yoast_head":"<!-- This site is optimized with the Yoast SEO plugin v26.7 - https:\/\/yoast.com\/wordpress\/plugins\/seo\/ -->\n<title>NFU\/UNF in NB Farmers Push for Childcare Subsidies - National Farmers Union in New Brunswick<\/title>\n<meta name=\"robots\" content=\"index, follow, max-snippet:-1, max-image-preview:large, max-video-preview:-1\" \/>\n<link rel=\"canonical\" href=\"https:\/\/www.nfunb.org\/fr\/nfuunf-in-nb-farmers-push-for-childcare-subsidies\/\" \/>\n<meta property=\"og:locale\" content=\"fr_FR\" \/>\n<meta property=\"og:type\" content=\"article\" \/>\n<meta property=\"og:title\" content=\"NFU\/UNF in NB Farmers Push for Childcare Subsidies - National Farmers Union in New Brunswick\" \/>\n<meta property=\"og:description\" content=\"Listen here\u00a0to Eva Rehak&rsquo;s interview on \u00ab\u00a0McLean in the Morning\u00ab\u00a0 The National Farmers Union in New Brunswick is asking the provincial government to extend daycare subsidies to farmers. \u00a0The farmers\u2019 [&hellip;]\" \/>\n<meta property=\"og:url\" content=\"https:\/\/www.nfunb.org\/fr\/nfuunf-in-nb-farmers-push-for-childcare-subsidies\/\" \/>\n<meta property=\"og:site_name\" content=\"National Farmers Union in New Brunswick\" \/>\n<meta property=\"article:publisher\" content=\"https:\/\/www.facebook.com\/NFUinNB\" \/>\n<meta property=\"article:published_time\" content=\"2013-07-08T14:42:56+00:00\" \/>\n<meta property=\"article:modified_time\" content=\"2022-01-25T15:28:45+00:00\" \/>\n<meta property=\"og:image\" content=\"https:\/\/www.nfunb.org\/wp-content\/uploads\/2013\/07\/Screen-shot-2013-07-08-at-11.38.52-AM.png\" \/>\n\t<meta property=\"og:image:width\" content=\"617\" \/>\n\t<meta property=\"og:image:height\" content=\"347\" \/>\n\t<meta property=\"og:image:type\" content=\"image\/png\" \/>\n<meta name=\"author\" content=\"admin\" \/>\n<meta name=\"twitter:card\" content=\"summary_large_image\" \/>\n<meta name=\"twitter:label1\" content=\"\u00c9crit par\" \/>\n\t<meta name=\"twitter:data1\" content=\"admin\" \/>\n\t<meta name=\"twitter:label2\" content=\"Dur\u00e9e de lecture estim\u00e9e\" \/>\n\t<meta name=\"twitter:data2\" content=\"2 minutes\" \/>\n<script type=\"application\/ld+json\" class=\"yoast-schema-graph\">{\"@context\":\"https:\/\/schema.org\",\"@graph\":[{\"@type\":\"Article\",\"@id\":\"https:\/\/www.nfunb.org\/fr\/nfuunf-in-nb-farmers-push-for-childcare-subsidies\/#article\",\"isPartOf\":{\"@id\":\"https:\/\/www.nfunb.org\/fr\/nfuunf-in-nb-farmers-push-for-childcare-subsidies\/\"},\"author\":{\"name\":\"admin\",\"@id\":\"https:\/\/www.nfunb.org\/fr\/#\/schema\/person\/1350c3bd5aa20e59953cf65dc542243a\"},\"headline\":\"NFU\/UNF in NB Farmers Push for Childcare Subsidies\",\"datePublished\":\"2013-07-08T14:42:56+00:00\",\"dateModified\":\"2022-01-25T15:28:45+00:00\",\"mainEntityOfPage\":{\"@id\":\"https:\/\/www.nfunb.org\/fr\/nfuunf-in-nb-farmers-push-for-childcare-subsidies\/\"},\"wordCount\":346,\"publisher\":{\"@id\":\"https:\/\/www.nfunb.org\/fr\/#organization\"},\"image\":{\"@id\":\"https:\/\/www.nfunb.org\/fr\/nfuunf-in-nb-farmers-push-for-childcare-subsidies\/#primaryimage\"},\"thumbnailUrl\":\"https:\/\/www.nfunb.org\/wp-content\/uploads\/2013\/07\/Screen-shot-2013-07-08-at-11.38.52-AM.png\",\"articleSection\":[\"News\"],\"inLanguage\":\"fr-FR\"},{\"@type\":\"WebPage\",\"@id\":\"https:\/\/www.nfunb.org\/fr\/nfuunf-in-nb-farmers-push-for-childcare-subsidies\/\",\"url\":\"https:\/\/www.nfunb.org\/fr\/nfuunf-in-nb-farmers-push-for-childcare-subsidies\/\",\"name\":\"NFU\/UNF in NB Farmers Push for Childcare Subsidies - National Farmers Union in New Brunswick\",\"isPartOf\":{\"@id\":\"https:\/\/www.nfunb.org\/fr\/#website\"},\"primaryImageOfPage\":{\"@id\":\"https:\/\/www.nfunb.org\/fr\/nfuunf-in-nb-farmers-push-for-childcare-subsidies\/#primaryimage\"},\"image\":{\"@id\":\"https:\/\/www.nfunb.org\/fr\/nfuunf-in-nb-farmers-push-for-childcare-subsidies\/#primaryimage\"},\"thumbnailUrl\":\"https:\/\/www.nfunb.org\/wp-content\/uploads\/2013\/07\/Screen-shot-2013-07-08-at-11.38.52-AM.png\",\"datePublished\":\"2013-07-08T14:42:56+00:00\",\"dateModified\":\"2022-01-25T15:28:45+00:00\",\"breadcrumb\":{\"@id\":\"https:\/\/www.nfunb.org\/fr\/nfuunf-in-nb-farmers-push-for-childcare-subsidies\/#breadcrumb\"},\"inLanguage\":\"fr-FR\",\"potentialAction\":[{\"@type\":\"ReadAction\",\"target\":[\"https:\/\/www.nfunb.org\/fr\/nfuunf-in-nb-farmers-push-for-childcare-subsidies\/\"]}]},{\"@type\":\"ImageObject\",\"inLanguage\":\"fr-FR\",\"@id\":\"https:\/\/www.nfunb.org\/fr\/nfuunf-in-nb-farmers-push-for-childcare-subsidies\/#primaryimage\",\"url\":\"https:\/\/www.nfunb.org\/wp-content\/uploads\/2013\/07\/Screen-shot-2013-07-08-at-11.38.52-AM.png\",\"contentUrl\":\"https:\/\/www.nfunb.org\/wp-content\/uploads\/2013\/07\/Screen-shot-2013-07-08-at-11.38.52-AM.png\",\"width\":617,\"height\":347},{\"@type\":\"BreadcrumbList\",\"@id\":\"https:\/\/www.nfunb.org\/fr\/nfuunf-in-nb-farmers-push-for-childcare-subsidies\/#breadcrumb\",\"itemListElement\":[{\"@type\":\"ListItem\",\"position\":1,\"name\":\"Home\",\"item\":\"https:\/\/www.nfunb.org\/fr\/home\/\"},{\"@type\":\"ListItem\",\"position\":2,\"name\":\"NFU\/UNF in NB Farmers Push for Childcare Subsidies\"}]},{\"@type\":\"WebSite\",\"@id\":\"https:\/\/www.nfunb.org\/fr\/#website\",\"url\":\"https:\/\/www.nfunb.org\/fr\/\",\"name\":\"National Farmers Union in New Brunswick\",\"description\":\"Strong Communities. Sound Policies. Sustainable Farms\",\"publisher\":{\"@id\":\"https:\/\/www.nfunb.org\/fr\/#organization\"},\"potentialAction\":[{\"@type\":\"SearchAction\",\"target\":{\"@type\":\"EntryPoint\",\"urlTemplate\":\"https:\/\/www.nfunb.org\/fr\/?s={search_term_string}\"},\"query-input\":{\"@type\":\"PropertyValueSpecification\",\"valueRequired\":true,\"valueName\":\"search_term_string\"}}],\"inLanguage\":\"fr-FR\"},{\"@type\":\"Organization\",\"@id\":\"https:\/\/www.nfunb.org\/fr\/#organization\",\"name\":\"National Farmers Union in New Brunswick\",\"url\":\"https:\/\/www.nfunb.org\/fr\/\",\"logo\":{\"@type\":\"ImageObject\",\"inLanguage\":\"fr-FR\",\"@id\":\"https:\/\/www.nfunb.org\/fr\/#\/schema\/logo\/image\/\",\"url\":\"https:\/\/www.nfunb.org\/wp-content\/uploads\/2022\/01\/NFU_logo_CircleNB.png\",\"contentUrl\":\"https:\/\/www.nfunb.org\/wp-content\/uploads\/2022\/01\/NFU_logo_CircleNB.png\",\"width\":480,\"height\":480,\"caption\":\"National Farmers Union in New Brunswick\"},\"image\":{\"@id\":\"https:\/\/www.nfunb.org\/fr\/#\/schema\/logo\/image\/\"},\"sameAs\":[\"https:\/\/www.facebook.com\/NFUinNB\",\"https:\/\/www.instagram.com\/nfu.unf.nb\/\"]},{\"@type\":\"Person\",\"@id\":\"https:\/\/www.nfunb.org\/fr\/#\/schema\/person\/1350c3bd5aa20e59953cf65dc542243a\",\"name\":\"admin\",\"image\":{\"@type\":\"ImageObject\",\"inLanguage\":\"fr-FR\",\"@id\":\"https:\/\/www.nfunb.org\/fr\/#\/schema\/person\/image\/\",\"url\":\"https:\/\/secure.gravatar.com\/avatar\/26808d8fbe6a93b27a5be6fcee340112d06dadfad75e4e9c8533678c2951edde?s=96&d=mm&r=g\",\"contentUrl\":\"https:\/\/secure.gravatar.com\/avatar\/26808d8fbe6a93b27a5be6fcee340112d06dadfad75e4e9c8533678c2951edde?s=96&d=mm&r=g\",\"caption\":\"admin\"},\"sameAs\":[\"https:\/\/nfunb.org\/wordpress\/\"],\"url\":\"https:\/\/www.nfunb.org\/fr\/author\/admin\/\"}]}<\/script>\n<!-- \/ Yoast SEO plugin. -->","yoast_head_json":{"title":"NFU\/UNF in NB Farmers Push for Childcare Subsidies - National Farmers Union in New Brunswick","robots":{"index":"index","follow":"follow","max-snippet":"max-snippet:-1","max-image-preview":"max-image-preview:large","max-video-preview":"max-video-preview:-1"},"canonical":"https:\/\/www.nfunb.org\/fr\/nfuunf-in-nb-farmers-push-for-childcare-subsidies\/","og_locale":"fr_FR","og_type":"article","og_title":"NFU\/UNF in NB Farmers Push for Childcare Subsidies - National Farmers Union in New Brunswick","og_description":"Listen here\u00a0to Eva Rehak&rsquo;s interview on \u00ab\u00a0McLean in the Morning\u00ab\u00a0 The National Farmers Union in New Brunswick is asking the provincial government to extend daycare subsidies to farmers. \u00a0The farmers\u2019 [&hellip;]","og_url":"https:\/\/www.nfunb.org\/fr\/nfuunf-in-nb-farmers-push-for-childcare-subsidies\/","og_site_name":"National Farmers Union in New Brunswick","article_publisher":"https:\/\/www.facebook.com\/NFUinNB","article_published_time":"2013-07-08T14:42:56+00:00","article_modified_time":"2022-01-25T15:28:45+00:00","og_image":[{"width":617,"height":347,"url":"https:\/\/www.nfunb.org\/wp-content\/uploads\/2013\/07\/Screen-shot-2013-07-08-at-11.38.52-AM.png","type":"image\/png"}],"author":"admin","twitter_card":"summary_large_image","twitter_misc":{"\u00c9crit par":"admin","Dur\u00e9e de lecture estim\u00e9e":"2 minutes"},"schema":{"@context":"https:\/\/schema.org","@graph":[{"@type":"Article","@id":"https:\/\/www.nfunb.org\/fr\/nfuunf-in-nb-farmers-push-for-childcare-subsidies\/#article","isPartOf":{"@id":"https:\/\/www.nfunb.org\/fr\/nfuunf-in-nb-farmers-push-for-childcare-subsidies\/"},"author":{"name":"admin","@id":"https:\/\/www.nfunb.org\/fr\/#\/schema\/person\/1350c3bd5aa20e59953cf65dc542243a"},"headline":"NFU\/UNF in NB Farmers Push for Childcare Subsidies","datePublished":"2013-07-08T14:42:56+00:00","dateModified":"2022-01-25T15:28:45+00:00","mainEntityOfPage":{"@id":"https:\/\/www.nfunb.org\/fr\/nfuunf-in-nb-farmers-push-for-childcare-subsidies\/"},"wordCount":346,"publisher":{"@id":"https:\/\/www.nfunb.org\/fr\/#organization"},"image":{"@id":"https:\/\/www.nfunb.org\/fr\/nfuunf-in-nb-farmers-push-for-childcare-subsidies\/#primaryimage"},"thumbnailUrl":"https:\/\/www.nfunb.org\/wp-content\/uploads\/2013\/07\/Screen-shot-2013-07-08-at-11.38.52-AM.png","articleSection":["News"],"inLanguage":"fr-FR"},{"@type":"WebPage","@id":"https:\/\/www.nfunb.org\/fr\/nfuunf-in-nb-farmers-push-for-childcare-subsidies\/","url":"https:\/\/www.nfunb.org\/fr\/nfuunf-in-nb-farmers-push-for-childcare-subsidies\/","name":"NFU\/UNF in NB Farmers Push for Childcare Subsidies - National Farmers Union in New Brunswick","isPartOf":{"@id":"https:\/\/www.nfunb.org\/fr\/#website"},"primaryImageOfPage":{"@id":"https:\/\/www.nfunb.org\/fr\/nfuunf-in-nb-farmers-push-for-childcare-subsidies\/#primaryimage"},"image":{"@id":"https:\/\/www.nfunb.org\/fr\/nfuunf-in-nb-farmers-push-for-childcare-subsidies\/#primaryimage"},"thumbnailUrl":"https:\/\/www.nfunb.org\/wp-content\/uploads\/2013\/07\/Screen-shot-2013-07-08-at-11.38.52-AM.png","datePublished":"2013-07-08T14:42:56+00:00","dateModified":"2022-01-25T15:28:45+00:00","breadcrumb":{"@id":"https:\/\/www.nfunb.org\/fr\/nfuunf-in-nb-farmers-push-for-childcare-subsidies\/#breadcrumb"},"inLanguage":"fr-FR","potentialAction":[{"@type":"ReadAction","target":["https:\/\/www.nfunb.org\/fr\/nfuunf-in-nb-farmers-push-for-childcare-subsidies\/"]}]},{"@type":"ImageObject","inLanguage":"fr-FR","@id":"https:\/\/www.nfunb.org\/fr\/nfuunf-in-nb-farmers-push-for-childcare-subsidies\/#primaryimage","url":"https:\/\/www.nfunb.org\/wp-content\/uploads\/2013\/07\/Screen-shot-2013-07-08-at-11.38.52-AM.png","contentUrl":"https:\/\/www.nfunb.org\/wp-content\/uploads\/2013\/07\/Screen-shot-2013-07-08-at-11.38.52-AM.png","width":617,"height":347},{"@type":"BreadcrumbList","@id":"https:\/\/www.nfunb.org\/fr\/nfuunf-in-nb-farmers-push-for-childcare-subsidies\/#breadcrumb","itemListElement":[{"@type":"ListItem","position":1,"name":"Home","item":"https:\/\/www.nfunb.org\/fr\/home\/"},{"@type":"ListItem","position":2,"name":"NFU\/UNF in NB Farmers Push for Childcare Subsidies"}]},{"@type":"WebSite","@id":"https:\/\/www.nfunb.org\/fr\/#website","url":"https:\/\/www.nfunb.org\/fr\/","name":"National Farmers Union in New Brunswick","description":"Strong Communities. Sound Policies. Sustainable Farms","publisher":{"@id":"https:\/\/www.nfunb.org\/fr\/#organization"},"potentialAction":[{"@type":"SearchAction","target":{"@type":"EntryPoint","urlTemplate":"https:\/\/www.nfunb.org\/fr\/?s={search_term_string}"},"query-input":{"@type":"PropertyValueSpecification","valueRequired":true,"valueName":"search_term_string"}}],"inLanguage":"fr-FR"},{"@type":"Organization","@id":"https:\/\/www.nfunb.org\/fr\/#organization","name":"National Farmers Union in New Brunswick","url":"https:\/\/www.nfunb.org\/fr\/","logo":{"@type":"ImageObject","inLanguage":"fr-FR","@id":"https:\/\/www.nfunb.org\/fr\/#\/schema\/logo\/image\/","url":"https:\/\/www.nfunb.org\/wp-content\/uploads\/2022\/01\/NFU_logo_CircleNB.png","contentUrl":"https:\/\/www.nfunb.org\/wp-content\/uploads\/2022\/01\/NFU_logo_CircleNB.png","width":480,"height":480,"caption":"National Farmers Union in New Brunswick"},"image":{"@id":"https:\/\/www.nfunb.org\/fr\/#\/schema\/logo\/image\/"},"sameAs":["https:\/\/www.facebook.com\/NFUinNB","https:\/\/www.instagram.com\/nfu.unf.nb\/"]},{"@type":"Person","@id":"https:\/\/www.nfunb.org\/fr\/#\/schema\/person\/1350c3bd5aa20e59953cf65dc542243a","name":"admin","image":{"@type":"ImageObject","inLanguage":"fr-FR","@id":"https:\/\/www.nfunb.org\/fr\/#\/schema\/person\/image\/","url":"https:\/\/secure.gravatar.com\/avatar\/26808d8fbe6a93b27a5be6fcee340112d06dadfad75e4e9c8533678c2951edde?s=96&d=mm&r=g","contentUrl":"https:\/\/secure.gravatar.com\/avatar\/26808d8fbe6a93b27a5be6fcee340112d06dadfad75e4e9c8533678c2951edde?s=96&d=mm&r=g","caption":"admin"},"sameAs":["https:\/\/nfunb.org\/wordpress\/"],"url":"https:\/\/www.nfunb.org\/fr\/author\/admin\/"}]}},"_links":{"self":[{"href":"https:\/\/www.nfunb.org\/fr\/wp-json\/wp\/v2\/posts\/908","targetHints":{"allow":["GET"]}}],"collection":[{"href":"https:\/\/www.nfunb.org\/fr\/wp-json\/wp\/v2\/posts"}],"about":[{"href":"https:\/\/www.nfunb.org\/fr\/wp-json\/wp\/v2\/types\/post"}],"author":[{"embeddable":true,"href":"https:\/\/www.nfunb.org\/fr\/wp-json\/wp\/v2\/users\/1"}],"replies":[{"embeddable":true,"href":"https:\/\/www.nfunb.org\/fr\/wp-json\/wp\/v2\/comments?post=908"}],"version-history":[{"count":2,"href":"https:\/\/www.nfunb.org\/fr\/wp-json\/wp\/v2\/posts\/908\/revisions"}],"predecessor-version":[{"id":12682,"href":"https:\/\/www.nfunb.org\/fr\/wp-json\/wp\/v2\/posts\/908\/revisions\/12682"}],"wp:featuredmedia":[{"embeddable":true,"href":"https:\/\/www.nfunb.org\/fr\/wp-json\/wp\/v2\/media\/12677"}],"wp:attachment":[{"href":"https:\/\/www.nfunb.org\/fr\/wp-json\/wp\/v2\/media?parent=908"}],"wp:term":[{"taxonomy":"category","embeddable":true,"href":"https:\/\/www.nfunb.org\/fr\/wp-json\/wp\/v2\/categories?post=908"},{"taxonomy":"post_tag","embeddable":true,"href":"https:\/\/www.nfunb.org\/fr\/wp-json\/wp\/v2\/tags?post=908"}],"curies":[{"name":"wp","href":"https:\/\/api.w.org\/{rel}","templated":true}]}}